{"id":9947,"date":"2020-10-05T22:51:27","date_gmt":"2020-10-06T02:51:27","guid":{"rendered":"http:\/\/www.laprovidenciarecoleta.cl\/escuela\/?p=9947"},"modified":"2020-10-05T22:51:27","modified_gmt":"2020-10-06T02:51:27","slug":"profundizamos-en-nuestra-espiritualidad-providencia","status":"publish","type":"post","link":"https:\/\/www.laprovidenciarecoleta.cl\/inicio\/profundizamos-en-nuestra-espiritualidad-providencia\/","title":{"rendered":"Profundizamos en nuestra espiritualidad Providencia"},"content":{"rendered":"<p><img loading=\"lazy\" decoding=\"async\" class=\"aligncenter wp-image-9948 size-large\" src=\"http:\/\/www.laprovidenciarecoleta.cl\/inicio\/wp-content\/uploads\/2020\/10\/Snapshot_13-1024x476.png\" alt=\"\" width=\"1024\" height=\"476\" srcset=\"https:\/\/www.laprovidenciarecoleta.cl\/inicio\/wp-content\/uploads\/2020\/10\/Snapshot_13-1024x476.png 1024w, https:\/\/www.laprovidenciarecoleta.cl\/inicio\/wp-content\/uploads\/2020\/10\/Snapshot_13-300x139.png 300w, https:\/\/www.laprovidenciarecoleta.cl\/inicio\/wp-content\/uploads\/2020\/10\/Snapshot_13.png 1920w\" sizes=\"(max-width: 1024px) 100vw, 1024px\" \/><\/p>\n<p><!--more--><\/p>\n<p>El d\u00eda 23 de septiembre, ha sido para nosotros un d\u00eda muy especial, ya que celebramos y recordamos como familia providencia la pascua de nuestra querida fundadora Madre Emilia Gamelin.\u00a0 Como familia San Jos\u00e9, todos los funcionarios\u00a0 de la escuela , a trav\u00e9s de videoconferencia,\u00a0 participamos en una charla titulada: \u201c<strong>La pandemia, una oportunidad para vivir nuestra espiritualidad providencia\u201d<\/strong><\/p>\n<p>Este encuentro fue guiado por la religiosa Mariana Pe\u00f1a Mendoza, Hermana de la Providencia, quien es psic\u00f3loga de profesi\u00f3n y actualmente trabaja en la di\u00f3cesis de Valpara\u00edso integrando el\u00a0 consejo diocesano para la prevenci\u00f3n y acompa\u00f1amiento de v\u00edctimas de abuso sexual.<\/p>\n<p>La charla trat\u00f3 sobre la vida y obra de madre Emilia Gamelin,\u00a0 profundizando c\u00f3mo ella pudo\u00a0\u00a0 descubrir en su vida, a partir de su experiencia marcada por episodios de\u00a0 dolor ,\u00a0 la forma\u00a0 de sobreponerse, observar\u00a0 las carencias\u00a0\u00a0 y\u00a0 responder en forma efectiva\u00a0 a las problem\u00e1ticas sociales producidas por las pandemias que\u00a0 exist\u00edan\u00a0 en su\u00a0 entorno ,\u00a0 con una actitud compasiva y misericordiosa hacia las personas necesitadas de su \u00e9poca, generando m\u00faltiples\u00a0 acciones\u00a0 que dieron origen a la fundaci\u00f3n de la congregaci\u00f3n\u00a0 religiosa.<\/p>\n<p>Este encuentro nos permiti\u00f3 ahondar en la fuente de la espiritualidad providencia, comprender el carisma y reflexionar en torno a la vida de madre Emilia quien con su ejemplo nos anima a continuar nuestra misi\u00f3n en la sociedad, a estar atentos a las necesidades de quienes nos rodean y as\u00ed descubrir c\u00f3mo podemos ser providencia para otros, viviendo con gratitud su legado.<\/p>\n<p>Agradecemos a hermana Mariana por ayudarnos a profundizar en la vida y obra de Madre Emilia. Estas son instancias que nos ayudan a reflexionar y a comprender los signos de los tiempos en los cuales estamos hoy inmersos y desde all\u00ed, desde nuestra propia realidad poder servir y ayudar a quienes m\u00e1s necesitan en nuestra sociedad.<\/p>\n<p>&nbsp;<\/p>\n","protected":false},"excerpt":{"rendered":"El d\u00eda 23 de septiembre, ha sido para nosotros un d\u00eda muy especial, ya que celebramos y recordamos como familia providencia la pascua de nuestra querida fundadora Madre Emilia Gamelin.\u00a0 Como familia San Jos\u00e9, todos los funcionarios\u00a0 de la escuela , a trav\u00e9s de videoconferencia,\u00a0 participamos en una charla titulada: \u201cLa pandemia, una oportunidad para vivir nuestra espiritualidad providencia\u201d Este&nbsp;<a href=\"https:\/\/www.laprovidenciarecoleta.cl\/inicio\/profundizamos-en-nuestra-espiritualidad-providencia\/\">&hellip;<\/a>","protected":false},"author":6,"featured_media":0,"comment_status":"open","ping_status":"open","sticky":false,"template":"","format":"standard","meta":{"footnotes":""},"categories":[16],"tags":[],"_links":{"self":[{"href":"https:\/\/www.laprovidenciarecoleta.cl\/inicio\/wp-json\/wp\/v2\/posts\/9947"}],"collection":[{"href":"https:\/\/www.laprovidenciarecoleta.cl\/inicio\/wp-json\/wp\/v2\/posts"}],"about":[{"href":"https:\/\/www.laprovidenciarecoleta.cl\/inicio\/wp-json\/wp\/v2\/types\/post"}],"author":[{"embeddable":true,"href":"https:\/\/www.laprovidenciarecoleta.cl\/inicio\/wp-json\/wp\/v2\/users\/6"}],"replies":[{"embeddable":true,"href":"https:\/\/www.laprovidenciarecoleta.cl\/inicio\/wp-json\/wp\/v2\/comments?post=9947"}],"version-history":[{"count":0,"href":"https:\/\/www.laprovidenciarecoleta.cl\/inicio\/wp-json\/wp\/v2\/posts\/9947\/revisions"}],"wp:attachment":[{"href":"https:\/\/www.laprovidenciarecoleta.cl\/inicio\/wp-json\/wp\/v2\/media?parent=9947"}],"wp:term":[{"taxonomy":"category","embeddable":true,"href":"https:\/\/www.laprovidenciarecoleta.cl\/inicio\/wp-json\/wp\/v2\/categories?post=9947"},{"taxonomy":"post_tag","embeddable":true,"href":"https:\/\/www.laprovidenciarecoleta.cl\/inicio\/wp-json\/wp\/v2\/tags?post=9947"}],"curies":[{"name":"wp","href":"https:\/\/api.w.org\/{rel}","templated":true}]}}