{"id":9703,"date":"2020-10-15T23:51:50","date_gmt":"2020-10-16T03:51:50","guid":{"rendered":"http:\/\/www.laprovidenciarecoleta.cl\/escuela\/?p=9703"},"modified":"2020-10-15T23:51:50","modified_gmt":"2020-10-16T03:51:50","slug":"invitamos-a-nuestros-estudiantes-a-participar-experimentando-en-casa","status":"publish","type":"post","link":"https:\/\/www.laprovidenciarecoleta.cl\/inicio\/invitamos-a-nuestros-estudiantes-a-participar-experimentando-en-casa\/","title":{"rendered":"Invitamos a nuestros estudiantes a participar experimentando en casa"},"content":{"rendered":"<p><a href=\"http:\/\/www.laprovidenciarecoleta.cl\/inicio\/wp-content\/uploads\/2020\/09\/portada-feria-cientifica.jpg\"><img loading=\"lazy\" decoding=\"async\" class=\"alignnone wp-image-9704 size-full\" src=\"http:\/\/www.laprovidenciarecoleta.cl\/inicio\/wp-content\/uploads\/2020\/09\/portada-feria-cientifica.jpg\" alt=\"\" width=\"1280\" height=\"720\" srcset=\"https:\/\/www.laprovidenciarecoleta.cl\/inicio\/wp-content\/uploads\/2020\/09\/portada-feria-cientifica.jpg 1280w, https:\/\/www.laprovidenciarecoleta.cl\/inicio\/wp-content\/uploads\/2020\/09\/portada-feria-cientifica-300x169.jpg 300w, https:\/\/www.laprovidenciarecoleta.cl\/inicio\/wp-content\/uploads\/2020\/09\/portada-feria-cientifica-1024x576.jpg 1024w\" sizes=\"(max-width: 1280px) 100vw, 1280px\" \/><\/a><\/p>\n<p>Todos los a\u00f1os en el mes de octubre se realiza la feria cient\u00edfica y este a\u00f1o no ser\u00e1 la excepci\u00f3n. <!--more-->Por motivos de la Pandemia que estamos viviendo, realizaremos la Feria cient\u00edfica <em>virtual<\/em> 2020.<\/p>\n<p>El objetivo es\u00a0 \u00a0Crear un espacio que permita el intercambio, la divulgaci\u00f3n y la comunicaci\u00f3n de experiencias cient\u00edficas, en la que los protagonistas son los alumnos y alumnas, desarrollando el gusto por la ciencia.<\/p>\n<p><em>Requisitos de participaci\u00f3n<\/em>:<\/p>\n<ul>\n<li>\u00a0Se realizar\u00e1 un concurso con participaci\u00f3n voluntaria.<\/li>\n<li>\u00a0Los estudiantes de forma individual y <u>acompa\u00f1ados de un adulto<\/u> deber\u00e1n realizar un experimento sencillo con materiales que tenga en su casa. (La idea es no salir a comprar)<\/li>\n<li>El experimento es de <strong><u>tema libre<\/u>. <\/strong>(Sugerencia, en el texto de Ciencias Naturales aparecen varios experimentos que el estudiante puede realizar)<\/li>\n<li>El estudiante, con ayuda de alg\u00fan adulto, debe grabar un video con los pasos del experimento escogido y mencionar :<\/li>\n<\/ul>\n<p>Nombre y curso del estudiante , nombre del experimento, materiales, procedimiento (experimentaci\u00f3n, observaci\u00f3n, obtenci\u00f3n de resultados), conclusiones.<\/p>\n<p>Debe explicar todo claramente. (Puede ser solo voz y manipulando los materiales, no importa que no se observe\u00a0 su rostro) El video\u00a0 debe durar m\u00e1ximo\u00a0 4 minutos.<\/p>\n<p>Debe incluir el nombre del estudiante y el curso. (Debe mencionarlo al comenzar la grabaci\u00f3n)<\/p>\n<p>El estudiante debe relatar todos los pasos realizados y puede ser ayudado por el adulto que lo acompa\u00f1a.<\/p>\n<ol>\n<li>Si en el video aparece el rostro del estudiante, se solicita al apoderado adjuntar\u00a0 \u00a0una autorizaci\u00f3n simple\u00a0 para que el video sea publicado en la p\u00e1gina\u00a0 y redes sociales de la escuela.<\/li>\n<li>Prohibido uso de fuego y materiales t\u00f3xicos (por la seguridad de los ni\u00f1os y ni\u00f1as)<\/li>\n<\/ol>\n<p style=\"text-align: center;\">Atte.<\/p>\n<p style=\"text-align: center;\"><strong>Departamento de Ciencias <\/strong><\/p>\n","protected":false},"excerpt":{"rendered":"<p>Todos los a\u00f1os en el mes de octubre se realiza la feria cient\u00edfica y este a\u00f1o no ser\u00e1 la excepci\u00f3n.<\/p>\n","protected":false},"author":6,"featured_media":0,"comment_status":"open","ping_status":"open","sticky":false,"template":"","format":"standard","meta":{"footnotes":""},"categories":[16],"tags":[],"_links":{"self":[{"href":"https:\/\/www.laprovidenciarecoleta.cl\/inicio\/wp-json\/wp\/v2\/posts\/9703"}],"collection":[{"href":"https:\/\/www.laprovidenciarecoleta.cl\/inicio\/wp-json\/wp\/v2\/posts"}],"about":[{"href":"https:\/\/www.laprovidenciarecoleta.cl\/inicio\/wp-json\/wp\/v2\/types\/post"}],"author":[{"embeddable":true,"href":"https:\/\/www.laprovidenciarecoleta.cl\/inicio\/wp-json\/wp\/v2\/users\/6"}],"replies":[{"embeddable":true,"href":"https:\/\/www.laprovidenciarecoleta.cl\/inicio\/wp-json\/wp\/v2\/comments?post=9703"}],"version-history":[{"count":0,"href":"https:\/\/www.laprovidenciarecoleta.cl\/inicio\/wp-json\/wp\/v2\/posts\/9703\/revisions"}],"wp:attachment":[{"href":"https:\/\/www.laprovidenciarecoleta.cl\/inicio\/wp-json\/wp\/v2\/media?parent=9703"}],"wp:term":[{"taxonomy":"category","embeddable":true,"href":"https:\/\/www.laprovidenciarecoleta.cl\/inicio\/wp-json\/wp\/v2\/categories?post=9703"},{"taxonomy":"post_tag","embeddable":true,"href":"https:\/\/www.laprovidenciarecoleta.cl\/inicio\/wp-json\/wp\/v2\/tags?post=9703"}],"curies":[{"name":"wp","href":"https:\/\/api.w.org\/{rel}","templated":true}]}}