{"id":16328,"date":"2026-04-27T21:25:15","date_gmt":"2026-04-28T01:25:15","guid":{"rendered":"https:\/\/www.laprovidenciarecoleta.cl\/inicio\/?p=16328"},"modified":"2026-04-27T21:26:24","modified_gmt":"2026-04-28T01:26:24","slug":"inscripcion-para-talleres-informativo-n3","status":"publish","type":"post","link":"https:\/\/www.laprovidenciarecoleta.cl\/inicio\/inscripcion-para-talleres-informativo-n3\/","title":{"rendered":"Inscripci\u00f3n para talleres- informativo n\u00b03"},"content":{"rendered":"<p>Estimada comunidad.<br \/>\nLes saludamos cordialmente.<br \/>\nActualizamos informaci\u00f3n en relaci\u00f3n con nuestros Talleres 2026. Como se\u00f1alamos en el comunicado anterior, hemos sumado nuevos talleres Zumba Kids, Zumba y Cheerleaders, para los que ofrecemos vacantes y la oportunidad, para los estudiantes que deseen duplicar su participaci\u00f3n, solo porque estas vacantes existen, a diferencia de otros talleres.<br \/>\nLlene el formulario abriendo el enlace que aparece en este comunicado. Recuerde que las vacantes son limitadas. Por favor, lea con atenci\u00f3n horarios, d\u00edas, y cursos para los que est\u00e1 destinado cada taller. No se aceptar\u00e1n incorporaciones por otro medio que no sea el formulario y la confirmaci\u00f3n ser\u00e1 a trav\u00e9s de la entrega de la autorizaci\u00f3n f\u00edsica a cada estudiante inscrito, quien deber\u00e1 entregarla al profesor (a) del taller respectivo, el primer d\u00eda de su incorporaci\u00f3n.<br \/>\nAdem\u00e1s, en el formulario aparecen solo los talleres para los que a\u00fan hay vacantes.<br \/>\nLuego de completar el formulario:<br \/>\n\uf0b7 Todos los formularios ir\u00e1n a una selecci\u00f3n aleatoria para completar las vacantes por curso para cada Taller.<br \/>\n\uf0b7 Se enviar\u00e1 al hogar de los estudiantes seleccionados las autorizaciones para ser firmadas por los padres y\/o apoderados, no podr\u00e1n participar de los talleres los estudiantes que no presenten sus autorizaciones.<br \/>\n\uf0b7 El formulario de postulaci\u00f3n estar\u00e1 disponible entre el martes 28 y mi\u00e9rcoles 29 de abril, luego de eso se cerrar\u00e1 el<br \/>\nformulario y se dar\u00e1 t\u00e9rmino al proceso de inscripci\u00f3n de Talleres San Jos\u00e9 2026.<br \/>\n\uf0b7 En cada autorizaci\u00f3n ir\u00e1 se detalla la fecha en que cada estudiante podr\u00e1 incorporarse al Taller elegido.<br \/>\n\uf0b7 Enlace de formulario:\u00a0<a href=\"https:\/\/docs.google.com\/forms\/d\/e\/1FAIpQLSdYVVsuR597-lMDPdGhyDF_6MIfySWYHZFdhjD9A6mz8nM8Qg\/viewform\" target=\"_blank\" rel=\"noopener\">Formulario de inscripci\u00f3n , pinchar aqu\u00ed<\/a><\/p>\n<p>&nbsp;<\/p>\n<p>A continuaci\u00f3n se presentan las opciones de Talleres 2026 que a\u00fan tienen vacantes disponibles.<\/p>\n<p>Zumba Kids :\u00a0 \u00a0 \u00a0 \u00a0Mi\u00e9rcoles 13:50 a 14:30 Paula Patio techado 1\u00b0 a 2\u00b0 b\u00e1sico<br \/>\nZumba :\u00a0 \u00a0 \u00a0 \u00a0 \u00a0 \u00a0 \u00a0 \u00a0 Mi\u00e9rcoles 15:30 a 16:30 Paula Patio techado 3\u00b0 a 8\u00b0 b\u00e1sico<br \/>\nCheerleaders 1:\u00a0 \u00a0 Lunes 15:30 a 16:30 Daniela Patio techado 4\u00b0 a 6\u00b0 b\u00e1sico<br \/>\nCheerleaders 2 :\u00a0 \u00a0Lunes 16:30 a 17:30 Daniela Patio techado 7\u00b0 a 8\u00b0 b\u00e1sico<\/p>\n<p>Un saludo y abrazo fraterno para todos.<\/p>\n","protected":false},"excerpt":{"rendered":"<p>Estimada comunidad. Les saludamos cordialmente. Actualizamos informaci\u00f3n en relaci\u00f3n con nuestros Talleres 2026. Como se\u00f1alamos en el comunicado anterior, hemos sumado nuevos talleres Zumba Kids, Zumba y Cheerleaders, para los que ofrecemos vacantes y la oportunidad, para los estudiantes que deseen duplicar su participaci\u00f3n, solo porque estas vacantes existen, a diferencia de otros talleres. Llene el formulario abriendo el enlace&nbsp;<a href=\"https:\/\/www.laprovidenciarecoleta.cl\/inicio\/inscripcion-para-talleres-informativo-n3\/\">&hellip;<\/a><\/p>\n","protected":false},"author":6,"featured_media":4450,"comment_status":"closed","ping_status":"closed","sticky":false,"template":"","format":"standard","meta":{"footnotes":""},"categories":[113],"tags":[],"_links":{"self":[{"href":"https:\/\/www.laprovidenciarecoleta.cl\/inicio\/wp-json\/wp\/v2\/posts\/16328"}],"collection":[{"href":"https:\/\/www.laprovidenciarecoleta.cl\/inicio\/wp-json\/wp\/v2\/posts"}],"about":[{"href":"https:\/\/www.laprovidenciarecoleta.cl\/inicio\/wp-json\/wp\/v2\/types\/post"}],"author":[{"embeddable":true,"href":"https:\/\/www.laprovidenciarecoleta.cl\/inicio\/wp-json\/wp\/v2\/users\/6"}],"replies":[{"embeddable":true,"href":"https:\/\/www.laprovidenciarecoleta.cl\/inicio\/wp-json\/wp\/v2\/comments?post=16328"}],"version-history":[{"count":1,"href":"https:\/\/www.laprovidenciarecoleta.cl\/inicio\/wp-json\/wp\/v2\/posts\/16328\/revisions"}],"predecessor-version":[{"id":16329,"href":"https:\/\/www.laprovidenciarecoleta.cl\/inicio\/wp-json\/wp\/v2\/posts\/16328\/revisions\/16329"}],"wp:featuredmedia":[{"embeddable":true,"href":"https:\/\/www.laprovidenciarecoleta.cl\/inicio\/wp-json\/wp\/v2\/media\/4450"}],"wp:attachment":[{"href":"https:\/\/www.laprovidenciarecoleta.cl\/inicio\/wp-json\/wp\/v2\/media?parent=16328"}],"wp:term":[{"taxonomy":"category","embeddable":true,"href":"https:\/\/www.laprovidenciarecoleta.cl\/inicio\/wp-json\/wp\/v2\/categories?post=16328"},{"taxonomy":"post_tag","embeddable":true,"href":"https:\/\/www.laprovidenciarecoleta.cl\/inicio\/wp-json\/wp\/v2\/tags?post=16328"}],"curies":[{"name":"wp","href":"https:\/\/api.w.org\/{rel}","templated":true}]}}