{"id":16294,"date":"2026-04-27T13:11:48","date_gmt":"2026-04-27T17:11:48","guid":{"rendered":"https:\/\/www.laprovidenciarecoleta.cl\/inicio\/?p=16294"},"modified":"2026-04-27T13:16:58","modified_gmt":"2026-04-27T17:16:58","slug":"nuestra-comunidad-educativa-vivio-una-inolvidable-semana-de-celebracion-en-torno-a-las-letras-y-la-creatividad","status":"publish","type":"post","link":"https:\/\/www.laprovidenciarecoleta.cl\/inicio\/nuestra-comunidad-educativa-vivio-una-inolvidable-semana-de-celebracion-en-torno-a-las-letras-y-la-creatividad\/","title":{"rendered":"Nuestra comunidad educativa vivi\u00f3 una inolvidable semana de celebraci\u00f3n en torno a las letras y la creatividad"},"content":{"rendered":"<p>Bajo el lema &#8220;<strong>Leamos, imaginemos y compartamos<\/strong>&#8220;, las profesoras del departamento de Lenguaje prepararon una serie de actividades dise\u00f1adas para fomentar el amor por la literatura y la creatividad en nuestros estudiantes, las cuales culminaron con gran \u00e9xito. Del 20 al 24 de abril, nuestra escuela se transform\u00f3 en un escenario vivo de aprendizaje y cultura. Entre las actividades que realizamos con \u00e9xito, destacan:<\/p>\n<p><strong><em><u>Concurso &#8220;Puerta Literaria&#8221;:<\/u><\/em><\/strong> Los cursos desde K\u00ednder a 8vo B\u00e1sico, demostraron su talento decorando sus salas con tem\u00e1ticas de sus lecturas domiciliarias. \u00a0El curso ganador fue sexto B con Cuentos de amor, locura y muerte de Horacio Quiroga.<\/p>\n<p><strong><em><u>Lectura Entre p\u00e1ginas y cojines:<\/u><\/em><\/strong> El lunes 20, nuestros estudiantes disfrutaron de una enriquecedora lectura espont\u00e1nea, compartiendo sus libros preferidos con comodidad. Esta actividad estaba planificada para realizarse en los patios y pasillos, pero desafortunadamente el d\u00eda estuvo nublado y fr\u00edo, por lo que la lectura se realiz\u00f3 en cada sala de clases.<\/p>\n<p><strong><em><u>Sesiones de &#8220;Cuentacuentos&#8221;:<\/u><\/em><\/strong> La bibliotecaria Valeska Souza lider\u00f3 momentos m\u00e1gicos para el primer y segundo ciclo, cada curso tuvo la posibilidad de asistir a la biblioteca y deleitarse escuchando interesantes cuentos.<\/p>\n<p><strong><em><u>Salida al Teatro:<\/u><\/em><\/strong> El mi\u00e9rcoles 22, la comunidad asisti\u00f3 al Teatro Telet\u00f3n para disfrutar con las obras &#8220;El Gato con Botas&#8221; y &#8220;El Principito&#8221;. La actividad se realiz\u00f3 en dos turnos, los profesores asistentes agradecieron al equipo directivo y departamento de Lenguaje la organizaci\u00f3n, la coordinaci\u00f3n de los tiempos y buses, \u201cse evidenci\u00f3 un trabajo articulado y colaborativo de la Comunidad\u201d, tambi\u00e9n \u201clos estudiantes se mostraron felices y tuvieron un excelente comportamiento y actitud\u201d.<\/p>\n<p><strong><em><u>Carnaval Literario<\/u><\/em><\/strong>: El viernes 24 cerramos la semana con un desfile de disfraces en el gimnasio, premiando el compromiso y la participaci\u00f3n de los padres y estudiantes. El punto central de nuestra celebraci\u00f3n fue el <strong>Desfile Literario Familiar<\/strong>, una actividad enmarcada en el D\u00eda del Libro y en nuestro sello de Formaci\u00f3n Ambiental. Organizado por el Centro de Padres y Apoderados (CEPA) y gestionado con las directivas de cada curso, este evento promovi\u00f3 el uso creativo de materiales reciclados. Cada curso fue representado por una familia que dio vida a personajes del libro de lectura mensual, a trav\u00e9s del trabajo colaborativo.<\/p>\n<p>Al finalizar el recorrido, todas las familias participantes pasaron adelante para recibir un diploma de reconocimiento por su dedicaci\u00f3n y creatividad.<\/p>\n<p>El d\u00eda lunes 27 de abril, en el momento de oraci\u00f3n comunitaria se dio a conocer oficialmente los tres cursos ganadores de esta destacada actividad. Felicitamos al S\u00e9ptimo B por obtener el primer lugar, representando a Mocha Dick, la leyenda de la ballena blanca.<\/p>\n<p>Por \u00faltimo, la campa\u00f1a <strong><em><u>&#8220;Recicla tu libro y bota por mi vida&#8221;,<\/u><\/em><\/strong> realizada en colaboraci\u00f3n con el CRA y el equipo de Certificaci\u00f3n Ambiental, logr\u00f3 recolectar una gran cantidad de libros en nuestro punto de reciclaje de la Biblioteca, que ser\u00e1n donados a la fundaci\u00f3n San Jos\u00e9 para la adopci\u00f3n.<\/p>\n<p>Agradecemos profundamente a toda la comunidad por hacer de esta semana de la literatura una experiencia inolvidable.<\/p>\n\n\t\t<style type=\"text\/css\">\n\t\t\t#gallery-1 {\n\t\t\t\tmargin: auto;\n\t\t\t}\n\t\t\t#gallery-1 .gallery-item {\n\t\t\t\tfloat: left;\n\t\t\t\tmargin-top: 10px;\n\t\t\t\ttext-align: center;\n\t\t\t\twidth: 100%;\n\t\t\t}\n\t\t\t#gallery-1 img {\n\t\t\t\tborder: 2px solid #cfcfcf;\n\t\t\t}\n\t\t\t#gallery-1 .gallery-caption {\n\t\t\t\tmargin-left: 0;\n\t\t\t}\n\t\t\t\/* see gallery_shortcode() in wp-includes\/media.php *\/\n\t\t<\/style>\n\t\t<div id='gallery-1' class='gallery galleryid-16294 gallery-columns-1 gallery-size-large'><dl class='gallery-item'>\n\t\t\t<dt class='gallery-icon landscape'>\n\t\t\t\t<a href='https:\/\/www.laprovidenciarecoleta.cl\/inicio\/wp-content\/uploads\/2026\/04\/Semana-del-libro-2026-1.jpeg'><img loading=\"lazy\" decoding=\"async\" width=\"1024\" height=\"1024\" src=\"https:\/\/www.laprovidenciarecoleta.cl\/inicio\/wp-content\/uploads\/2026\/04\/Semana-del-libro-2026-1-1024x1024.jpeg\" class=\"attachment-large size-large\" alt=\"\" srcset=\"https:\/\/www.laprovidenciarecoleta.cl\/inicio\/wp-content\/uploads\/2026\/04\/Semana-del-libro-2026-1.jpeg 1024w, https:\/\/www.laprovidenciarecoleta.cl\/inicio\/wp-content\/uploads\/2026\/04\/Semana-del-libro-2026-1-150x150.jpeg 150w, https:\/\/www.laprovidenciarecoleta.cl\/inicio\/wp-content\/uploads\/2026\/04\/Semana-del-libro-2026-1-300x300.jpeg 300w\" sizes=\"(max-width: 1024px) 100vw, 1024px\" \/><\/a>\n\t\t\t<\/dt><\/dl><br style=\"clear: both\" \/><dl class='gallery-item'>\n\t\t\t<dt class='gallery-icon landscape'>\n\t\t\t\t<a href='https:\/\/www.laprovidenciarecoleta.cl\/inicio\/wp-content\/uploads\/2026\/04\/Semana-del-libro-2026-2.jpeg'><img loading=\"lazy\" decoding=\"async\" width=\"1024\" height=\"768\" src=\"https:\/\/www.laprovidenciarecoleta.cl\/inicio\/wp-content\/uploads\/2026\/04\/Semana-del-libro-2026-2-1024x768.jpeg\" class=\"attachment-large size-large\" alt=\"\" srcset=\"https:\/\/www.laprovidenciarecoleta.cl\/inicio\/wp-content\/uploads\/2026\/04\/Semana-del-libro-2026-2-1024x768.jpeg 1024w, https:\/\/www.laprovidenciarecoleta.cl\/inicio\/wp-content\/uploads\/2026\/04\/Semana-del-libro-2026-2-300x225.jpeg 300w, https:\/\/www.laprovidenciarecoleta.cl\/inicio\/wp-content\/uploads\/2026\/04\/Semana-del-libro-2026-2.jpeg 1600w\" sizes=\"(max-width: 1024px) 100vw, 1024px\" \/><\/a>\n\t\t\t<\/dt><\/dl><br style=\"clear: both\" \/><dl class='gallery-item'>\n\t\t\t<dt class='gallery-icon landscape'>\n\t\t\t\t<a href='https:\/\/www.laprovidenciarecoleta.cl\/inicio\/wp-content\/uploads\/2026\/04\/Semana-del-libro-2026-1-scaled.jpg'><img loading=\"lazy\" decoding=\"async\" width=\"1024\" height=\"478\" src=\"https:\/\/www.laprovidenciarecoleta.cl\/inicio\/wp-content\/uploads\/2026\/04\/Semana-del-libro-2026-1-scaled-1024x478.jpg\" class=\"attachment-large size-large\" alt=\"\" srcset=\"https:\/\/www.laprovidenciarecoleta.cl\/inicio\/wp-content\/uploads\/2026\/04\/Semana-del-libro-2026-1-scaled-1024x478.jpg 1024w, https:\/\/www.laprovidenciarecoleta.cl\/inicio\/wp-content\/uploads\/2026\/04\/Semana-del-libro-2026-1-scaled-300x140.jpg 300w\" sizes=\"(max-width: 1024px) 100vw, 1024px\" \/><\/a>\n\t\t\t<\/dt><\/dl><br style=\"clear: both\" \/><dl class='gallery-item'>\n\t\t\t<dt class='gallery-icon landscape'>\n\t\t\t\t<a href='https:\/\/www.laprovidenciarecoleta.cl\/inicio\/wp-content\/uploads\/2026\/04\/Semana-del-libro-2026-2-scaled.jpg'><img loading=\"lazy\" decoding=\"async\" width=\"1024\" height=\"478\" src=\"https:\/\/www.laprovidenciarecoleta.cl\/inicio\/wp-content\/uploads\/2026\/04\/Semana-del-libro-2026-2-scaled-1024x478.jpg\" class=\"attachment-large size-large\" alt=\"\" srcset=\"https:\/\/www.laprovidenciarecoleta.cl\/inicio\/wp-content\/uploads\/2026\/04\/Semana-del-libro-2026-2-scaled-1024x478.jpg 1024w, https:\/\/www.laprovidenciarecoleta.cl\/inicio\/wp-content\/uploads\/2026\/04\/Semana-del-libro-2026-2-scaled-300x140.jpg 300w\" sizes=\"(max-width: 1024px) 100vw, 1024px\" \/><\/a>\n\t\t\t<\/dt><\/dl><br style=\"clear: both\" \/><dl class='gallery-item'>\n\t\t\t<dt class='gallery-icon landscape'>\n\t\t\t\t<a href='https:\/\/www.laprovidenciarecoleta.cl\/inicio\/wp-content\/uploads\/2026\/04\/Semana-del-libro-2026-3.jpeg'><img loading=\"lazy\" decoding=\"async\" width=\"1024\" height=\"768\" src=\"https:\/\/www.laprovidenciarecoleta.cl\/inicio\/wp-content\/uploads\/2026\/04\/Semana-del-libro-2026-3-1024x768.jpeg\" class=\"attachment-large size-large\" alt=\"\" srcset=\"https:\/\/www.laprovidenciarecoleta.cl\/inicio\/wp-content\/uploads\/2026\/04\/Semana-del-libro-2026-3-1024x768.jpeg 1024w, https:\/\/www.laprovidenciarecoleta.cl\/inicio\/wp-content\/uploads\/2026\/04\/Semana-del-libro-2026-3-300x225.jpeg 300w, https:\/\/www.laprovidenciarecoleta.cl\/inicio\/wp-content\/uploads\/2026\/04\/Semana-del-libro-2026-3.jpeg 1280w\" sizes=\"(max-width: 1024px) 100vw, 1024px\" \/><\/a>\n\t\t\t<\/dt><\/dl><br style=\"clear: both\" \/><dl class='gallery-item'>\n\t\t\t<dt class='gallery-icon portrait'>\n\t\t\t\t<a href='https:\/\/www.laprovidenciarecoleta.cl\/inicio\/wp-content\/uploads\/2026\/04\/Semana-del-libro-2026-3-scaled.jpg'><img loading=\"lazy\" decoding=\"async\" width=\"665\" height=\"1024\" src=\"https:\/\/www.laprovidenciarecoleta.cl\/inicio\/wp-content\/uploads\/2026\/04\/Semana-del-libro-2026-3-scaled-665x1024.jpg\" class=\"attachment-large size-large\" alt=\"\" srcset=\"https:\/\/www.laprovidenciarecoleta.cl\/inicio\/wp-content\/uploads\/2026\/04\/Semana-del-libro-2026-3-scaled-665x1024.jpg 665w, https:\/\/www.laprovidenciarecoleta.cl\/inicio\/wp-content\/uploads\/2026\/04\/Semana-del-libro-2026-3-scaled-195x300.jpg 195w, https:\/\/www.laprovidenciarecoleta.cl\/inicio\/wp-content\/uploads\/2026\/04\/Semana-del-libro-2026-3-scaled.jpg 1663w\" sizes=\"(max-width: 665px) 100vw, 665px\" \/><\/a>\n\t\t\t<\/dt><\/dl><br style=\"clear: both\" \/><dl class='gallery-item'>\n\t\t\t<dt class='gallery-icon portrait'>\n\t\t\t\t<a href='https:\/\/www.laprovidenciarecoleta.cl\/inicio\/wp-content\/uploads\/2026\/04\/Semana-del-libro-2026-4-scaled.jpg'><img loading=\"lazy\" decoding=\"async\" width=\"672\" height=\"1024\" src=\"https:\/\/www.laprovidenciarecoleta.cl\/inicio\/wp-content\/uploads\/2026\/04\/Semana-del-libro-2026-4-scaled-672x1024.jpg\" class=\"attachment-large size-large\" alt=\"\" srcset=\"https:\/\/www.laprovidenciarecoleta.cl\/inicio\/wp-content\/uploads\/2026\/04\/Semana-del-libro-2026-4-scaled-672x1024.jpg 672w, https:\/\/www.laprovidenciarecoleta.cl\/inicio\/wp-content\/uploads\/2026\/04\/Semana-del-libro-2026-4-scaled-197x300.jpg 197w, https:\/\/www.laprovidenciarecoleta.cl\/inicio\/wp-content\/uploads\/2026\/04\/Semana-del-libro-2026-4-scaled.jpg 1680w\" sizes=\"(max-width: 672px) 100vw, 672px\" \/><\/a>\n\t\t\t<\/dt><\/dl><br style=\"clear: both\" \/><dl class='gallery-item'>\n\t\t\t<dt class='gallery-icon portrait'>\n\t\t\t\t<a href='https:\/\/www.laprovidenciarecoleta.cl\/inicio\/wp-content\/uploads\/2026\/04\/Semana-del-libro-2026-5-scaled.jpg'><img loading=\"lazy\" decoding=\"async\" width=\"510\" height=\"1024\" src=\"https:\/\/www.laprovidenciarecoleta.cl\/inicio\/wp-content\/uploads\/2026\/04\/Semana-del-libro-2026-5-scaled-510x1024.jpg\" class=\"attachment-large size-large\" alt=\"\" srcset=\"https:\/\/www.laprovidenciarecoleta.cl\/inicio\/wp-content\/uploads\/2026\/04\/Semana-del-libro-2026-5-scaled-510x1024.jpg 510w, https:\/\/www.laprovidenciarecoleta.cl\/inicio\/wp-content\/uploads\/2026\/04\/Semana-del-libro-2026-5-scaled-150x300.jpg 150w, https:\/\/www.laprovidenciarecoleta.cl\/inicio\/wp-content\/uploads\/2026\/04\/Semana-del-libro-2026-5-scaled.jpg 1276w\" sizes=\"(max-width: 510px) 100vw, 510px\" \/><\/a>\n\t\t\t<\/dt><\/dl><br style=\"clear: both\" \/><dl class='gallery-item'>\n\t\t\t<dt class='gallery-icon landscape'>\n\t\t\t\t<a href='https:\/\/www.laprovidenciarecoleta.cl\/inicio\/wp-content\/uploads\/2026\/04\/Semana-del-libro-2026-6-scaled.jpg'><img loading=\"lazy\" decoding=\"async\" width=\"1024\" height=\"478\" src=\"https:\/\/www.laprovidenciarecoleta.cl\/inicio\/wp-content\/uploads\/2026\/04\/Semana-del-libro-2026-6-scaled-1024x478.jpg\" class=\"attachment-large size-large\" alt=\"\" srcset=\"https:\/\/www.laprovidenciarecoleta.cl\/inicio\/wp-content\/uploads\/2026\/04\/Semana-del-libro-2026-6-scaled-1024x478.jpg 1024w, https:\/\/www.laprovidenciarecoleta.cl\/inicio\/wp-content\/uploads\/2026\/04\/Semana-del-libro-2026-6-scaled-300x140.jpg 300w\" sizes=\"(max-width: 1024px) 100vw, 1024px\" \/><\/a>\n\t\t\t<\/dt><\/dl><br style=\"clear: both\" \/><dl class='gallery-item'>\n\t\t\t<dt class='gallery-icon landscape'>\n\t\t\t\t<a href='https:\/\/www.laprovidenciarecoleta.cl\/inicio\/wp-content\/uploads\/2026\/04\/Semana-del-libro-2026-7-scaled.jpg'><img loading=\"lazy\" decoding=\"async\" width=\"1024\" height=\"478\" src=\"https:\/\/www.laprovidenciarecoleta.cl\/inicio\/wp-content\/uploads\/2026\/04\/Semana-del-libro-2026-7-scaled-1024x478.jpg\" class=\"attachment-large size-large\" alt=\"\" srcset=\"https:\/\/www.laprovidenciarecoleta.cl\/inicio\/wp-content\/uploads\/2026\/04\/Semana-del-libro-2026-7-scaled-1024x478.jpg 1024w, https:\/\/www.laprovidenciarecoleta.cl\/inicio\/wp-content\/uploads\/2026\/04\/Semana-del-libro-2026-7-scaled-300x140.jpg 300w\" sizes=\"(max-width: 1024px) 100vw, 1024px\" \/><\/a>\n\t\t\t<\/dt><\/dl><br style=\"clear: both\" \/><dl class='gallery-item'>\n\t\t\t<dt class='gallery-icon landscape'>\n\t\t\t\t<a href='https:\/\/www.laprovidenciarecoleta.cl\/inicio\/wp-content\/uploads\/2026\/04\/Semana-del-libro-2026-8-scaled.jpg'><img loading=\"lazy\" decoding=\"async\" width=\"1024\" height=\"478\" src=\"https:\/\/www.laprovidenciarecoleta.cl\/inicio\/wp-content\/uploads\/2026\/04\/Semana-del-libro-2026-8-scaled-1024x478.jpg\" class=\"attachment-large size-large\" alt=\"\" srcset=\"https:\/\/www.laprovidenciarecoleta.cl\/inicio\/wp-content\/uploads\/2026\/04\/Semana-del-libro-2026-8-scaled-1024x478.jpg 1024w, https:\/\/www.laprovidenciarecoleta.cl\/inicio\/wp-content\/uploads\/2026\/04\/Semana-del-libro-2026-8-scaled-300x140.jpg 300w\" sizes=\"(max-width: 1024px) 100vw, 1024px\" \/><\/a>\n\t\t\t<\/dt><\/dl><br style=\"clear: both\" \/><dl class='gallery-item'>\n\t\t\t<dt class='gallery-icon landscape'>\n\t\t\t\t<a href='https:\/\/www.laprovidenciarecoleta.cl\/inicio\/wp-content\/uploads\/2026\/04\/Semana-del-libro-2026-9-scaled.jpg'><img loading=\"lazy\" decoding=\"async\" width=\"1024\" height=\"478\" src=\"https:\/\/www.laprovidenciarecoleta.cl\/inicio\/wp-content\/uploads\/2026\/04\/Semana-del-libro-2026-9-scaled-1024x478.jpg\" class=\"attachment-large size-large\" alt=\"\" srcset=\"https:\/\/www.laprovidenciarecoleta.cl\/inicio\/wp-content\/uploads\/2026\/04\/Semana-del-libro-2026-9-scaled-1024x478.jpg 1024w, https:\/\/www.laprovidenciarecoleta.cl\/inicio\/wp-content\/uploads\/2026\/04\/Semana-del-libro-2026-9-scaled-300x140.jpg 300w\" sizes=\"(max-width: 1024px) 100vw, 1024px\" \/><\/a>\n\t\t\t<\/dt><\/dl><br style=\"clear: both\" \/><dl class='gallery-item'>\n\t\t\t<dt class='gallery-icon landscape'>\n\t\t\t\t<a href='https:\/\/www.laprovidenciarecoleta.cl\/inicio\/wp-content\/uploads\/2026\/04\/Semana-del-libro-2026-4.jpeg'><img loading=\"lazy\" decoding=\"async\" width=\"1024\" height=\"461\" src=\"https:\/\/www.laprovidenciarecoleta.cl\/inicio\/wp-content\/uploads\/2026\/04\/Semana-del-libro-2026-4-1024x461.jpeg\" class=\"attachment-large size-large\" alt=\"\" srcset=\"https:\/\/www.laprovidenciarecoleta.cl\/inicio\/wp-content\/uploads\/2026\/04\/Semana-del-libro-2026-4-1024x461.jpeg 1024w, https:\/\/www.laprovidenciarecoleta.cl\/inicio\/wp-content\/uploads\/2026\/04\/Semana-del-libro-2026-4-300x135.jpeg 300w, https:\/\/www.laprovidenciarecoleta.cl\/inicio\/wp-content\/uploads\/2026\/04\/Semana-del-libro-2026-4.jpeg 1600w\" sizes=\"(max-width: 1024px) 100vw, 1024px\" \/><\/a>\n\t\t\t<\/dt><\/dl><br style=\"clear: both\" \/><dl class='gallery-item'>\n\t\t\t<dt class='gallery-icon landscape'>\n\t\t\t\t<a href='https:\/\/www.laprovidenciarecoleta.cl\/inicio\/wp-content\/uploads\/2026\/04\/Semana-del-libro-2026-10-scaled.jpg'><img loading=\"lazy\" decoding=\"async\" width=\"1024\" height=\"478\" src=\"https:\/\/www.laprovidenciarecoleta.cl\/inicio\/wp-content\/uploads\/2026\/04\/Semana-del-libro-2026-10-scaled-1024x478.jpg\" class=\"attachment-large size-large\" alt=\"\" srcset=\"https:\/\/www.laprovidenciarecoleta.cl\/inicio\/wp-content\/uploads\/2026\/04\/Semana-del-libro-2026-10-scaled-1024x478.jpg 1024w, https:\/\/www.laprovidenciarecoleta.cl\/inicio\/wp-content\/uploads\/2026\/04\/Semana-del-libro-2026-10-scaled-300x140.jpg 300w\" sizes=\"(max-width: 1024px) 100vw, 1024px\" \/><\/a>\n\t\t\t<\/dt><\/dl><br style=\"clear: both\" \/><dl class='gallery-item'>\n\t\t\t<dt class='gallery-icon landscape'>\n\t\t\t\t<a href='https:\/\/www.laprovidenciarecoleta.cl\/inicio\/wp-content\/uploads\/2026\/04\/Semana-del-libro-2026-11-scaled.jpg'><img loading=\"lazy\" decoding=\"async\" width=\"1024\" height=\"478\" src=\"https:\/\/www.laprovidenciarecoleta.cl\/inicio\/wp-content\/uploads\/2026\/04\/Semana-del-libro-2026-11-scaled-1024x478.jpg\" class=\"attachment-large size-large\" alt=\"\" srcset=\"https:\/\/www.laprovidenciarecoleta.cl\/inicio\/wp-content\/uploads\/2026\/04\/Semana-del-libro-2026-11-scaled-1024x478.jpg 1024w, https:\/\/www.laprovidenciarecoleta.cl\/inicio\/wp-content\/uploads\/2026\/04\/Semana-del-libro-2026-11-scaled-300x140.jpg 300w\" sizes=\"(max-width: 1024px) 100vw, 1024px\" \/><\/a>\n\t\t\t<\/dt><\/dl><br style=\"clear: both\" \/><dl class='gallery-item'>\n\t\t\t<dt class='gallery-icon landscape'>\n\t\t\t\t<a href='https:\/\/www.laprovidenciarecoleta.cl\/inicio\/wp-content\/uploads\/2026\/04\/Semana-del-libro-2026-12-scaled.jpg'><img loading=\"lazy\" decoding=\"async\" width=\"1024\" height=\"478\" src=\"https:\/\/www.laprovidenciarecoleta.cl\/inicio\/wp-content\/uploads\/2026\/04\/Semana-del-libro-2026-12-scaled-1024x478.jpg\" class=\"attachment-large size-large\" alt=\"\" srcset=\"https:\/\/www.laprovidenciarecoleta.cl\/inicio\/wp-content\/uploads\/2026\/04\/Semana-del-libro-2026-12-scaled-1024x478.jpg 1024w, https:\/\/www.laprovidenciarecoleta.cl\/inicio\/wp-content\/uploads\/2026\/04\/Semana-del-libro-2026-12-scaled-300x140.jpg 300w\" sizes=\"(max-width: 1024px) 100vw, 1024px\" \/><\/a>\n\t\t\t<\/dt><\/dl><br style=\"clear: both\" \/><dl class='gallery-item'>\n\t\t\t<dt class='gallery-icon landscape'>\n\t\t\t\t<a href='https:\/\/www.laprovidenciarecoleta.cl\/inicio\/wp-content\/uploads\/2026\/04\/Semana-del-libro-2026-13-scaled.jpg'><img loading=\"lazy\" decoding=\"async\" width=\"1024\" height=\"478\" src=\"https:\/\/www.laprovidenciarecoleta.cl\/inicio\/wp-content\/uploads\/2026\/04\/Semana-del-libro-2026-13-scaled-1024x478.jpg\" class=\"attachment-large size-large\" alt=\"\" srcset=\"https:\/\/www.laprovidenciarecoleta.cl\/inicio\/wp-content\/uploads\/2026\/04\/Semana-del-libro-2026-13-scaled-1024x478.jpg 1024w, https:\/\/www.laprovidenciarecoleta.cl\/inicio\/wp-content\/uploads\/2026\/04\/Semana-del-libro-2026-13-scaled-300x140.jpg 300w\" sizes=\"(max-width: 1024px) 100vw, 1024px\" \/><\/a>\n\t\t\t<\/dt><\/dl><br style=\"clear: both\" \/><dl class='gallery-item'>\n\t\t\t<dt class='gallery-icon landscape'>\n\t\t\t\t<a href='https:\/\/www.laprovidenciarecoleta.cl\/inicio\/wp-content\/uploads\/2026\/04\/Semana-del-libro-2026-14-scaled.jpg'><img loading=\"lazy\" decoding=\"async\" width=\"1024\" height=\"478\" src=\"https:\/\/www.laprovidenciarecoleta.cl\/inicio\/wp-content\/uploads\/2026\/04\/Semana-del-libro-2026-14-scaled-1024x478.jpg\" class=\"attachment-large size-large\" alt=\"\" srcset=\"https:\/\/www.laprovidenciarecoleta.cl\/inicio\/wp-content\/uploads\/2026\/04\/Semana-del-libro-2026-14-scaled-1024x478.jpg 1024w, https:\/\/www.laprovidenciarecoleta.cl\/inicio\/wp-content\/uploads\/2026\/04\/Semana-del-libro-2026-14-scaled-300x140.jpg 300w\" sizes=\"(max-width: 1024px) 100vw, 1024px\" \/><\/a>\n\t\t\t<\/dt><\/dl><br style=\"clear: both\" \/><dl class='gallery-item'>\n\t\t\t<dt class='gallery-icon landscape'>\n\t\t\t\t<a href='https:\/\/www.laprovidenciarecoleta.cl\/inicio\/wp-content\/uploads\/2026\/04\/Semana-del-libro-2026-15-scaled.jpg'><img loading=\"lazy\" decoding=\"async\" width=\"1024\" height=\"478\" src=\"https:\/\/www.laprovidenciarecoleta.cl\/inicio\/wp-content\/uploads\/2026\/04\/Semana-del-libro-2026-15-scaled-1024x478.jpg\" class=\"attachment-large size-large\" alt=\"\" srcset=\"https:\/\/www.laprovidenciarecoleta.cl\/inicio\/wp-content\/uploads\/2026\/04\/Semana-del-libro-2026-15-scaled-1024x478.jpg 1024w, https:\/\/www.laprovidenciarecoleta.cl\/inicio\/wp-content\/uploads\/2026\/04\/Semana-del-libro-2026-15-scaled-300x140.jpg 300w\" sizes=\"(max-width: 1024px) 100vw, 1024px\" \/><\/a>\n\t\t\t<\/dt><\/dl><br style=\"clear: both\" \/><dl class='gallery-item'>\n\t\t\t<dt class='gallery-icon landscape'>\n\t\t\t\t<a href='https:\/\/www.laprovidenciarecoleta.cl\/inicio\/wp-content\/uploads\/2026\/04\/Semana-del-libro-2026-16-scaled.jpg'><img loading=\"lazy\" decoding=\"async\" width=\"1024\" height=\"478\" src=\"https:\/\/www.laprovidenciarecoleta.cl\/inicio\/wp-content\/uploads\/2026\/04\/Semana-del-libro-2026-16-scaled-1024x478.jpg\" class=\"attachment-large size-large\" alt=\"\" srcset=\"https:\/\/www.laprovidenciarecoleta.cl\/inicio\/wp-content\/uploads\/2026\/04\/Semana-del-libro-2026-16-scaled-1024x478.jpg 1024w, https:\/\/www.laprovidenciarecoleta.cl\/inicio\/wp-content\/uploads\/2026\/04\/Semana-del-libro-2026-16-scaled-300x140.jpg 300w\" sizes=\"(max-width: 1024px) 100vw, 1024px\" \/><\/a>\n\t\t\t<\/dt><\/dl><br style=\"clear: both\" \/><dl class='gallery-item'>\n\t\t\t<dt class='gallery-icon landscape'>\n\t\t\t\t<a href='https:\/\/www.laprovidenciarecoleta.cl\/inicio\/wp-content\/uploads\/2026\/04\/Semana-del-libro-2026-17-scaled.jpg'><img loading=\"lazy\" decoding=\"async\" width=\"1024\" height=\"478\" src=\"https:\/\/www.laprovidenciarecoleta.cl\/inicio\/wp-content\/uploads\/2026\/04\/Semana-del-libro-2026-17-scaled-1024x478.jpg\" class=\"attachment-large size-large\" alt=\"\" srcset=\"https:\/\/www.laprovidenciarecoleta.cl\/inicio\/wp-content\/uploads\/2026\/04\/Semana-del-libro-2026-17-scaled-1024x478.jpg 1024w, https:\/\/www.laprovidenciarecoleta.cl\/inicio\/wp-content\/uploads\/2026\/04\/Semana-del-libro-2026-17-scaled-300x140.jpg 300w\" sizes=\"(max-width: 1024px) 100vw, 1024px\" \/><\/a>\n\t\t\t<\/dt><\/dl><br style=\"clear: both\" \/><dl class='gallery-item'>\n\t\t\t<dt class='gallery-icon landscape'>\n\t\t\t\t<a href='https:\/\/www.laprovidenciarecoleta.cl\/inicio\/wp-content\/uploads\/2026\/04\/Semana-del-libro-2026-18-scaled.jpg'><img loading=\"lazy\" decoding=\"async\" width=\"1024\" height=\"478\" src=\"https:\/\/www.laprovidenciarecoleta.cl\/inicio\/wp-content\/uploads\/2026\/04\/Semana-del-libro-2026-18-scaled-1024x478.jpg\" class=\"attachment-large size-large\" alt=\"\" srcset=\"https:\/\/www.laprovidenciarecoleta.cl\/inicio\/wp-content\/uploads\/2026\/04\/Semana-del-libro-2026-18-scaled-1024x478.jpg 1024w, https:\/\/www.laprovidenciarecoleta.cl\/inicio\/wp-content\/uploads\/2026\/04\/Semana-del-libro-2026-18-scaled-300x140.jpg 300w\" sizes=\"(max-width: 1024px) 100vw, 1024px\" \/><\/a>\n\t\t\t<\/dt><\/dl><br style=\"clear: both\" \/><dl class='gallery-item'>\n\t\t\t<dt class='gallery-icon landscape'>\n\t\t\t\t<a href='https:\/\/www.laprovidenciarecoleta.cl\/inicio\/wp-content\/uploads\/2026\/04\/Semana-del-libro-2026-20-scaled.jpg'><img loading=\"lazy\" decoding=\"async\" width=\"1024\" height=\"478\" src=\"https:\/\/www.laprovidenciarecoleta.cl\/inicio\/wp-content\/uploads\/2026\/04\/Semana-del-libro-2026-20-scaled-1024x478.jpg\" class=\"attachment-large size-large\" alt=\"\" srcset=\"https:\/\/www.laprovidenciarecoleta.cl\/inicio\/wp-content\/uploads\/2026\/04\/Semana-del-libro-2026-20-scaled-1024x478.jpg 1024w, https:\/\/www.laprovidenciarecoleta.cl\/inicio\/wp-content\/uploads\/2026\/04\/Semana-del-libro-2026-20-scaled-300x140.jpg 300w\" sizes=\"(max-width: 1024px) 100vw, 1024px\" \/><\/a>\n\t\t\t<\/dt><\/dl><br style=\"clear: both\" \/><dl class='gallery-item'>\n\t\t\t<dt class='gallery-icon landscape'>\n\t\t\t\t<a href='https:\/\/www.laprovidenciarecoleta.cl\/inicio\/wp-content\/uploads\/2026\/04\/Semana-del-libro-2026-21-scaled.jpg'><img loading=\"lazy\" decoding=\"async\" width=\"1024\" height=\"478\" src=\"https:\/\/www.laprovidenciarecoleta.cl\/inicio\/wp-content\/uploads\/2026\/04\/Semana-del-libro-2026-21-scaled-1024x478.jpg\" class=\"attachment-large size-large\" alt=\"\" srcset=\"https:\/\/www.laprovidenciarecoleta.cl\/inicio\/wp-content\/uploads\/2026\/04\/Semana-del-libro-2026-21-scaled-1024x478.jpg 1024w, https:\/\/www.laprovidenciarecoleta.cl\/inicio\/wp-content\/uploads\/2026\/04\/Semana-del-libro-2026-21-scaled-300x140.jpg 300w\" sizes=\"(max-width: 1024px) 100vw, 1024px\" \/><\/a>\n\t\t\t<\/dt><\/dl><br style=\"clear: both\" \/><dl class='gallery-item'>\n\t\t\t<dt class='gallery-icon landscape'>\n\t\t\t\t<a href='https:\/\/www.laprovidenciarecoleta.cl\/inicio\/wp-content\/uploads\/2026\/04\/Semana-del-libro-2026-22-scaled.jpg'><img loading=\"lazy\" decoding=\"async\" width=\"1024\" height=\"478\" src=\"https:\/\/www.laprovidenciarecoleta.cl\/inicio\/wp-content\/uploads\/2026\/04\/Semana-del-libro-2026-22-scaled-1024x478.jpg\" class=\"attachment-large size-large\" alt=\"\" srcset=\"https:\/\/www.laprovidenciarecoleta.cl\/inicio\/wp-content\/uploads\/2026\/04\/Semana-del-libro-2026-22-scaled-1024x478.jpg 1024w, https:\/\/www.laprovidenciarecoleta.cl\/inicio\/wp-content\/uploads\/2026\/04\/Semana-del-libro-2026-22-scaled-300x140.jpg 300w, https:\/\/www.laprovidenciarecoleta.cl\/inicio\/wp-content\/uploads\/2026\/04\/Semana-del-libro-2026-22-scaled-150x70.jpg 150w\" sizes=\"(max-width: 1024px) 100vw, 1024px\" \/><\/a>\n\t\t\t<\/dt><\/dl><br style=\"clear: both\" \/><dl class='gallery-item'>\n\t\t\t<dt class='gallery-icon landscape'>\n\t\t\t\t<a href='https:\/\/www.laprovidenciarecoleta.cl\/inicio\/wp-content\/uploads\/2026\/04\/Semana-del-libro-2026-5.jpeg'><img loading=\"lazy\" decoding=\"async\" width=\"1024\" height=\"461\" src=\"https:\/\/www.laprovidenciarecoleta.cl\/inicio\/wp-content\/uploads\/2026\/04\/Semana-del-libro-2026-5-1024x461.jpeg\" class=\"attachment-large size-large\" alt=\"\" srcset=\"https:\/\/www.laprovidenciarecoleta.cl\/inicio\/wp-content\/uploads\/2026\/04\/Semana-del-libro-2026-5-1024x461.jpeg 1024w, https:\/\/www.laprovidenciarecoleta.cl\/inicio\/wp-content\/uploads\/2026\/04\/Semana-del-libro-2026-5-300x135.jpeg 300w, https:\/\/www.laprovidenciarecoleta.cl\/inicio\/wp-content\/uploads\/2026\/04\/Semana-del-libro-2026-5.jpeg 1600w\" sizes=\"(max-width: 1024px) 100vw, 1024px\" \/><\/a>\n\t\t\t<\/dt><\/dl><br style=\"clear: both\" \/><dl class='gallery-item'>\n\t\t\t<dt class='gallery-icon landscape'>\n\t\t\t\t<a href='https:\/\/www.laprovidenciarecoleta.cl\/inicio\/wp-content\/uploads\/2026\/04\/Semana-del-libro-2026-6.jpeg'><img loading=\"lazy\" decoding=\"async\" width=\"1024\" height=\"461\" src=\"https:\/\/www.laprovidenciarecoleta.cl\/inicio\/wp-content\/uploads\/2026\/04\/Semana-del-libro-2026-6-1024x461.jpeg\" class=\"attachment-large size-large\" alt=\"\" srcset=\"https:\/\/www.laprovidenciarecoleta.cl\/inicio\/wp-content\/uploads\/2026\/04\/Semana-del-libro-2026-6-1024x461.jpeg 1024w, https:\/\/www.laprovidenciarecoleta.cl\/inicio\/wp-content\/uploads\/2026\/04\/Semana-del-libro-2026-6-300x135.jpeg 300w, https:\/\/www.laprovidenciarecoleta.cl\/inicio\/wp-content\/uploads\/2026\/04\/Semana-del-libro-2026-6.jpeg 1600w\" sizes=\"(max-width: 1024px) 100vw, 1024px\" \/><\/a>\n\t\t\t<\/dt><\/dl><br style=\"clear: both\" \/><dl class='gallery-item'>\n\t\t\t<dt class='gallery-icon landscape'>\n\t\t\t\t<a href='https:\/\/www.laprovidenciarecoleta.cl\/inicio\/wp-content\/uploads\/2026\/04\/Semana-del-libro-2026-7.jpeg'><img loading=\"lazy\" decoding=\"async\" width=\"1024\" height=\"461\" src=\"https:\/\/www.laprovidenciarecoleta.cl\/inicio\/wp-content\/uploads\/2026\/04\/Semana-del-libro-2026-7-1024x461.jpeg\" class=\"attachment-large size-large\" alt=\"\" srcset=\"https:\/\/www.laprovidenciarecoleta.cl\/inicio\/wp-content\/uploads\/2026\/04\/Semana-del-libro-2026-7-1024x461.jpeg 1024w, https:\/\/www.laprovidenciarecoleta.cl\/inicio\/wp-content\/uploads\/2026\/04\/Semana-del-libro-2026-7-300x135.jpeg 300w, https:\/\/www.laprovidenciarecoleta.cl\/inicio\/wp-content\/uploads\/2026\/04\/Semana-del-libro-2026-7.jpeg 1600w\" sizes=\"(max-width: 1024px) 100vw, 1024px\" \/><\/a>\n\t\t\t<\/dt><\/dl><br style=\"clear: both\" \/><dl class='gallery-item'>\n\t\t\t<dt class='gallery-icon landscape'>\n\t\t\t\t<a href='https:\/\/www.laprovidenciarecoleta.cl\/inicio\/wp-content\/uploads\/2026\/04\/Semana-del-libro-2026-8.jpeg'><img loading=\"lazy\" decoding=\"async\" width=\"1024\" height=\"461\" src=\"https:\/\/www.laprovidenciarecoleta.cl\/inicio\/wp-content\/uploads\/2026\/04\/Semana-del-libro-2026-8-1024x461.jpeg\" class=\"attachment-large size-large\" alt=\"\" srcset=\"https:\/\/www.laprovidenciarecoleta.cl\/inicio\/wp-content\/uploads\/2026\/04\/Semana-del-libro-2026-8-1024x461.jpeg 1024w, https:\/\/www.laprovidenciarecoleta.cl\/inicio\/wp-content\/uploads\/2026\/04\/Semana-del-libro-2026-8-300x135.jpeg 300w, https:\/\/www.laprovidenciarecoleta.cl\/inicio\/wp-content\/uploads\/2026\/04\/Semana-del-libro-2026-8.jpeg 1600w\" sizes=\"(max-width: 1024px) 100vw, 1024px\" \/><\/a>\n\t\t\t<\/dt><\/dl><br style=\"clear: both\" \/>\n\t\t<\/div>\n\n<p>&nbsp;<\/p>\n","protected":false},"excerpt":{"rendered":"<p>Bajo el lema &#8220;Leamos, imaginemos y compartamos&#8220;, las profesoras del departamento de Lenguaje prepararon una serie de actividades dise\u00f1adas para fomentar el amor por la literatura y la creatividad en nuestros estudiantes, las cuales culminaron con gran \u00e9xito. Del 20 al 24 de abril, nuestra escuela se transform\u00f3 en un escenario vivo de aprendizaje y cultura. Entre las actividades que&nbsp;<a href=\"https:\/\/www.laprovidenciarecoleta.cl\/inicio\/nuestra-comunidad-educativa-vivio-una-inolvidable-semana-de-celebracion-en-torno-a-las-letras-y-la-creatividad\/\">&hellip;<\/a><\/p>\n","protected":false},"author":6,"featured_media":16321,"comment_status":"closed","ping_status":"closed","sticky":false,"template":"","format":"standard","meta":{"footnotes":""},"categories":[16],"tags":[],"_links":{"self":[{"href":"https:\/\/www.laprovidenciarecoleta.cl\/inicio\/wp-json\/wp\/v2\/posts\/16294"}],"collection":[{"href":"https:\/\/www.laprovidenciarecoleta.cl\/inicio\/wp-json\/wp\/v2\/posts"}],"about":[{"href":"https:\/\/www.laprovidenciarecoleta.cl\/inicio\/wp-json\/wp\/v2\/types\/post"}],"author":[{"embeddable":true,"href":"https:\/\/www.laprovidenciarecoleta.cl\/inicio\/wp-json\/wp\/v2\/users\/6"}],"replies":[{"embeddable":true,"href":"https:\/\/www.laprovidenciarecoleta.cl\/inicio\/wp-json\/wp\/v2\/comments?post=16294"}],"version-history":[{"count":3,"href":"https:\/\/www.laprovidenciarecoleta.cl\/inicio\/wp-json\/wp\/v2\/posts\/16294\/revisions"}],"predecessor-version":[{"id":16327,"href":"https:\/\/www.laprovidenciarecoleta.cl\/inicio\/wp-json\/wp\/v2\/posts\/16294\/revisions\/16327"}],"wp:featuredmedia":[{"embeddable":true,"href":"https:\/\/www.laprovidenciarecoleta.cl\/inicio\/wp-json\/wp\/v2\/media\/16321"}],"wp:attachment":[{"href":"https:\/\/www.laprovidenciarecoleta.cl\/inicio\/wp-json\/wp\/v2\/media?parent=16294"}],"wp:term":[{"taxonomy":"category","embeddable":true,"href":"https:\/\/www.laprovidenciarecoleta.cl\/inicio\/wp-json\/wp\/v2\/categories?post=16294"},{"taxonomy":"post_tag","embeddable":true,"href":"https:\/\/www.laprovidenciarecoleta.cl\/inicio\/wp-json\/wp\/v2\/tags?post=16294"}],"curies":[{"name":"wp","href":"https:\/\/api.w.org\/{rel}","templated":true}]}}