{"id":14238,"date":"2022-10-30T23:32:09","date_gmt":"2022-10-31T02:32:09","guid":{"rendered":"http:\/\/www.laprovidenciarecoleta.cl\/inicio\/?p=14238"},"modified":"2022-12-11T23:40:55","modified_gmt":"2022-12-12T02:40:55","slug":"celebramos-108-anos-de-amor-y-servicio","status":"publish","type":"post","link":"https:\/\/www.laprovidenciarecoleta.cl\/inicio\/celebramos-108-anos-de-amor-y-servicio\/","title":{"rendered":"Celebramos 108 a\u00f1os de amor y  servicio"},"content":{"rendered":"<p>Celebrar 108\u00b0 a\u00f1os de entrega y servicio en bien de la formaci\u00f3n de tantas generaciones, es motivo m\u00e1s que suficiente para agradecer a Dios su bondad y ternura para con las familias, la comuna de Recoleta y la Iglesia; por ello durante la semana de aniversario de la escuela, realizamos actividades con nuestros delegados de pastoral de padres de cada curso, estudiantes y con toda la comunidad educativa.<br \/>\nEl lunes 24 de octubre, d\u00eda oficial del aniversario de la escuela, los apoderados que participan en Pastoral se reunieron con la profesora Lorena, encargada de pastoral y miembro del Equipo de Gesti\u00f3n, para celebrar y compartir; al d\u00eda siguiente, tuvimos una ma\u00f1ana muy entretenida con actividades recreativas en las<br \/>\nque participaron todos los estudiantes, hubo tambi\u00e9n competencias entre alianzas organizadas por los estudiantes y profesoras jefes de los octavos y finalizamos la semana celebrando en torno a Jes\u00fas Eucarist\u00eda.<br \/>\nLa misa fue presidida por Monse\u00f1or Alberto Lorenzelli, obispo auxiliar y vicario general de la Arquidi\u00f3cesis de Santiago. La celebraci\u00f3n fue acompa\u00f1ada por las hermanas que conforman el Equipo de Liderazgo provincial, madre Ana Teresa Araya, hermana Claudia Ruiz y sra. Yeri Contreras quienes son parte del directorio de la fundaci\u00f3n educacional, tambi\u00e9n asistieron algunas residentas y personal del Hogar San Jos\u00e9, algunos estudiantes en<br \/>\nrepresentaci\u00f3n de su curso, docentes, asistentes de la educaci\u00f3n, padres y apoderados.<br \/>\nLuego de la Celebraci\u00f3n Eucar\u00edstica, la comunidad e invitados compartimos un fraternal almuerzo, y entregamos un galard\u00f3n a los profesores que cumplieron 10 a\u00f1os de permanencia en la escuela.<br \/>\nCon gran alegr\u00eda recibimos la Bendici\u00f3n Apost\u00f3lica de Su Santidad papa Francisco, regalo enviado por monse\u00f1or Julio Larrondo a nuestro director, a las hermanas y a comunidad educativa.<br \/>\nNuestro director nos regal\u00f3 un profundo mensaje en el que nos invit\u00f3 a mirar a Jes\u00fas y pedir que al igual que \u00c9l, tengamos fuerza para mejorar todo: \u201c Estoy seguro de que, si somos capaces de seguir su ejemplo, de modelar<br \/>\nnuestra conducta de educadores seg\u00fan sus palabras y gestos, su esp\u00edritu y misi\u00f3n, estaremos construyendo una escuela verdaderamente inclusiva y servidora de los m\u00e1s necesitados y excluidos\u201d<br \/>\nAgradecemos a Dios Padre Providente por esta larga trayectoria de esfuerzo y dedicaci\u00f3n de cada miembro de la comunidad, ya que cada uno\/a aporta en la construcci\u00f3n y consolidaci\u00f3n del proyecto educativo institucional.<\/p>\n<p>&nbsp;<\/p>\n\n\t\t<style type=\"text\/css\">\n\t\t\t#gallery-1 {\n\t\t\t\tmargin: auto;\n\t\t\t}\n\t\t\t#gallery-1 .gallery-item {\n\t\t\t\tfloat: left;\n\t\t\t\tmargin-top: 10px;\n\t\t\t\ttext-align: center;\n\t\t\t\twidth: 100%;\n\t\t\t}\n\t\t\t#gallery-1 img {\n\t\t\t\tborder: 2px solid #cfcfcf;\n\t\t\t}\n\t\t\t#gallery-1 .gallery-caption {\n\t\t\t\tmargin-left: 0;\n\t\t\t}\n\t\t\t\/* see gallery_shortcode() in wp-includes\/media.php *\/\n\t\t<\/style>\n\t\t<div id='gallery-1' class='gallery galleryid-14238 gallery-columns-1 gallery-size-full'><dl class='gallery-item'>\n\t\t\t<dt class='gallery-icon landscape'>\n\t\t\t\t<a href='https:\/\/www.laprovidenciarecoleta.cl\/inicio\/wp-content\/uploads\/2022\/12\/20221028_114427-1-scaled.jpg'><img loading=\"lazy\" decoding=\"async\" width=\"2560\" height=\"1440\" src=\"https:\/\/www.laprovidenciarecoleta.cl\/inicio\/wp-content\/uploads\/2022\/12\/20221028_114427-1-scaled.jpg\" class=\"attachment-full size-full\" alt=\"\" srcset=\"https:\/\/www.laprovidenciarecoleta.cl\/inicio\/wp-content\/uploads\/2022\/12\/20221028_114427-1-scaled.jpg 2560w, https:\/\/www.laprovidenciarecoleta.cl\/inicio\/wp-content\/uploads\/2022\/12\/20221028_114427-1-scaled-300x169.jpg 300w, https:\/\/www.laprovidenciarecoleta.cl\/inicio\/wp-content\/uploads\/2022\/12\/20221028_114427-1-scaled-1024x576.jpg 1024w, https:\/\/www.laprovidenciarecoleta.cl\/inicio\/wp-content\/uploads\/2022\/12\/20221028_114427-1-scaled-150x84.jpg 150w\" sizes=\"(max-width: 2560px) 100vw, 2560px\" \/><\/a>\n\t\t\t<\/dt><\/dl><br style=\"clear: both\" \/><dl class='gallery-item'>\n\t\t\t<dt class='gallery-icon landscape'>\n\t\t\t\t<a href='https:\/\/www.laprovidenciarecoleta.cl\/inicio\/wp-content\/uploads\/2022\/12\/20221028_115815-1-scaled.jpg'><img loading=\"lazy\" decoding=\"async\" width=\"2560\" height=\"1440\" src=\"https:\/\/www.laprovidenciarecoleta.cl\/inicio\/wp-content\/uploads\/2022\/12\/20221028_115815-1-scaled.jpg\" class=\"attachment-full size-full\" alt=\"\" srcset=\"https:\/\/www.laprovidenciarecoleta.cl\/inicio\/wp-content\/uploads\/2022\/12\/20221028_115815-1-scaled.jpg 2560w, https:\/\/www.laprovidenciarecoleta.cl\/inicio\/wp-content\/uploads\/2022\/12\/20221028_115815-1-scaled-300x169.jpg 300w, https:\/\/www.laprovidenciarecoleta.cl\/inicio\/wp-content\/uploads\/2022\/12\/20221028_115815-1-scaled-1024x576.jpg 1024w\" sizes=\"(max-width: 2560px) 100vw, 2560px\" \/><\/a>\n\t\t\t<\/dt><\/dl><br style=\"clear: both\" \/><dl class='gallery-item'>\n\t\t\t<dt class='gallery-icon landscape'>\n\t\t\t\t<a href='https:\/\/www.laprovidenciarecoleta.cl\/inicio\/wp-content\/uploads\/2022\/12\/20221028_123222-2-scaled.jpg'><img loading=\"lazy\" decoding=\"async\" width=\"2560\" height=\"1440\" src=\"https:\/\/www.laprovidenciarecoleta.cl\/inicio\/wp-content\/uploads\/2022\/12\/20221028_123222-2-scaled.jpg\" class=\"attachment-full size-full\" alt=\"\" srcset=\"https:\/\/www.laprovidenciarecoleta.cl\/inicio\/wp-content\/uploads\/2022\/12\/20221028_123222-2-scaled.jpg 2560w, https:\/\/www.laprovidenciarecoleta.cl\/inicio\/wp-content\/uploads\/2022\/12\/20221028_123222-2-scaled-300x169.jpg 300w, https:\/\/www.laprovidenciarecoleta.cl\/inicio\/wp-content\/uploads\/2022\/12\/20221028_123222-2-scaled-1024x576.jpg 1024w\" sizes=\"(max-width: 2560px) 100vw, 2560px\" \/><\/a>\n\t\t\t<\/dt><\/dl><br style=\"clear: both\" \/><dl class='gallery-item'>\n\t\t\t<dt class='gallery-icon landscape'>\n\t\t\t\t<a href='https:\/\/www.laprovidenciarecoleta.cl\/inicio\/wp-content\/uploads\/2022\/12\/20221028_120121-1-scaled.jpg'><img loading=\"lazy\" decoding=\"async\" width=\"2560\" height=\"1440\" src=\"https:\/\/www.laprovidenciarecoleta.cl\/inicio\/wp-content\/uploads\/2022\/12\/20221028_120121-1-scaled.jpg\" class=\"attachment-full size-full\" alt=\"\" srcset=\"https:\/\/www.laprovidenciarecoleta.cl\/inicio\/wp-content\/uploads\/2022\/12\/20221028_120121-1-scaled.jpg 2560w, https:\/\/www.laprovidenciarecoleta.cl\/inicio\/wp-content\/uploads\/2022\/12\/20221028_120121-1-scaled-300x169.jpg 300w, https:\/\/www.laprovidenciarecoleta.cl\/inicio\/wp-content\/uploads\/2022\/12\/20221028_120121-1-scaled-1024x576.jpg 1024w\" sizes=\"(max-width: 2560px) 100vw, 2560px\" \/><\/a>\n\t\t\t<\/dt><\/dl><br style=\"clear: both\" \/><dl class='gallery-item'>\n\t\t\t<dt class='gallery-icon landscape'>\n\t\t\t\t<a href='https:\/\/www.laprovidenciarecoleta.cl\/inicio\/wp-content\/uploads\/2022\/12\/20221028_143637-1-scaled.jpg'><img loading=\"lazy\" decoding=\"async\" width=\"2560\" height=\"1440\" src=\"https:\/\/www.laprovidenciarecoleta.cl\/inicio\/wp-content\/uploads\/2022\/12\/20221028_143637-1-scaled.jpg\" class=\"attachment-full size-full\" alt=\"\" srcset=\"https:\/\/www.laprovidenciarecoleta.cl\/inicio\/wp-content\/uploads\/2022\/12\/20221028_143637-1-scaled.jpg 2560w, https:\/\/www.laprovidenciarecoleta.cl\/inicio\/wp-content\/uploads\/2022\/12\/20221028_143637-1-scaled-300x169.jpg 300w, https:\/\/www.laprovidenciarecoleta.cl\/inicio\/wp-content\/uploads\/2022\/12\/20221028_143637-1-scaled-1024x576.jpg 1024w\" sizes=\"(max-width: 2560px) 100vw, 2560px\" \/><\/a>\n\t\t\t<\/dt><\/dl><br style=\"clear: both\" \/><dl class='gallery-item'>\n\t\t\t<dt class='gallery-icon landscape'>\n\t\t\t\t<a href='https:\/\/www.laprovidenciarecoleta.cl\/inicio\/wp-content\/uploads\/2022\/12\/20221028_143953-1-scaled.jpg'><img loading=\"lazy\" decoding=\"async\" width=\"2560\" height=\"1703\" src=\"https:\/\/www.laprovidenciarecoleta.cl\/inicio\/wp-content\/uploads\/2022\/12\/20221028_143953-1-scaled.jpg\" class=\"attachment-full size-full\" alt=\"\" srcset=\"https:\/\/www.laprovidenciarecoleta.cl\/inicio\/wp-content\/uploads\/2022\/12\/20221028_143953-1-scaled.jpg 2560w, https:\/\/www.laprovidenciarecoleta.cl\/inicio\/wp-content\/uploads\/2022\/12\/20221028_143953-1-scaled-300x200.jpg 300w, https:\/\/www.laprovidenciarecoleta.cl\/inicio\/wp-content\/uploads\/2022\/12\/20221028_143953-1-scaled-1024x681.jpg 1024w\" sizes=\"(max-width: 2560px) 100vw, 2560px\" \/><\/a>\n\t\t\t<\/dt><\/dl><br style=\"clear: both\" \/><dl class='gallery-item'>\n\t\t\t<dt class='gallery-icon landscape'>\n\t\t\t\t<a href='https:\/\/www.laprovidenciarecoleta.cl\/inicio\/wp-content\/uploads\/2022\/12\/20221025_122639-1-scaled.jpg'><img loading=\"lazy\" decoding=\"async\" width=\"2560\" height=\"1440\" src=\"https:\/\/www.laprovidenciarecoleta.cl\/inicio\/wp-content\/uploads\/2022\/12\/20221025_122639-1-scaled.jpg\" class=\"attachment-full size-full\" alt=\"\" srcset=\"https:\/\/www.laprovidenciarecoleta.cl\/inicio\/wp-content\/uploads\/2022\/12\/20221025_122639-1-scaled.jpg 2560w, https:\/\/www.laprovidenciarecoleta.cl\/inicio\/wp-content\/uploads\/2022\/12\/20221025_122639-1-scaled-300x169.jpg 300w, https:\/\/www.laprovidenciarecoleta.cl\/inicio\/wp-content\/uploads\/2022\/12\/20221025_122639-1-scaled-1024x576.jpg 1024w\" sizes=\"(max-width: 2560px) 100vw, 2560px\" \/><\/a>\n\t\t\t<\/dt><\/dl><br style=\"clear: both\" \/><dl class='gallery-item'>\n\t\t\t<dt class='gallery-icon landscape'>\n\t\t\t\t<a href='https:\/\/www.laprovidenciarecoleta.cl\/inicio\/wp-content\/uploads\/2022\/12\/20221025_102054-1-scaled.jpg'><img loading=\"lazy\" decoding=\"async\" width=\"2560\" height=\"1440\" src=\"https:\/\/www.laprovidenciarecoleta.cl\/inicio\/wp-content\/uploads\/2022\/12\/20221025_102054-1-scaled.jpg\" class=\"attachment-full size-full\" alt=\"\" srcset=\"https:\/\/www.laprovidenciarecoleta.cl\/inicio\/wp-content\/uploads\/2022\/12\/20221025_102054-1-scaled.jpg 2560w, https:\/\/www.laprovidenciarecoleta.cl\/inicio\/wp-content\/uploads\/2022\/12\/20221025_102054-1-scaled-300x169.jpg 300w, https:\/\/www.laprovidenciarecoleta.cl\/inicio\/wp-content\/uploads\/2022\/12\/20221025_102054-1-scaled-1024x576.jpg 1024w\" sizes=\"(max-width: 2560px) 100vw, 2560px\" \/><\/a>\n\t\t\t<\/dt><\/dl><br style=\"clear: both\" \/><dl class='gallery-item'>\n\t\t\t<dt class='gallery-icon landscape'>\n\t\t\t\t<a href='https:\/\/www.laprovidenciarecoleta.cl\/inicio\/wp-content\/uploads\/2022\/12\/20221025_101946-1-scaled.jpg'><img loading=\"lazy\" decoding=\"async\" width=\"2560\" height=\"1440\" src=\"https:\/\/www.laprovidenciarecoleta.cl\/inicio\/wp-content\/uploads\/2022\/12\/20221025_101946-1-scaled.jpg\" class=\"attachment-full size-full\" alt=\"\" srcset=\"https:\/\/www.laprovidenciarecoleta.cl\/inicio\/wp-content\/uploads\/2022\/12\/20221025_101946-1-scaled.jpg 2560w, https:\/\/www.laprovidenciarecoleta.cl\/inicio\/wp-content\/uploads\/2022\/12\/20221025_101946-1-scaled-300x169.jpg 300w, https:\/\/www.laprovidenciarecoleta.cl\/inicio\/wp-content\/uploads\/2022\/12\/20221025_101946-1-scaled-1024x576.jpg 1024w\" sizes=\"(max-width: 2560px) 100vw, 2560px\" \/><\/a>\n\t\t\t<\/dt><\/dl><br style=\"clear: both\" \/><dl class='gallery-item'>\n\t\t\t<dt class='gallery-icon landscape'>\n\t\t\t\t<a href='https:\/\/www.laprovidenciarecoleta.cl\/inicio\/wp-content\/uploads\/2022\/12\/20221025_102353-1-scaled.jpg'><img loading=\"lazy\" decoding=\"async\" width=\"2560\" height=\"1440\" src=\"https:\/\/www.laprovidenciarecoleta.cl\/inicio\/wp-content\/uploads\/2022\/12\/20221025_102353-1-scaled.jpg\" class=\"attachment-full size-full\" alt=\"\" srcset=\"https:\/\/www.laprovidenciarecoleta.cl\/inicio\/wp-content\/uploads\/2022\/12\/20221025_102353-1-scaled.jpg 2560w, https:\/\/www.laprovidenciarecoleta.cl\/inicio\/wp-content\/uploads\/2022\/12\/20221025_102353-1-scaled-300x169.jpg 300w, https:\/\/www.laprovidenciarecoleta.cl\/inicio\/wp-content\/uploads\/2022\/12\/20221025_102353-1-scaled-1024x576.jpg 1024w\" sizes=\"(max-width: 2560px) 100vw, 2560px\" \/><\/a>\n\t\t\t<\/dt><\/dl><br style=\"clear: both\" \/>\n\t\t<\/div>\n\n","protected":false},"excerpt":{"rendered":"<p>Celebrar 108\u00b0 a\u00f1os de entrega y servicio en bien de la formaci\u00f3n de tantas generaciones, es motivo m\u00e1s que suficiente para agradecer a Dios su bondad y ternura para con las familias, la comuna de Recoleta y la Iglesia; por ello durante la semana de aniversario de la escuela, realizamos actividades con nuestros delegados de pastoral de padres de cada&nbsp;<a href=\"https:\/\/www.laprovidenciarecoleta.cl\/inicio\/celebramos-108-anos-de-amor-y-servicio\/\">&hellip;<\/a><\/p>\n","protected":false},"author":6,"featured_media":14248,"comment_status":"closed","ping_status":"closed","sticky":false,"template":"","format":"standard","meta":{"footnotes":""},"categories":[16],"tags":[],"_links":{"self":[{"href":"https:\/\/www.laprovidenciarecoleta.cl\/inicio\/wp-json\/wp\/v2\/posts\/14238"}],"collection":[{"href":"https:\/\/www.laprovidenciarecoleta.cl\/inicio\/wp-json\/wp\/v2\/posts"}],"about":[{"href":"https:\/\/www.laprovidenciarecoleta.cl\/inicio\/wp-json\/wp\/v2\/types\/post"}],"author":[{"embeddable":true,"href":"https:\/\/www.laprovidenciarecoleta.cl\/inicio\/wp-json\/wp\/v2\/users\/6"}],"replies":[{"embeddable":true,"href":"https:\/\/www.laprovidenciarecoleta.cl\/inicio\/wp-json\/wp\/v2\/comments?post=14238"}],"version-history":[{"count":1,"href":"https:\/\/www.laprovidenciarecoleta.cl\/inicio\/wp-json\/wp\/v2\/posts\/14238\/revisions"}],"predecessor-version":[{"id":14249,"href":"https:\/\/www.laprovidenciarecoleta.cl\/inicio\/wp-json\/wp\/v2\/posts\/14238\/revisions\/14249"}],"wp:featuredmedia":[{"embeddable":true,"href":"https:\/\/www.laprovidenciarecoleta.cl\/inicio\/wp-json\/wp\/v2\/media\/14248"}],"wp:attachment":[{"href":"https:\/\/www.laprovidenciarecoleta.cl\/inicio\/wp-json\/wp\/v2\/media?parent=14238"}],"wp:term":[{"taxonomy":"category","embeddable":true,"href":"https:\/\/www.laprovidenciarecoleta.cl\/inicio\/wp-json\/wp\/v2\/categories?post=14238"},{"taxonomy":"post_tag","embeddable":true,"href":"https:\/\/www.laprovidenciarecoleta.cl\/inicio\/wp-json\/wp\/v2\/tags?post=14238"}],"curies":[{"name":"wp","href":"https:\/\/api.w.org\/{rel}","templated":true}]}}