{"id":14228,"date":"2022-09-23T21:21:48","date_gmt":"2022-09-24T00:21:48","guid":{"rendered":"http:\/\/www.laprovidenciarecoleta.cl\/inicio\/?p=14228"},"modified":"2022-12-11T21:24:14","modified_gmt":"2022-12-12T00:24:14","slug":"ramada-familiar-y-actos-de-fiestas-patrias-con-alegria-y-esperanza-recuperamos-nuestros-encuentros-presenciales-en-septiembre","status":"publish","type":"post","link":"https:\/\/www.laprovidenciarecoleta.cl\/inicio\/ramada-familiar-y-actos-de-fiestas-patrias-con-alegria-y-esperanza-recuperamos-nuestros-encuentros-presenciales-en-septiembre\/","title":{"rendered":"Ramada familiar y actos de fiestas patrias: Con alegr\u00eda y esperanza recuperamos nuestros encuentros presenciales en septiembre"},"content":{"rendered":"<p style=\"font-weight: 400;\">Respondiendo a la invitaci\u00f3n recibida por El Centro de Padres, madres y apoderados\/as (CEPA) todos los cursos participaron en la Gran Ramada familiar 2022, \u00a0que se llev\u00f3 a cabo el d\u00eda 10 de septiembre de \u00a014:00 a 22:00 horas en los recintos de nuestro establecimiento.<\/p>\n<p style=\"font-weight: 400;\">Esta actividad familiar, tuvo como objetivo recuperar las tradiciones nacionales y de la Escuela, con el prop\u00f3sito de revincular la escuela y las familias en un ambiente de fraternidad y cooperaci\u00f3n.<\/p>\n<p style=\"font-weight: 400;\">En esta oportunidad, toda la comunidad San Jos\u00e9, se reuni\u00f3 y se organiz\u00f3 para divertirse, compartir, fortalecer el sentido de pertenencia y recuperar este evento familiar, luego de dos a\u00f1os en que la pandemia no permiti\u00f3 realizar nuestra tradicional ramada.<\/p>\n<p style=\"font-weight: 400;\">En el acto central, disfrutamos de competencias y juegos tradicionales como carrera de sacos, trompo, rayuela, encestar aros a la botella y tirar la cuerda, competencia de cuecas, entre otros. Los stands de ventas fueron administrados por cada nivel, ofreciendo los alimentos muy apetecidos en estas celebraciones como el mote con huesillos, choripanes, empanadas, brochetas y m\u00e1s.<\/p>\n<p style=\"font-weight: 400;\">Otra instancia donde pudimos fortalecer la alianza familia- escuela fueron los actos c\u00edvicos realizados el 15 de septiembre, un acto para los cursos A y el otro para los cursos B, en los cuales, en un ambiente festivo y familiar gracias a la presencia de sus apoderados, nuestros estudiantes, a trav\u00e9s del folklor nacional de la zona norte, centro, sur e insular, nos deleitaron con bailes t\u00edpicos de nuestra patria.<\/p>\n<p style=\"font-weight: 400;\">La participaci\u00f3n de los padres y apoderados, en dichos eventos presenciales nos permite estrechar lazos y promover el v\u00ednculo padres e hijos en el contexto alianza familia-escuela.<\/p>\n\n\t\t<style type=\"text\/css\">\n\t\t\t#gallery-1 {\n\t\t\t\tmargin: auto;\n\t\t\t}\n\t\t\t#gallery-1 .gallery-item {\n\t\t\t\tfloat: left;\n\t\t\t\tmargin-top: 10px;\n\t\t\t\ttext-align: center;\n\t\t\t\twidth: 100%;\n\t\t\t}\n\t\t\t#gallery-1 img {\n\t\t\t\tborder: 2px solid #cfcfcf;\n\t\t\t}\n\t\t\t#gallery-1 .gallery-caption {\n\t\t\t\tmargin-left: 0;\n\t\t\t}\n\t\t\t\/* see gallery_shortcode() in wp-includes\/media.php *\/\n\t\t<\/style>\n\t\t<div id='gallery-1' class='gallery galleryid-14228 gallery-columns-1 gallery-size-large'><dl class='gallery-item'>\n\t\t\t<dt class='gallery-icon portrait'>\n\t\t\t\t<a href='https:\/\/www.laprovidenciarecoleta.cl\/inicio\/wp-content\/uploads\/2022\/12\/IMG-20220915-WA0103.jpg'><img loading=\"lazy\" decoding=\"async\" width=\"768\" height=\"1024\" src=\"https:\/\/www.laprovidenciarecoleta.cl\/inicio\/wp-content\/uploads\/2022\/12\/IMG-20220915-WA0103-768x1024.jpg\" class=\"attachment-large size-large\" alt=\"\" srcset=\"https:\/\/www.laprovidenciarecoleta.cl\/inicio\/wp-content\/uploads\/2022\/12\/IMG-20220915-WA0103-768x1024.jpg 768w, https:\/\/www.laprovidenciarecoleta.cl\/inicio\/wp-content\/uploads\/2022\/12\/IMG-20220915-WA0103-225x300.jpg 225w, https:\/\/www.laprovidenciarecoleta.cl\/inicio\/wp-content\/uploads\/2022\/12\/IMG-20220915-WA0103.jpg 1200w\" sizes=\"(max-width: 768px) 100vw, 768px\" \/><\/a>\n\t\t\t<\/dt><\/dl><br style=\"clear: both\" \/><dl class='gallery-item'>\n\t\t\t<dt class='gallery-icon landscape'>\n\t\t\t\t<a href='https:\/\/www.laprovidenciarecoleta.cl\/inicio\/wp-content\/uploads\/2022\/12\/IMG-20220915-WA0098.jpg'><img loading=\"lazy\" decoding=\"async\" width=\"1024\" height=\"768\" src=\"https:\/\/www.laprovidenciarecoleta.cl\/inicio\/wp-content\/uploads\/2022\/12\/IMG-20220915-WA0098-1024x768.jpg\" class=\"attachment-large size-large\" alt=\"\" srcset=\"https:\/\/www.laprovidenciarecoleta.cl\/inicio\/wp-content\/uploads\/2022\/12\/IMG-20220915-WA0098-1024x768.jpg 1024w, https:\/\/www.laprovidenciarecoleta.cl\/inicio\/wp-content\/uploads\/2022\/12\/IMG-20220915-WA0098-300x225.jpg 300w, https:\/\/www.laprovidenciarecoleta.cl\/inicio\/wp-content\/uploads\/2022\/12\/IMG-20220915-WA0098-150x113.jpg 150w, https:\/\/www.laprovidenciarecoleta.cl\/inicio\/wp-content\/uploads\/2022\/12\/IMG-20220915-WA0098.jpg 1600w\" sizes=\"(max-width: 1024px) 100vw, 1024px\" \/><\/a>\n\t\t\t<\/dt><\/dl><br style=\"clear: both\" \/><dl class='gallery-item'>\n\t\t\t<dt class='gallery-icon portrait'>\n\t\t\t\t<a href='https:\/\/www.laprovidenciarecoleta.cl\/inicio\/wp-content\/uploads\/2022\/12\/IMG-20220915-WA0072.jpg'><img loading=\"lazy\" decoding=\"async\" width=\"768\" height=\"1024\" src=\"https:\/\/www.laprovidenciarecoleta.cl\/inicio\/wp-content\/uploads\/2022\/12\/IMG-20220915-WA0072-768x1024.jpg\" class=\"attachment-large size-large\" alt=\"\" srcset=\"https:\/\/www.laprovidenciarecoleta.cl\/inicio\/wp-content\/uploads\/2022\/12\/IMG-20220915-WA0072-768x1024.jpg 768w, https:\/\/www.laprovidenciarecoleta.cl\/inicio\/wp-content\/uploads\/2022\/12\/IMG-20220915-WA0072-225x300.jpg 225w, https:\/\/www.laprovidenciarecoleta.cl\/inicio\/wp-content\/uploads\/2022\/12\/IMG-20220915-WA0072.jpg 1200w\" sizes=\"(max-width: 768px) 100vw, 768px\" \/><\/a>\n\t\t\t<\/dt><\/dl><br style=\"clear: both\" \/><dl class='gallery-item'>\n\t\t\t<dt class='gallery-icon landscape'>\n\t\t\t\t<a href='https:\/\/www.laprovidenciarecoleta.cl\/inicio\/wp-content\/uploads\/2022\/12\/20220915_101031-scaled.jpg'><img loading=\"lazy\" decoding=\"async\" width=\"1024\" height=\"576\" src=\"https:\/\/www.laprovidenciarecoleta.cl\/inicio\/wp-content\/uploads\/2022\/12\/20220915_101031-scaled-1024x576.jpg\" class=\"attachment-large size-large\" alt=\"\" srcset=\"https:\/\/www.laprovidenciarecoleta.cl\/inicio\/wp-content\/uploads\/2022\/12\/20220915_101031-scaled-1024x576.jpg 1024w, https:\/\/www.laprovidenciarecoleta.cl\/inicio\/wp-content\/uploads\/2022\/12\/20220915_101031-scaled-300x169.jpg 300w\" sizes=\"(max-width: 1024px) 100vw, 1024px\" \/><\/a>\n\t\t\t<\/dt><\/dl><br style=\"clear: both\" \/><dl class='gallery-item'>\n\t\t\t<dt class='gallery-icon landscape'>\n\t\t\t\t<a href='https:\/\/www.laprovidenciarecoleta.cl\/inicio\/wp-content\/uploads\/2022\/12\/20220915_095209-scaled.jpg'><img loading=\"lazy\" decoding=\"async\" width=\"1024\" height=\"576\" src=\"https:\/\/www.laprovidenciarecoleta.cl\/inicio\/wp-content\/uploads\/2022\/12\/20220915_095209-scaled-1024x576.jpg\" class=\"attachment-large size-large\" alt=\"\" srcset=\"https:\/\/www.laprovidenciarecoleta.cl\/inicio\/wp-content\/uploads\/2022\/12\/20220915_095209-scaled-1024x576.jpg 1024w, https:\/\/www.laprovidenciarecoleta.cl\/inicio\/wp-content\/uploads\/2022\/12\/20220915_095209-scaled-300x169.jpg 300w\" sizes=\"(max-width: 1024px) 100vw, 1024px\" \/><\/a>\n\t\t\t<\/dt><\/dl><br style=\"clear: both\" \/><dl class='gallery-item'>\n\t\t\t<dt class='gallery-icon landscape'>\n\t\t\t\t<a href='https:\/\/www.laprovidenciarecoleta.cl\/inicio\/wp-content\/uploads\/2022\/12\/20220915_100300-scaled.jpg'><img loading=\"lazy\" decoding=\"async\" width=\"1024\" height=\"576\" src=\"https:\/\/www.laprovidenciarecoleta.cl\/inicio\/wp-content\/uploads\/2022\/12\/20220915_100300-scaled-1024x576.jpg\" class=\"attachment-large size-large\" alt=\"\" srcset=\"https:\/\/www.laprovidenciarecoleta.cl\/inicio\/wp-content\/uploads\/2022\/12\/20220915_100300-scaled-1024x576.jpg 1024w, https:\/\/www.laprovidenciarecoleta.cl\/inicio\/wp-content\/uploads\/2022\/12\/20220915_100300-scaled-300x169.jpg 300w\" sizes=\"(max-width: 1024px) 100vw, 1024px\" \/><\/a>\n\t\t\t<\/dt><\/dl><br style=\"clear: both\" \/><dl class='gallery-item'>\n\t\t\t<dt class='gallery-icon landscape'>\n\t\t\t\t<a href='https:\/\/www.laprovidenciarecoleta.cl\/inicio\/wp-content\/uploads\/2022\/12\/20220915_095206-scaled.jpg'><img loading=\"lazy\" decoding=\"async\" width=\"1024\" height=\"576\" src=\"https:\/\/www.laprovidenciarecoleta.cl\/inicio\/wp-content\/uploads\/2022\/12\/20220915_095206-scaled-1024x576.jpg\" class=\"attachment-large size-large\" alt=\"\" srcset=\"https:\/\/www.laprovidenciarecoleta.cl\/inicio\/wp-content\/uploads\/2022\/12\/20220915_095206-scaled-1024x576.jpg 1024w, https:\/\/www.laprovidenciarecoleta.cl\/inicio\/wp-content\/uploads\/2022\/12\/20220915_095206-scaled-300x169.jpg 300w\" sizes=\"(max-width: 1024px) 100vw, 1024px\" \/><\/a>\n\t\t\t<\/dt><\/dl><br style=\"clear: both\" \/><dl class='gallery-item'>\n\t\t\t<dt class='gallery-icon landscape'>\n\t\t\t\t<a href='https:\/\/www.laprovidenciarecoleta.cl\/inicio\/wp-content\/uploads\/2022\/12\/IMG-20220915-WA0066.jpg'><img loading=\"lazy\" decoding=\"async\" width=\"1024\" height=\"768\" src=\"https:\/\/www.laprovidenciarecoleta.cl\/inicio\/wp-content\/uploads\/2022\/12\/IMG-20220915-WA0066-1024x768.jpg\" class=\"attachment-large size-large\" alt=\"\" srcset=\"https:\/\/www.laprovidenciarecoleta.cl\/inicio\/wp-content\/uploads\/2022\/12\/IMG-20220915-WA0066-1024x768.jpg 1024w, https:\/\/www.laprovidenciarecoleta.cl\/inicio\/wp-content\/uploads\/2022\/12\/IMG-20220915-WA0066-300x225.jpg 300w, https:\/\/www.laprovidenciarecoleta.cl\/inicio\/wp-content\/uploads\/2022\/12\/IMG-20220915-WA0066.jpg 1600w\" sizes=\"(max-width: 1024px) 100vw, 1024px\" \/><\/a>\n\t\t\t<\/dt><\/dl><br style=\"clear: both\" \/>\n\t\t<\/div>\n\n","protected":false},"excerpt":{"rendered":"<p>Respondiendo a la invitaci\u00f3n recibida por El Centro de Padres, madres y apoderados\/as (CEPA) todos los cursos participaron en la Gran Ramada familiar 2022, \u00a0que se llev\u00f3 a cabo el d\u00eda 10 de septiembre de \u00a014:00 a 22:00 horas en los recintos de nuestro establecimiento. Esta actividad familiar, tuvo como objetivo recuperar las tradiciones nacionales y de la Escuela, con&nbsp;<a href=\"https:\/\/www.laprovidenciarecoleta.cl\/inicio\/ramada-familiar-y-actos-de-fiestas-patrias-con-alegria-y-esperanza-recuperamos-nuestros-encuentros-presenciales-en-septiembre\/\">&hellip;<\/a><\/p>\n","protected":false},"author":6,"featured_media":14230,"comment_status":"closed","ping_status":"closed","sticky":false,"template":"","format":"standard","meta":{"footnotes":""},"categories":[16],"tags":[],"_links":{"self":[{"href":"https:\/\/www.laprovidenciarecoleta.cl\/inicio\/wp-json\/wp\/v2\/posts\/14228"}],"collection":[{"href":"https:\/\/www.laprovidenciarecoleta.cl\/inicio\/wp-json\/wp\/v2\/posts"}],"about":[{"href":"https:\/\/www.laprovidenciarecoleta.cl\/inicio\/wp-json\/wp\/v2\/types\/post"}],"author":[{"embeddable":true,"href":"https:\/\/www.laprovidenciarecoleta.cl\/inicio\/wp-json\/wp\/v2\/users\/6"}],"replies":[{"embeddable":true,"href":"https:\/\/www.laprovidenciarecoleta.cl\/inicio\/wp-json\/wp\/v2\/comments?post=14228"}],"version-history":[{"count":1,"href":"https:\/\/www.laprovidenciarecoleta.cl\/inicio\/wp-json\/wp\/v2\/posts\/14228\/revisions"}],"predecessor-version":[{"id":14237,"href":"https:\/\/www.laprovidenciarecoleta.cl\/inicio\/wp-json\/wp\/v2\/posts\/14228\/revisions\/14237"}],"wp:featuredmedia":[{"embeddable":true,"href":"https:\/\/www.laprovidenciarecoleta.cl\/inicio\/wp-json\/wp\/v2\/media\/14230"}],"wp:attachment":[{"href":"https:\/\/www.laprovidenciarecoleta.cl\/inicio\/wp-json\/wp\/v2\/media?parent=14228"}],"wp:term":[{"taxonomy":"category","embeddable":true,"href":"https:\/\/www.laprovidenciarecoleta.cl\/inicio\/wp-json\/wp\/v2\/categories?post=14228"},{"taxonomy":"post_tag","embeddable":true,"href":"https:\/\/www.laprovidenciarecoleta.cl\/inicio\/wp-json\/wp\/v2\/tags?post=14228"}],"curies":[{"name":"wp","href":"https:\/\/api.w.org\/{rel}","templated":true}]}}