{"id":14217,"date":"2022-12-05T19:54:40","date_gmt":"2022-12-05T22:54:40","guid":{"rendered":"http:\/\/www.laprovidenciarecoleta.cl\/inicio\/?p=14217"},"modified":"2022-12-11T20:07:43","modified_gmt":"2022-12-11T23:07:43","slug":"primeras-comuniones-2022","status":"publish","type":"post","link":"https:\/\/www.laprovidenciarecoleta.cl\/inicio\/primeras-comuniones-2022\/","title":{"rendered":"Primeras Comuniones 2022"},"content":{"rendered":"<p>En una hermosa ceremonia,\u00a0 17 de nuestros estudiantes recibieron a Jes\u00fas Sacramentado por primera vez.<\/p>\n<p>La eucarist\u00eda fue realizada el s\u00e1bado 3 de diciembre a las 18:30 horas en la capilla San Jos\u00e9.<\/p>\n\n\t\t<style type=\"text\/css\">\n\t\t\t#gallery-1 {\n\t\t\t\tmargin: auto;\n\t\t\t}\n\t\t\t#gallery-1 .gallery-item {\n\t\t\t\tfloat: left;\n\t\t\t\tmargin-top: 10px;\n\t\t\t\ttext-align: center;\n\t\t\t\twidth: 100%;\n\t\t\t}\n\t\t\t#gallery-1 img {\n\t\t\t\tborder: 2px solid #cfcfcf;\n\t\t\t}\n\t\t\t#gallery-1 .gallery-caption {\n\t\t\t\tmargin-left: 0;\n\t\t\t}\n\t\t\t\/* see gallery_shortcode() in wp-includes\/media.php *\/\n\t\t<\/style>\n\t\t<div id='gallery-1' class='gallery galleryid-14217 gallery-columns-1 gallery-size-large'><dl class='gallery-item'>\n\t\t\t<dt class='gallery-icon landscape'>\n\t\t\t\t<a href='https:\/\/www.laprovidenciarecoleta.cl\/inicio\/wp-content\/uploads\/2022\/12\/Primeras-Comuniones-2022-6.jpg'><img loading=\"lazy\" decoding=\"async\" width=\"600\" height=\"270\" src=\"https:\/\/www.laprovidenciarecoleta.cl\/inicio\/wp-content\/uploads\/2022\/12\/Primeras-Comuniones-2022-6-600x270.jpg\" class=\"attachment-large size-large\" alt=\"\" srcset=\"https:\/\/www.laprovidenciarecoleta.cl\/inicio\/wp-content\/uploads\/2022\/12\/Primeras-Comuniones-2022-6.jpg 600w, https:\/\/www.laprovidenciarecoleta.cl\/inicio\/wp-content\/uploads\/2022\/12\/Primeras-Comuniones-2022-6-300x135.jpg 300w\" sizes=\"(max-width: 600px) 100vw, 600px\" \/><\/a>\n\t\t\t<\/dt><\/dl><br style=\"clear: both\" \/><dl class='gallery-item'>\n\t\t\t<dt class='gallery-icon landscape'>\n\t\t\t\t<a href='https:\/\/www.laprovidenciarecoleta.cl\/inicio\/wp-content\/uploads\/2022\/12\/Primeras-Comuniones-2022-10-scaled.jpg'><img loading=\"lazy\" decoding=\"async\" width=\"1024\" height=\"461\" src=\"https:\/\/www.laprovidenciarecoleta.cl\/inicio\/wp-content\/uploads\/2022\/12\/Primeras-Comuniones-2022-10-scaled-1024x461.jpg\" class=\"attachment-large size-large\" alt=\"\" srcset=\"https:\/\/www.laprovidenciarecoleta.cl\/inicio\/wp-content\/uploads\/2022\/12\/Primeras-Comuniones-2022-10-scaled-1024x461.jpg 1024w, https:\/\/www.laprovidenciarecoleta.cl\/inicio\/wp-content\/uploads\/2022\/12\/Primeras-Comuniones-2022-10-scaled-300x135.jpg 300w\" sizes=\"(max-width: 1024px) 100vw, 1024px\" \/><\/a>\n\t\t\t<\/dt><\/dl><br style=\"clear: both\" \/><dl class='gallery-item'>\n\t\t\t<dt class='gallery-icon landscape'>\n\t\t\t\t<a href='https:\/\/www.laprovidenciarecoleta.cl\/inicio\/wp-content\/uploads\/2022\/12\/Primeras-Comuniones-2022-1-scaled.jpg'><img loading=\"lazy\" decoding=\"async\" width=\"1024\" height=\"461\" src=\"https:\/\/www.laprovidenciarecoleta.cl\/inicio\/wp-content\/uploads\/2022\/12\/Primeras-Comuniones-2022-1-scaled-1024x461.jpg\" class=\"attachment-large size-large\" alt=\"\" srcset=\"https:\/\/www.laprovidenciarecoleta.cl\/inicio\/wp-content\/uploads\/2022\/12\/Primeras-Comuniones-2022-1-scaled-1024x461.jpg 1024w, https:\/\/www.laprovidenciarecoleta.cl\/inicio\/wp-content\/uploads\/2022\/12\/Primeras-Comuniones-2022-1-scaled-300x135.jpg 300w\" sizes=\"(max-width: 1024px) 100vw, 1024px\" \/><\/a>\n\t\t\t<\/dt><\/dl><br style=\"clear: both\" \/><dl class='gallery-item'>\n\t\t\t<dt class='gallery-icon landscape'>\n\t\t\t\t<a href='https:\/\/www.laprovidenciarecoleta.cl\/inicio\/wp-content\/uploads\/2022\/12\/Primeras-Comuniones-2022-11-scaled.jpg'><img loading=\"lazy\" decoding=\"async\" width=\"1024\" height=\"461\" src=\"https:\/\/www.laprovidenciarecoleta.cl\/inicio\/wp-content\/uploads\/2022\/12\/Primeras-Comuniones-2022-11-scaled-1024x461.jpg\" class=\"attachment-large size-large\" alt=\"\" srcset=\"https:\/\/www.laprovidenciarecoleta.cl\/inicio\/wp-content\/uploads\/2022\/12\/Primeras-Comuniones-2022-11-scaled-1024x461.jpg 1024w, https:\/\/www.laprovidenciarecoleta.cl\/inicio\/wp-content\/uploads\/2022\/12\/Primeras-Comuniones-2022-11-scaled-300x135.jpg 300w\" sizes=\"(max-width: 1024px) 100vw, 1024px\" \/><\/a>\n\t\t\t<\/dt><\/dl><br style=\"clear: both\" \/><dl class='gallery-item'>\n\t\t\t<dt class='gallery-icon landscape'>\n\t\t\t\t<a href='https:\/\/www.laprovidenciarecoleta.cl\/inicio\/wp-content\/uploads\/2022\/12\/Primeras-Comuniones-2022-9-scaled.jpg'><img loading=\"lazy\" decoding=\"async\" width=\"1024\" height=\"461\" src=\"https:\/\/www.laprovidenciarecoleta.cl\/inicio\/wp-content\/uploads\/2022\/12\/Primeras-Comuniones-2022-9-scaled-1024x461.jpg\" class=\"attachment-large size-large\" alt=\"\" srcset=\"https:\/\/www.laprovidenciarecoleta.cl\/inicio\/wp-content\/uploads\/2022\/12\/Primeras-Comuniones-2022-9-scaled-1024x461.jpg 1024w, https:\/\/www.laprovidenciarecoleta.cl\/inicio\/wp-content\/uploads\/2022\/12\/Primeras-Comuniones-2022-9-scaled-300x135.jpg 300w\" sizes=\"(max-width: 1024px) 100vw, 1024px\" \/><\/a>\n\t\t\t<\/dt><\/dl><br style=\"clear: both\" \/><dl class='gallery-item'>\n\t\t\t<dt class='gallery-icon landscape'>\n\t\t\t\t<a href='https:\/\/www.laprovidenciarecoleta.cl\/inicio\/wp-content\/uploads\/2022\/12\/Primeras-Comuniones-2022-7-scaled.jpg'><img loading=\"lazy\" decoding=\"async\" width=\"1024\" height=\"461\" src=\"https:\/\/www.laprovidenciarecoleta.cl\/inicio\/wp-content\/uploads\/2022\/12\/Primeras-Comuniones-2022-7-scaled-1024x461.jpg\" class=\"attachment-large size-large\" alt=\"\" srcset=\"https:\/\/www.laprovidenciarecoleta.cl\/inicio\/wp-content\/uploads\/2022\/12\/Primeras-Comuniones-2022-7-scaled-1024x461.jpg 1024w, https:\/\/www.laprovidenciarecoleta.cl\/inicio\/wp-content\/uploads\/2022\/12\/Primeras-Comuniones-2022-7-scaled-300x135.jpg 300w\" sizes=\"(max-width: 1024px) 100vw, 1024px\" \/><\/a>\n\t\t\t<\/dt><\/dl><br style=\"clear: both\" \/><dl class='gallery-item'>\n\t\t\t<dt class='gallery-icon landscape'>\n\t\t\t\t<a href='https:\/\/www.laprovidenciarecoleta.cl\/inicio\/wp-content\/uploads\/2022\/12\/Primeras-Comuniones-2022-4-scaled.jpg'><img loading=\"lazy\" decoding=\"async\" width=\"1024\" height=\"461\" src=\"https:\/\/www.laprovidenciarecoleta.cl\/inicio\/wp-content\/uploads\/2022\/12\/Primeras-Comuniones-2022-4-scaled-1024x461.jpg\" class=\"attachment-large size-large\" alt=\"\" srcset=\"https:\/\/www.laprovidenciarecoleta.cl\/inicio\/wp-content\/uploads\/2022\/12\/Primeras-Comuniones-2022-4-scaled-1024x461.jpg 1024w, https:\/\/www.laprovidenciarecoleta.cl\/inicio\/wp-content\/uploads\/2022\/12\/Primeras-Comuniones-2022-4-scaled-300x135.jpg 300w\" sizes=\"(max-width: 1024px) 100vw, 1024px\" \/><\/a>\n\t\t\t<\/dt><\/dl><br style=\"clear: both\" \/><dl class='gallery-item'>\n\t\t\t<dt class='gallery-icon landscape'>\n\t\t\t\t<a href='https:\/\/www.laprovidenciarecoleta.cl\/inicio\/wp-content\/uploads\/2022\/12\/Primeras-Comuniones-2022-2-scaled.jpg'><img loading=\"lazy\" decoding=\"async\" width=\"1024\" height=\"461\" src=\"https:\/\/www.laprovidenciarecoleta.cl\/inicio\/wp-content\/uploads\/2022\/12\/Primeras-Comuniones-2022-2-scaled-1024x461.jpg\" class=\"attachment-large size-large\" alt=\"\" srcset=\"https:\/\/www.laprovidenciarecoleta.cl\/inicio\/wp-content\/uploads\/2022\/12\/Primeras-Comuniones-2022-2-scaled-1024x461.jpg 1024w, https:\/\/www.laprovidenciarecoleta.cl\/inicio\/wp-content\/uploads\/2022\/12\/Primeras-Comuniones-2022-2-scaled-300x135.jpg 300w, https:\/\/www.laprovidenciarecoleta.cl\/inicio\/wp-content\/uploads\/2022\/12\/Primeras-Comuniones-2022-2-scaled-150x68.jpg 150w\" sizes=\"(max-width: 1024px) 100vw, 1024px\" \/><\/a>\n\t\t\t<\/dt><\/dl><br style=\"clear: both\" \/><dl class='gallery-item'>\n\t\t\t<dt class='gallery-icon landscape'>\n\t\t\t\t<a href='https:\/\/www.laprovidenciarecoleta.cl\/inicio\/wp-content\/uploads\/2022\/12\/Primeras-Comuniones-2022-12-scaled.jpg'><img loading=\"lazy\" decoding=\"async\" width=\"1024\" height=\"461\" src=\"https:\/\/www.laprovidenciarecoleta.cl\/inicio\/wp-content\/uploads\/2022\/12\/Primeras-Comuniones-2022-12-scaled-1024x461.jpg\" class=\"attachment-large size-large\" alt=\"\" srcset=\"https:\/\/www.laprovidenciarecoleta.cl\/inicio\/wp-content\/uploads\/2022\/12\/Primeras-Comuniones-2022-12-scaled-1024x461.jpg 1024w, https:\/\/www.laprovidenciarecoleta.cl\/inicio\/wp-content\/uploads\/2022\/12\/Primeras-Comuniones-2022-12-scaled-300x135.jpg 300w\" sizes=\"(max-width: 1024px) 100vw, 1024px\" \/><\/a>\n\t\t\t<\/dt><\/dl><br style=\"clear: both\" \/><dl class='gallery-item'>\n\t\t\t<dt class='gallery-icon landscape'>\n\t\t\t\t<a href='https:\/\/www.laprovidenciarecoleta.cl\/inicio\/wp-content\/uploads\/2022\/12\/Primeras-Comuniones-2022-8-scaled.jpg'><img loading=\"lazy\" decoding=\"async\" width=\"1024\" height=\"461\" src=\"https:\/\/www.laprovidenciarecoleta.cl\/inicio\/wp-content\/uploads\/2022\/12\/Primeras-Comuniones-2022-8-scaled-1024x461.jpg\" class=\"attachment-large size-large\" alt=\"\" srcset=\"https:\/\/www.laprovidenciarecoleta.cl\/inicio\/wp-content\/uploads\/2022\/12\/Primeras-Comuniones-2022-8-scaled-1024x461.jpg 1024w, https:\/\/www.laprovidenciarecoleta.cl\/inicio\/wp-content\/uploads\/2022\/12\/Primeras-Comuniones-2022-8-scaled-300x135.jpg 300w\" sizes=\"(max-width: 1024px) 100vw, 1024px\" \/><\/a>\n\t\t\t<\/dt><\/dl><br style=\"clear: both\" \/><dl class='gallery-item'>\n\t\t\t<dt class='gallery-icon landscape'>\n\t\t\t\t<a href='https:\/\/www.laprovidenciarecoleta.cl\/inicio\/wp-content\/uploads\/2022\/12\/Primeras-Comuniones-2022-5-scaled.jpg'><img loading=\"lazy\" decoding=\"async\" width=\"1024\" height=\"461\" src=\"https:\/\/www.laprovidenciarecoleta.cl\/inicio\/wp-content\/uploads\/2022\/12\/Primeras-Comuniones-2022-5-scaled-1024x461.jpg\" class=\"attachment-large size-large\" alt=\"\" srcset=\"https:\/\/www.laprovidenciarecoleta.cl\/inicio\/wp-content\/uploads\/2022\/12\/Primeras-Comuniones-2022-5-scaled-1024x461.jpg 1024w, https:\/\/www.laprovidenciarecoleta.cl\/inicio\/wp-content\/uploads\/2022\/12\/Primeras-Comuniones-2022-5-scaled-300x135.jpg 300w\" sizes=\"(max-width: 1024px) 100vw, 1024px\" \/><\/a>\n\t\t\t<\/dt><\/dl><br style=\"clear: both\" \/><dl class='gallery-item'>\n\t\t\t<dt class='gallery-icon landscape'>\n\t\t\t\t<a href='https:\/\/www.laprovidenciarecoleta.cl\/inicio\/wp-content\/uploads\/2022\/12\/Primeras-Comuniones-2022-3-scaled.jpg'><img loading=\"lazy\" decoding=\"async\" width=\"1024\" height=\"461\" src=\"https:\/\/www.laprovidenciarecoleta.cl\/inicio\/wp-content\/uploads\/2022\/12\/Primeras-Comuniones-2022-3-scaled-1024x461.jpg\" class=\"attachment-large size-large\" alt=\"\" srcset=\"https:\/\/www.laprovidenciarecoleta.cl\/inicio\/wp-content\/uploads\/2022\/12\/Primeras-Comuniones-2022-3-scaled-1024x461.jpg 1024w, https:\/\/www.laprovidenciarecoleta.cl\/inicio\/wp-content\/uploads\/2022\/12\/Primeras-Comuniones-2022-3-scaled-300x135.jpg 300w\" sizes=\"(max-width: 1024px) 100vw, 1024px\" \/><\/a>\n\t\t\t<\/dt><\/dl><br style=\"clear: both\" \/>\n\t\t<\/div>\n\n","protected":false},"excerpt":{"rendered":"<p>En una hermosa ceremonia,\u00a0 17 de nuestros estudiantes recibieron a Jes\u00fas Sacramentado por primera vez. La eucarist\u00eda fue realizada el s\u00e1bado 3 de diciembre a las 18:30 horas en la capilla San Jos\u00e9.<\/p>\n","protected":false},"author":6,"featured_media":14206,"comment_status":"closed","ping_status":"closed","sticky":false,"template":"","format":"standard","meta":{"footnotes":""},"categories":[16],"tags":[],"_links":{"self":[{"href":"https:\/\/www.laprovidenciarecoleta.cl\/inicio\/wp-json\/wp\/v2\/posts\/14217"}],"collection":[{"href":"https:\/\/www.laprovidenciarecoleta.cl\/inicio\/wp-json\/wp\/v2\/posts"}],"about":[{"href":"https:\/\/www.laprovidenciarecoleta.cl\/inicio\/wp-json\/wp\/v2\/types\/post"}],"author":[{"embeddable":true,"href":"https:\/\/www.laprovidenciarecoleta.cl\/inicio\/wp-json\/wp\/v2\/users\/6"}],"replies":[{"embeddable":true,"href":"https:\/\/www.laprovidenciarecoleta.cl\/inicio\/wp-json\/wp\/v2\/comments?post=14217"}],"version-history":[{"count":1,"href":"https:\/\/www.laprovidenciarecoleta.cl\/inicio\/wp-json\/wp\/v2\/posts\/14217\/revisions"}],"predecessor-version":[{"id":14218,"href":"https:\/\/www.laprovidenciarecoleta.cl\/inicio\/wp-json\/wp\/v2\/posts\/14217\/revisions\/14218"}],"wp:featuredmedia":[{"embeddable":true,"href":"https:\/\/www.laprovidenciarecoleta.cl\/inicio\/wp-json\/wp\/v2\/media\/14206"}],"wp:attachment":[{"href":"https:\/\/www.laprovidenciarecoleta.cl\/inicio\/wp-json\/wp\/v2\/media?parent=14217"}],"wp:term":[{"taxonomy":"category","embeddable":true,"href":"https:\/\/www.laprovidenciarecoleta.cl\/inicio\/wp-json\/wp\/v2\/categories?post=14217"},{"taxonomy":"post_tag","embeddable":true,"href":"https:\/\/www.laprovidenciarecoleta.cl\/inicio\/wp-json\/wp\/v2\/tags?post=14217"}],"curies":[{"name":"wp","href":"https:\/\/api.w.org\/{rel}","templated":true}]}}