{"id":14174,"date":"2022-11-25T15:04:57","date_gmt":"2022-11-25T18:04:57","guid":{"rendered":"http:\/\/www.laprovidenciarecoleta.cl\/inicio\/?p=14174"},"modified":"2022-11-25T15:34:01","modified_gmt":"2022-11-25T18:34:01","slug":"comunicado-n12-matriculas","status":"publish","type":"post","link":"https:\/\/www.laprovidenciarecoleta.cl\/inicio\/comunicado-n12-matriculas\/","title":{"rendered":"Comunicado N\u00b012   Matr\u00edculas"},"content":{"rendered":"<p>Estimados Padres, Madres y Apoderados:<\/p>\n<p>&nbsp;<\/p>\n<p>Despu\u00e9s de saludarles muy cordialmente queremos compartir con ustedes acuerdos importantes para el proceso de matr\u00edcula del a\u00f1o 2023.<\/p>\n<p>Nuestra Escuela de acuerdo con lo dispuesto en el T\u00edtulo II del Decreto con Fuerza de Ley N\u00b05 de 1992, fue incorporada al Sistema de Gratuidad de la Educaci\u00f3n, a contar de marzo 2017. Hemos de informar que la escuela para el a\u00f1o 2023 contin\u00faa con Ley Sep., lo que nos permite contar con recursos para atender a los estudiantes m\u00e1s vulnerables y mejorar nuestros resultados acad\u00e9micos.<\/p>\n<p><strong>La fecha de matr\u00edcula es el martes 20 de diciembre, de 9:00 a 13:00 hrs, en la sala de cada curso con su respectivo profesor jefe. <\/strong><strong>Al no realizar la matr\u00edcula dentro de los plazos definidos anteriormente<\/strong>, \u00e9sta se contabilizar\u00e1 como vacante. Recordamos a usted que todos los procesos de Matr\u00edcula son de exclusiva responsabilidad del apoderado(a) interesado(a).<\/p>\n<p><strong>La Matr\u00edcula de los\/las <em>estudiantes nuevos asignados por el SAE<\/em> (sistema de admisi\u00f3n escolar) se realizar\u00e1 del 14 al 27 de diciembre de 9:00 a 13:00 hrs. Excepto el viernes 23 que no se atender\u00e1.<\/strong><\/p>\n<p>La cuota voluntaria del Centro de Padres ser\u00e1 de \u00a0\u00a0\u00a0$12.000.- para el a\u00f1o 2023, record\u00e1ndole que se paga por familia y no por estudiante. Muy importante es que usted tenga claro que todos los aportes que el Centro de Padres recibe se ven reflejados en beneficios para cada uno de los estudiantes de la escuela, atenci\u00f3n en todas las festividades (d\u00eda del alumno, pascua de Resurrecci\u00f3n, aniversario de la Escuela), obras como Aporte al arreglo de la fachada de la escuela, apoyo econ\u00f3mico a varias familias durante la pandemia, cuotas mortuorias entre otras. Como ustedes pueden apreciar todos los dineros se invierten en beneficio de los estudiantes. Los integrantes del Centro de Padres estar\u00e1n recibiendo estos aportes d\u00eda y horario que informar\u00e1n con anticipaci\u00f3n.<\/p>\n<p>Agradecidos de la atenci\u00f3n a esta comunicaci\u00f3n, nos despedimos con un abrazo fraterno.<\/p>\n<p style=\"text-align: center;\">\u00a0 \u00a0 \u00a0 \u00a0 \u00a0 \u00a0 \u00a0 Equipo de Gesti\u00f3n<\/p>\n<p style=\"text-align: center;\">\u00a0 \u00a0 \u00a0 \u00a0 \u00a0 \u00a0 Escuela San Jos\u00e9<\/p>\n","protected":false},"excerpt":{"rendered":"<p>Estimados Padres, Madres y Apoderados: &nbsp; Despu\u00e9s de saludarles muy cordialmente queremos compartir con ustedes acuerdos importantes para el proceso de matr\u00edcula del a\u00f1o 2023. Nuestra Escuela de acuerdo con lo dispuesto en el T\u00edtulo II del Decreto con Fuerza de Ley N\u00b05 de 1992, fue incorporada al Sistema de Gratuidad de la Educaci\u00f3n, a contar de marzo 2017. Hemos&nbsp;<a href=\"https:\/\/www.laprovidenciarecoleta.cl\/inicio\/comunicado-n12-matriculas\/\">&hellip;<\/a><\/p>\n","protected":false},"author":6,"featured_media":4450,"comment_status":"closed","ping_status":"closed","sticky":false,"template":"","format":"standard","meta":{"footnotes":""},"categories":[113],"tags":[],"_links":{"self":[{"href":"https:\/\/www.laprovidenciarecoleta.cl\/inicio\/wp-json\/wp\/v2\/posts\/14174"}],"collection":[{"href":"https:\/\/www.laprovidenciarecoleta.cl\/inicio\/wp-json\/wp\/v2\/posts"}],"about":[{"href":"https:\/\/www.laprovidenciarecoleta.cl\/inicio\/wp-json\/wp\/v2\/types\/post"}],"author":[{"embeddable":true,"href":"https:\/\/www.laprovidenciarecoleta.cl\/inicio\/wp-json\/wp\/v2\/users\/6"}],"replies":[{"embeddable":true,"href":"https:\/\/www.laprovidenciarecoleta.cl\/inicio\/wp-json\/wp\/v2\/comments?post=14174"}],"version-history":[{"count":2,"href":"https:\/\/www.laprovidenciarecoleta.cl\/inicio\/wp-json\/wp\/v2\/posts\/14174\/revisions"}],"predecessor-version":[{"id":14179,"href":"https:\/\/www.laprovidenciarecoleta.cl\/inicio\/wp-json\/wp\/v2\/posts\/14174\/revisions\/14179"}],"wp:featuredmedia":[{"embeddable":true,"href":"https:\/\/www.laprovidenciarecoleta.cl\/inicio\/wp-json\/wp\/v2\/media\/4450"}],"wp:attachment":[{"href":"https:\/\/www.laprovidenciarecoleta.cl\/inicio\/wp-json\/wp\/v2\/media?parent=14174"}],"wp:term":[{"taxonomy":"category","embeddable":true,"href":"https:\/\/www.laprovidenciarecoleta.cl\/inicio\/wp-json\/wp\/v2\/categories?post=14174"},{"taxonomy":"post_tag","embeddable":true,"href":"https:\/\/www.laprovidenciarecoleta.cl\/inicio\/wp-json\/wp\/v2\/tags?post=14174"}],"curies":[{"name":"wp","href":"https:\/\/api.w.org\/{rel}","templated":true}]}}