{"id":14160,"date":"2022-10-19T23:05:44","date_gmt":"2022-10-20T02:05:44","guid":{"rendered":"http:\/\/www.laprovidenciarecoleta.cl\/inicio\/?p=14160"},"modified":"2022-10-21T13:46:50","modified_gmt":"2022-10-21T16:46:50","slug":"taller-normas-limites-y-consecuencias","status":"publish","type":"post","link":"https:\/\/www.laprovidenciarecoleta.cl\/inicio\/taller-normas-limites-y-consecuencias\/","title":{"rendered":"Finalizamos el ciclo de Talleres para padres"},"content":{"rendered":"<p>El martes 19 de octubre realizamos el tercer taller para padres, esta vez\u00a0 estuvo dirigido a todos nuestros apoderados.<\/p>\n<p>La tem\u00e1tica fue en torno a las normas, l\u00edmites y consecuencias; la especialista en intervenciones educativas, sra.Evelyn Hadad, explic\u00f3 la efectividad\u00a0 de tener establecidas las\u00a0 normas en el hogar para lograr cambios\u00a0 positivos en la conducta.<\/p>\n<p>Compartimos el enlace de la charla en el siguiente link:<\/p>\n<div id=\"attachment_14166\" style=\"width: 1034px\" class=\"wp-caption aligncenter\"><a href=\"https:\/\/youtu.be\/W1PplV7xKTA\"><img loading=\"lazy\" decoding=\"async\" aria-describedby=\"caption-attachment-14166\" class=\"wp-image-14166 size-large\" src=\"http:\/\/www.laprovidenciarecoleta.cl\/inicio\/wp-content\/uploads\/2022\/10\/Charla-para-padres-en-Ytb-1024x576.jpg\" alt=\"\" width=\"1024\" height=\"576\" srcset=\"https:\/\/www.laprovidenciarecoleta.cl\/inicio\/wp-content\/uploads\/2022\/10\/Charla-para-padres-en-Ytb-1024x576.jpg 1024w, https:\/\/www.laprovidenciarecoleta.cl\/inicio\/wp-content\/uploads\/2022\/10\/Charla-para-padres-en-Ytb-300x169.jpg 300w, https:\/\/www.laprovidenciarecoleta.cl\/inicio\/wp-content\/uploads\/2022\/10\/Charla-para-padres-en-Ytb.jpg 1280w\" sizes=\"(max-width: 1024px) 100vw, 1024px\" \/><\/a><p id=\"caption-attachment-14166\" class=\"wp-caption-text\"><a href=\"https:\/\/youtu.be\/W1PplV7xKTA\" target=\"_blank\" rel=\"noopener\">Enlace a video de la charla<\/a><\/p><\/div>\n<p>&nbsp;<\/p>\n<p>&nbsp;<\/p>\n<p>&nbsp;<\/p>\n<p>&nbsp;<\/p>\n","protected":false},"excerpt":{"rendered":"<p>El martes 19 de octubre realizamos el tercer taller para padres, esta vez\u00a0 estuvo dirigido a todos nuestros apoderados. La tem\u00e1tica fue en torno a las normas, l\u00edmites y consecuencias; la especialista en intervenciones educativas, sra.Evelyn Hadad, explic\u00f3 la efectividad\u00a0 de tener establecidas las\u00a0 normas en el hogar para lograr cambios\u00a0 positivos en la conducta. Compartimos el enlace de la&nbsp;<a href=\"https:\/\/www.laprovidenciarecoleta.cl\/inicio\/taller-normas-limites-y-consecuencias\/\">&hellip;<\/a><\/p>\n","protected":false},"author":6,"featured_media":14111,"comment_status":"closed","ping_status":"closed","sticky":false,"template":"","format":"video","meta":{"footnotes":""},"categories":[16],"tags":[],"_links":{"self":[{"href":"https:\/\/www.laprovidenciarecoleta.cl\/inicio\/wp-json\/wp\/v2\/posts\/14160"}],"collection":[{"href":"https:\/\/www.laprovidenciarecoleta.cl\/inicio\/wp-json\/wp\/v2\/posts"}],"about":[{"href":"https:\/\/www.laprovidenciarecoleta.cl\/inicio\/wp-json\/wp\/v2\/types\/post"}],"author":[{"embeddable":true,"href":"https:\/\/www.laprovidenciarecoleta.cl\/inicio\/wp-json\/wp\/v2\/users\/6"}],"replies":[{"embeddable":true,"href":"https:\/\/www.laprovidenciarecoleta.cl\/inicio\/wp-json\/wp\/v2\/comments?post=14160"}],"version-history":[{"count":7,"href":"https:\/\/www.laprovidenciarecoleta.cl\/inicio\/wp-json\/wp\/v2\/posts\/14160\/revisions"}],"predecessor-version":[{"id":14170,"href":"https:\/\/www.laprovidenciarecoleta.cl\/inicio\/wp-json\/wp\/v2\/posts\/14160\/revisions\/14170"}],"wp:featuredmedia":[{"embeddable":true,"href":"https:\/\/www.laprovidenciarecoleta.cl\/inicio\/wp-json\/wp\/v2\/media\/14111"}],"wp:attachment":[{"href":"https:\/\/www.laprovidenciarecoleta.cl\/inicio\/wp-json\/wp\/v2\/media?parent=14160"}],"wp:term":[{"taxonomy":"category","embeddable":true,"href":"https:\/\/www.laprovidenciarecoleta.cl\/inicio\/wp-json\/wp\/v2\/categories?post=14160"},{"taxonomy":"post_tag","embeddable":true,"href":"https:\/\/www.laprovidenciarecoleta.cl\/inicio\/wp-json\/wp\/v2\/tags?post=14160"}],"curies":[{"name":"wp","href":"https:\/\/api.w.org\/{rel}","templated":true}]}}