{"id":14108,"date":"2022-10-10T15:44:16","date_gmt":"2022-10-10T18:44:16","guid":{"rendered":"http:\/\/www.laprovidenciarecoleta.cl\/inicio\/?p=14108"},"modified":"2022-10-10T15:51:59","modified_gmt":"2022-10-10T18:51:59","slug":"charla-para-padres","status":"publish","type":"post","link":"https:\/\/www.laprovidenciarecoleta.cl\/inicio\/charla-para-padres\/","title":{"rendered":"Charla para padres"},"content":{"rendered":"<p>Invitamos a nuestros apoderados ( kinder a octavo) a participar en\u00a0 la charla en l\u00ednea, dictada por la psic\u00f3loga especialista en intervenciones educativas estrat\u00e9gicas, sra. Evelyn Hadad Rivas<\/p>\n<p>La charla se enfocar\u00e1 en la tem\u00e1tica\u00a0 Normas, l\u00edmites y consecuencias y los objetivos\u00a0 princiipales ser\u00e1n :<\/p>\n<ul>\n<li>Unificar criterios en relaci\u00f3n con los conceptos de normas, l\u00edmites y consecuencias.<\/li>\n<li>Conocer la efectividad de tener establecidas\u00a0 normas en el hogar.<\/li>\n<li>Conocer la efectividad de la consecuencia y la ineficacia del castigo.<\/li>\n<li>Reconocer los cambios de conductas que se originan al tener un sistema de normas y consecuencias establecidos.<\/li>\n<\/ul>\n<p>Esperamos contar con la presencia de todos nuestros\u00a0 apoderados\u00a0 el d\u00eda\u00a0 martes 18 de octubre a las 19 horas por meet (el enlace fue enviado al correo institucional de los estudiantes y lo enviar\u00e1n los profesores jefes al grupo de whatsApp del curso.)<\/p>\n","protected":false},"excerpt":{"rendered":"<p>Invitamos a nuestros apoderados ( kinder a octavo) a participar en\u00a0 la charla en l\u00ednea, dictada por la psic\u00f3loga especialista en intervenciones educativas estrat\u00e9gicas, sra. Evelyn Hadad Rivas La charla se enfocar\u00e1 en la tem\u00e1tica\u00a0 Normas, l\u00edmites y consecuencias y los objetivos\u00a0 princiipales ser\u00e1n : Unificar criterios en relaci\u00f3n con los conceptos de normas, l\u00edmites y consecuencias. Conocer la efectividad&nbsp;<a href=\"https:\/\/www.laprovidenciarecoleta.cl\/inicio\/charla-para-padres\/\">&hellip;<\/a><\/p>\n","protected":false},"author":6,"featured_media":14111,"comment_status":"closed","ping_status":"closed","sticky":false,"template":"","format":"standard","meta":{"footnotes":""},"categories":[113],"tags":[],"_links":{"self":[{"href":"https:\/\/www.laprovidenciarecoleta.cl\/inicio\/wp-json\/wp\/v2\/posts\/14108"}],"collection":[{"href":"https:\/\/www.laprovidenciarecoleta.cl\/inicio\/wp-json\/wp\/v2\/posts"}],"about":[{"href":"https:\/\/www.laprovidenciarecoleta.cl\/inicio\/wp-json\/wp\/v2\/types\/post"}],"author":[{"embeddable":true,"href":"https:\/\/www.laprovidenciarecoleta.cl\/inicio\/wp-json\/wp\/v2\/users\/6"}],"replies":[{"embeddable":true,"href":"https:\/\/www.laprovidenciarecoleta.cl\/inicio\/wp-json\/wp\/v2\/comments?post=14108"}],"version-history":[{"count":2,"href":"https:\/\/www.laprovidenciarecoleta.cl\/inicio\/wp-json\/wp\/v2\/posts\/14108\/revisions"}],"predecessor-version":[{"id":14110,"href":"https:\/\/www.laprovidenciarecoleta.cl\/inicio\/wp-json\/wp\/v2\/posts\/14108\/revisions\/14110"}],"wp:featuredmedia":[{"embeddable":true,"href":"https:\/\/www.laprovidenciarecoleta.cl\/inicio\/wp-json\/wp\/v2\/media\/14111"}],"wp:attachment":[{"href":"https:\/\/www.laprovidenciarecoleta.cl\/inicio\/wp-json\/wp\/v2\/media?parent=14108"}],"wp:term":[{"taxonomy":"category","embeddable":true,"href":"https:\/\/www.laprovidenciarecoleta.cl\/inicio\/wp-json\/wp\/v2\/categories?post=14108"},{"taxonomy":"post_tag","embeddable":true,"href":"https:\/\/www.laprovidenciarecoleta.cl\/inicio\/wp-json\/wp\/v2\/tags?post=14108"}],"curies":[{"name":"wp","href":"https:\/\/api.w.org\/{rel}","templated":true}]}}