{"id":14086,"date":"2022-10-03T10:44:42","date_gmt":"2022-10-03T13:44:42","guid":{"rendered":"http:\/\/www.laprovidenciarecoleta.cl\/inicio\/?p=14086"},"modified":"2022-10-03T10:44:42","modified_gmt":"2022-10-03T13:44:42","slug":"integrantes-de-nuestro-equipo-de-gestion-finalizan-exitosamente-el-diplomado-para-lideres-instruccionales","status":"publish","type":"post","link":"https:\/\/www.laprovidenciarecoleta.cl\/inicio\/integrantes-de-nuestro-equipo-de-gestion-finalizan-exitosamente-el-diplomado-para-lideres-instruccionales\/","title":{"rendered":"Integrantes de nuestro Equipo de Gesti\u00f3n finalizan exitosamente el diplomado para L\u00edderes Instruccionales"},"content":{"rendered":"<p>En septiembre pasado, tres integrantes del Equipo de Gesti\u00f3n de la escuela (Jefa de UTP, Encargada de Conv. Escolar y Director), concluyeron satisfactoriamente su participaci\u00f3n en el \u201cDiplomado para L\u00edderes Instruccionales\u201d que imparti\u00f3 la reconocida entidad formadora de l\u00edderes pedag\u00f3gicos Aptus.<\/p>\n<p><a href=\"http:\/\/www.laprovidenciarecoleta.cl\/inicio\/wp-content\/uploads\/2022\/10\/Diplomado.png\"><img loading=\"lazy\" decoding=\"async\" class=\"wp-image-14088 size-large aligncenter\" src=\"http:\/\/www.laprovidenciarecoleta.cl\/inicio\/wp-content\/uploads\/2022\/10\/Diplomado-396x185.png\" alt=\"\" width=\"396\" height=\"185\" srcset=\"https:\/\/www.laprovidenciarecoleta.cl\/inicio\/wp-content\/uploads\/2022\/10\/Diplomado.png 396w, https:\/\/www.laprovidenciarecoleta.cl\/inicio\/wp-content\/uploads\/2022\/10\/Diplomado-300x140.png 300w, https:\/\/www.laprovidenciarecoleta.cl\/inicio\/wp-content\/uploads\/2022\/10\/Diplomado-150x70.png 150w\" sizes=\"(max-width: 396px) 100vw, 396px\" \/><\/a><\/p>\n<p>El objetivo de este perfeccionamiento es formar lideres instruccionales cuyo foco sea promover el aprendizaje de todos los estudiantes, y para eso, desarrollar sistemas que permitan cambios que impacten en la cultura de la instituci\u00f3n, la utilizaci\u00f3n de datos pedag\u00f3gicos, la planificaci\u00f3n del proceso de ense\u00f1anza-aprendizaje y el desarrollo profesional de los docentes.<\/p>\n<p>Nuestro desaf\u00edo ahora es poner estas herramientas adquiridas al servicio del permanente esfuerzo por mejorar el servicio educativo que entregamos a las familias de la escuela: liderando reuniones de an\u00e1lisis de datos junto al equipo de docentes, liderar reuniones de retroalimentaci\u00f3n desde las observaciones de clases, adem\u00e1s de la instalaci\u00f3n de rutinas y procedimientos que promuevan un efectivo liderazgo pedag\u00f3gico del cuerpo docente.<\/p>\n<p style=\"text-align: center;\">\u00a0 \u00a0 \u00a0 \u201cPoco a poco se forman las obras de Dios\u201d<br \/>\nMadre Bernarda Morin, Sierva de Dios<\/p>\n","protected":false},"excerpt":{"rendered":"<p>En septiembre pasado, tres integrantes del Equipo de Gesti\u00f3n de la escuela (Jefa de UTP, Encargada de Conv. Escolar y Director), concluyeron satisfactoriamente su participaci\u00f3n en el \u201cDiplomado para L\u00edderes Instruccionales\u201d que imparti\u00f3 la reconocida entidad formadora de l\u00edderes pedag\u00f3gicos Aptus. El objetivo de este perfeccionamiento es formar lideres instruccionales cuyo foco sea promover el aprendizaje de todos los estudiantes,&nbsp;<a href=\"https:\/\/www.laprovidenciarecoleta.cl\/inicio\/integrantes-de-nuestro-equipo-de-gestion-finalizan-exitosamente-el-diplomado-para-lideres-instruccionales\/\">&hellip;<\/a><\/p>\n","protected":false},"author":6,"featured_media":14088,"comment_status":"closed","ping_status":"closed","sticky":false,"template":"","format":"standard","meta":{"footnotes":""},"categories":[16],"tags":[],"_links":{"self":[{"href":"https:\/\/www.laprovidenciarecoleta.cl\/inicio\/wp-json\/wp\/v2\/posts\/14086"}],"collection":[{"href":"https:\/\/www.laprovidenciarecoleta.cl\/inicio\/wp-json\/wp\/v2\/posts"}],"about":[{"href":"https:\/\/www.laprovidenciarecoleta.cl\/inicio\/wp-json\/wp\/v2\/types\/post"}],"author":[{"embeddable":true,"href":"https:\/\/www.laprovidenciarecoleta.cl\/inicio\/wp-json\/wp\/v2\/users\/6"}],"replies":[{"embeddable":true,"href":"https:\/\/www.laprovidenciarecoleta.cl\/inicio\/wp-json\/wp\/v2\/comments?post=14086"}],"version-history":[{"count":2,"href":"https:\/\/www.laprovidenciarecoleta.cl\/inicio\/wp-json\/wp\/v2\/posts\/14086\/revisions"}],"predecessor-version":[{"id":14089,"href":"https:\/\/www.laprovidenciarecoleta.cl\/inicio\/wp-json\/wp\/v2\/posts\/14086\/revisions\/14089"}],"wp:featuredmedia":[{"embeddable":true,"href":"https:\/\/www.laprovidenciarecoleta.cl\/inicio\/wp-json\/wp\/v2\/media\/14088"}],"wp:attachment":[{"href":"https:\/\/www.laprovidenciarecoleta.cl\/inicio\/wp-json\/wp\/v2\/media?parent=14086"}],"wp:term":[{"taxonomy":"category","embeddable":true,"href":"https:\/\/www.laprovidenciarecoleta.cl\/inicio\/wp-json\/wp\/v2\/categories?post=14086"},{"taxonomy":"post_tag","embeddable":true,"href":"https:\/\/www.laprovidenciarecoleta.cl\/inicio\/wp-json\/wp\/v2\/tags?post=14086"}],"curies":[{"name":"wp","href":"https:\/\/api.w.org\/{rel}","templated":true}]}}