{"id":14080,"date":"2022-09-30T09:46:02","date_gmt":"2022-09-30T12:46:02","guid":{"rendered":"http:\/\/www.laprovidenciarecoleta.cl\/inicio\/?p=14080"},"modified":"2022-09-30T09:48:21","modified_gmt":"2022-09-30T12:48:21","slug":"comunicado-n11-protocolo-de-medidas-sanitarias-1-de-octubre-2022","status":"publish","type":"post","link":"https:\/\/www.laprovidenciarecoleta.cl\/inicio\/comunicado-n11-protocolo-de-medidas-sanitarias-1-de-octubre-2022\/","title":{"rendered":"Comunicado n\u00b011 Protocolo de medidas sanitarias  a partir del  1 de octubre 2022"},"content":{"rendered":"<p>Comunicado N\u00b011<\/p>\n<p>\u201cProtocolo de medidas sanitarias y vigilancia epidemiol\u00f3gica para establecimientos educacionales\u201d comienza a regir a partir del 01 de octubre de 2022.<\/p>\n<p>Estimados Padres y Apoderados:<\/p>\n<p>Junto con saludar y esperando que se encuentren muy bien, nos dirigimos a ustedes para informar que a partir\u00a0 del\u00a0 d\u00eda 01 de octubre \u00a0de 2022 comienza \u00a0a regir el\u00a0 \u201cProtocolo de medidas sanitarias y vigilancia epidemiol\u00f3gica para establecimientos educacionales\u201d (actualizado septiembre 2022).<\/p>\n<p>Como escuela \u00a0nos corresponde compartir con ustedes los cambios que <strong>comenzar\u00e1n a regir<\/strong> <strong>a partir del lunes 03 de octubre<\/strong>:<\/p>\n<ol>\n<li><strong>El uso de mascarilla no ser\u00e1 obligatorio (<\/strong>la medida indica que no es obligatorio el uso de la mascarilla, no obstante cada estudiante puede utilizarla si se considera necesario por parte de su familia o apoderado)<strong> y se elimina la restricci\u00f3n de aforos dentro de los establecimientos educacionales<\/strong>.<\/li>\n<li>Si un estudiante <strong>presenta s\u00edntomas de Covid-19,<\/strong> no debe asistir al establecimiento hasta ser evaluado por un o una profesional de salud.<\/li>\n<li>En caso de ser persona en <strong>Alerta Covid-19<\/strong>, se recomienda que debe <strong>realizarse un examen confirmatorio <\/strong>por <strong>Test PCR <\/strong>o Prueba de <strong>Detecci\u00f3n de Ant\u00edgenos <\/strong>en un <strong>centro de salud habilitado por la autoridad sanitaria <\/strong>dentro de los 2 primeros d\u00edas del contacto con el S\u00ed no presenta s\u00edntomas, continua asistiendo al centro educativo. Poner atenci\u00f3n a la aparici\u00f3n de s\u00edntomas hasta 5 d\u00edas desde el \u00faltimo contacto con el caso.<\/li>\n<li><strong>En caso de que un estudiante presente resultado de Test PCR o Test de Ant\u00edgenos positivo para Covid-19, debe informar de inmediato al colegio<\/strong>, a trav\u00e9s del profesor jefe, y <strong>enviar el resultado del examen<\/strong>. De esa manera es posible activar el sistema de informaci\u00f3n a los estudiantes del<\/li>\n<li>Frente a una <strong>Alerta de Brote <\/strong>(3 estudiantes de un curso o 7 de toda la escuela confirmados dentro de 7 d\u00edas) de acuerdo con la normativa vigente, la escuela debe informar a la SEREMI de Salud y ser\u00e1n ellos quienes realizar\u00e1n una investigaci\u00f3n epidemiol\u00f3gica y establecer\u00e1 las medidas en concordancia con la magnitud y gravedad del brote.<\/li>\n<li>Se sugiere realizar el proceso de vacunaci\u00f3n de acuerdo al calendario entregado por las autoridades de salud.<\/li>\n<li>Se mantienen medidas\u00a0 de prevenci\u00f3n como: lavado de manos con jab\u00f3n\u00a0 o uso de alcohol gel cada 2 o 3 horas, ventilaci\u00f3n cruzada (dejar la puerta y una ventana abiertas), si las condiciones clim\u00e1ticas lo permiten, se recomienda mantener todas las ventanas abiertas. Tambi\u00e9n se mantendr\u00e1 la \u00a0higienizaci\u00f3n de las salas durante los recreos.<\/li>\n<li>Como escuela hemos decidido mantener la toma de temperatura y aplicaci\u00f3n de alcohol gel al ingreso de la jornada. Tambi\u00e9n se mantendr\u00e1n los lugares de ingreso y salida primer ciclo puerta principal y segundo ciclo Calle El Roble 659, ya no se ocupar\u00e1 la puerta de la capilla para la salida.<\/li>\n<\/ol>\n<p>Agradecemos vuestra atenci\u00f3n y colaboraci\u00f3n. Fraternalmente<\/p>\n<p style=\"text-align: center;\">Equipo Directivo<\/p>\n<p style=\"text-align: center;\">Escuela San Jos\u00e9<\/p>\n<p>&nbsp;<\/p>\n","protected":false},"excerpt":{"rendered":"<p>Comunicado N\u00b011 \u201cProtocolo de medidas sanitarias y vigilancia epidemiol\u00f3gica para establecimientos educacionales\u201d comienza a regir a partir del 01 de octubre de 2022. Estimados Padres y Apoderados: Junto con saludar y esperando que se encuentren muy bien, nos dirigimos a ustedes para informar que a partir\u00a0 del\u00a0 d\u00eda 01 de octubre \u00a0de 2022 comienza \u00a0a regir el\u00a0 \u201cProtocolo de medidas&nbsp;<a href=\"https:\/\/www.laprovidenciarecoleta.cl\/inicio\/comunicado-n11-protocolo-de-medidas-sanitarias-1-de-octubre-2022\/\">&hellip;<\/a><\/p>\n","protected":false},"author":6,"featured_media":4450,"comment_status":"closed","ping_status":"closed","sticky":false,"template":"","format":"standard","meta":{"footnotes":""},"categories":[113],"tags":[],"_links":{"self":[{"href":"https:\/\/www.laprovidenciarecoleta.cl\/inicio\/wp-json\/wp\/v2\/posts\/14080"}],"collection":[{"href":"https:\/\/www.laprovidenciarecoleta.cl\/inicio\/wp-json\/wp\/v2\/posts"}],"about":[{"href":"https:\/\/www.laprovidenciarecoleta.cl\/inicio\/wp-json\/wp\/v2\/types\/post"}],"author":[{"embeddable":true,"href":"https:\/\/www.laprovidenciarecoleta.cl\/inicio\/wp-json\/wp\/v2\/users\/6"}],"replies":[{"embeddable":true,"href":"https:\/\/www.laprovidenciarecoleta.cl\/inicio\/wp-json\/wp\/v2\/comments?post=14080"}],"version-history":[{"count":2,"href":"https:\/\/www.laprovidenciarecoleta.cl\/inicio\/wp-json\/wp\/v2\/posts\/14080\/revisions"}],"predecessor-version":[{"id":14082,"href":"https:\/\/www.laprovidenciarecoleta.cl\/inicio\/wp-json\/wp\/v2\/posts\/14080\/revisions\/14082"}],"wp:featuredmedia":[{"embeddable":true,"href":"https:\/\/www.laprovidenciarecoleta.cl\/inicio\/wp-json\/wp\/v2\/media\/4450"}],"wp:attachment":[{"href":"https:\/\/www.laprovidenciarecoleta.cl\/inicio\/wp-json\/wp\/v2\/media?parent=14080"}],"wp:term":[{"taxonomy":"category","embeddable":true,"href":"https:\/\/www.laprovidenciarecoleta.cl\/inicio\/wp-json\/wp\/v2\/categories?post=14080"},{"taxonomy":"post_tag","embeddable":true,"href":"https:\/\/www.laprovidenciarecoleta.cl\/inicio\/wp-json\/wp\/v2\/tags?post=14080"}],"curies":[{"name":"wp","href":"https:\/\/api.w.org\/{rel}","templated":true}]}}