{"id":14072,"date":"2022-08-30T10:53:06","date_gmt":"2022-08-30T14:53:06","guid":{"rendered":"http:\/\/www.laprovidenciarecoleta.cl\/inicio\/?p=14072"},"modified":"2022-09-27T11:00:47","modified_gmt":"2022-09-27T14:00:47","slug":"con-esperanza-y-entusiasmo-vivimos-el-mes-de-la-providencia","status":"publish","type":"post","link":"https:\/\/www.laprovidenciarecoleta.cl\/inicio\/con-esperanza-y-entusiasmo-vivimos-el-mes-de-la-providencia\/","title":{"rendered":"Con esperanza y entusiasmo vivimos el mes de la Providencia"},"content":{"rendered":"<p style=\"font-weight: 400;\">\u00a0Bajo el lema \u201cProvidencia de Dios yo creo en ti\u201d celebramos el mes de la providencia con m\u00faltiples actividades que nos ayudaron a comprender la riqueza carism\u00e1tica de nuestras hermanas fundadoras.<\/p>\n<p style=\"font-weight: 400;\">Iniciamos el lunes 1 de agosto orando reunidos en el gimnasio y entregamos la oraci\u00f3n a madre Bernarda con el compromiso de rezarla en la sala de clases todos los d\u00edas del mes.<\/p>\n<p style=\"font-weight: 400;\">Para ahondar en nuestra espiritualidad providencia, la Sra.\u00a0 Loreto Fern\u00e1ndez nos acompa\u00f1\u00f3 en una charla de profundizaci\u00f3n dirigida a docentes y asistentes de la educaci\u00f3n, dicho momento nos ayud\u00f3 a comprender la entrega y generosidad de Madre Bernarda, y renovar el compromiso de vivir la humildad, simplicidad y caridad en la cotidianidad de nuestras vidas.<\/p>\n<p style=\"font-weight: 400;\">El viernes 19 de agosto nos reunimos para celebrar anticipadamente el onom\u00e1stico de Madre Bernarda, la celebraci\u00f3n eucar\u00edstica fue un momento para agradecer a Dios la vida y obra de Madre Bernarda, nos acompa\u00f1o en esta celebraci\u00f3n Monse\u00f1or Carlos Godoy Labra\u00f1a.<\/p>\n<p style=\"font-weight: 400;\">Durante todo el mes de agosto nuestros estudiantes tuvieron la posibilidad de recrearse y conocer m\u00e1s sobre nuestra espiritualidad a trav\u00e9s de diferentes actividades, como el campeonato de futbol \u201cCopa Madre Bernarda Morin\u201d, el concurso de diarios murales y el concurso de conocimiento sobre la vida de Madre Bernarda.<\/p>\n<p style=\"font-weight: 400;\">En una acci\u00f3n en conjunto con Asociadas Providencia, capilla San Jos\u00e9 y nuestra escuela, el s\u00e1bado 27 de agosto realizamos la Mesa del Rey, dirigida a 17 familias de nuestro sector, la caridad y solidaridad fueron los ingredientes que hicieron especial dicho momento.<\/p>\n<p style=\"font-weight: 400;\">Finalmente, concluimos las celebraciones con una mateada, donde compartimos la vida y la misi\u00f3n. Agradecemos a Dios Providencia la entrega total de estas mujeres, quienes, siendo fiel a Dios, fueron fiel a la misi\u00f3n encomendada, as\u00ed como tambi\u00e9n agradecemos el entusiasmo y creatividad, la generosidad y el compromiso de toda la comunidad educativa en las diversas actividades programadas para este bello mes.<\/p>\n\n\t\t<style type=\"text\/css\">\n\t\t\t#gallery-1 {\n\t\t\t\tmargin: auto;\n\t\t\t}\n\t\t\t#gallery-1 .gallery-item {\n\t\t\t\tfloat: left;\n\t\t\t\tmargin-top: 10px;\n\t\t\t\ttext-align: center;\n\t\t\t\twidth: 100%;\n\t\t\t}\n\t\t\t#gallery-1 img {\n\t\t\t\tborder: 2px solid #cfcfcf;\n\t\t\t}\n\t\t\t#gallery-1 .gallery-caption {\n\t\t\t\tmargin-left: 0;\n\t\t\t}\n\t\t\t\/* see gallery_shortcode() in wp-includes\/media.php *\/\n\t\t<\/style>\n\t\t<div id='gallery-1' class='gallery galleryid-14072 gallery-columns-1 gallery-size-large'><dl class='gallery-item'>\n\t\t\t<dt class='gallery-icon landscape'>\n\t\t\t\t<a href='https:\/\/www.laprovidenciarecoleta.cl\/inicio\/wp-content\/uploads\/2022\/09\/20220803_163359-scaled.jpg'><img loading=\"lazy\" decoding=\"async\" width=\"1024\" height=\"461\" src=\"https:\/\/www.laprovidenciarecoleta.cl\/inicio\/wp-content\/uploads\/2022\/09\/20220803_163359-scaled-1024x461.jpg\" class=\"attachment-large size-large\" alt=\"\" srcset=\"https:\/\/www.laprovidenciarecoleta.cl\/inicio\/wp-content\/uploads\/2022\/09\/20220803_163359-scaled-1024x461.jpg 1024w, https:\/\/www.laprovidenciarecoleta.cl\/inicio\/wp-content\/uploads\/2022\/09\/20220803_163359-scaled-300x135.jpg 300w\" sizes=\"(max-width: 1024px) 100vw, 1024px\" \/><\/a>\n\t\t\t<\/dt><\/dl><br style=\"clear: both\" \/><dl class='gallery-item'>\n\t\t\t<dt class='gallery-icon landscape'>\n\t\t\t\t<a href='https:\/\/www.laprovidenciarecoleta.cl\/inicio\/wp-content\/uploads\/2022\/09\/20220819_114543-scaled.jpg'><img loading=\"lazy\" decoding=\"async\" width=\"1024\" height=\"576\" src=\"https:\/\/www.laprovidenciarecoleta.cl\/inicio\/wp-content\/uploads\/2022\/09\/20220819_114543-scaled-1024x576.jpg\" class=\"attachment-large size-large\" alt=\"\" srcset=\"https:\/\/www.laprovidenciarecoleta.cl\/inicio\/wp-content\/uploads\/2022\/09\/20220819_114543-scaled-1024x576.jpg 1024w, https:\/\/www.laprovidenciarecoleta.cl\/inicio\/wp-content\/uploads\/2022\/09\/20220819_114543-scaled-300x169.jpg 300w\" sizes=\"(max-width: 1024px) 100vw, 1024px\" \/><\/a>\n\t\t\t<\/dt><\/dl><br style=\"clear: both\" \/><dl class='gallery-item'>\n\t\t\t<dt class='gallery-icon landscape'>\n\t\t\t\t<a href='https:\/\/www.laprovidenciarecoleta.cl\/inicio\/wp-content\/uploads\/2022\/09\/20220825_112930-scaled.jpg'><img loading=\"lazy\" decoding=\"async\" width=\"1024\" height=\"576\" src=\"https:\/\/www.laprovidenciarecoleta.cl\/inicio\/wp-content\/uploads\/2022\/09\/20220825_112930-scaled-1024x576.jpg\" class=\"attachment-large size-large\" alt=\"\" srcset=\"https:\/\/www.laprovidenciarecoleta.cl\/inicio\/wp-content\/uploads\/2022\/09\/20220825_112930-scaled-1024x576.jpg 1024w, https:\/\/www.laprovidenciarecoleta.cl\/inicio\/wp-content\/uploads\/2022\/09\/20220825_112930-scaled-300x169.jpg 300w\" sizes=\"(max-width: 1024px) 100vw, 1024px\" \/><\/a>\n\t\t\t<\/dt><\/dl><br style=\"clear: both\" \/><dl class='gallery-item'>\n\t\t\t<dt class='gallery-icon landscape'>\n\t\t\t\t<a href='https:\/\/www.laprovidenciarecoleta.cl\/inicio\/wp-content\/uploads\/2022\/09\/20220827_111234-scaled.jpg'><img loading=\"lazy\" decoding=\"async\" width=\"1024\" height=\"576\" src=\"https:\/\/www.laprovidenciarecoleta.cl\/inicio\/wp-content\/uploads\/2022\/09\/20220827_111234-scaled-1024x576.jpg\" class=\"attachment-large size-large\" alt=\"\" srcset=\"https:\/\/www.laprovidenciarecoleta.cl\/inicio\/wp-content\/uploads\/2022\/09\/20220827_111234-scaled-1024x576.jpg 1024w, https:\/\/www.laprovidenciarecoleta.cl\/inicio\/wp-content\/uploads\/2022\/09\/20220827_111234-scaled-300x169.jpg 300w, https:\/\/www.laprovidenciarecoleta.cl\/inicio\/wp-content\/uploads\/2022\/09\/20220827_111234-scaled-150x84.jpg 150w\" sizes=\"(max-width: 1024px) 100vw, 1024px\" \/><\/a>\n\t\t\t<\/dt><\/dl><br style=\"clear: both\" \/><dl class='gallery-item'>\n\t\t\t<dt class='gallery-icon landscape'>\n\t\t\t\t<a href='https:\/\/www.laprovidenciarecoleta.cl\/inicio\/wp-content\/uploads\/2022\/09\/20220827_132944-scaled.jpg'><img loading=\"lazy\" decoding=\"async\" width=\"1024\" height=\"576\" src=\"https:\/\/www.laprovidenciarecoleta.cl\/inicio\/wp-content\/uploads\/2022\/09\/20220827_132944-scaled-1024x576.jpg\" class=\"attachment-large size-large\" alt=\"\" srcset=\"https:\/\/www.laprovidenciarecoleta.cl\/inicio\/wp-content\/uploads\/2022\/09\/20220827_132944-scaled-1024x576.jpg 1024w, https:\/\/www.laprovidenciarecoleta.cl\/inicio\/wp-content\/uploads\/2022\/09\/20220827_132944-scaled-300x169.jpg 300w\" sizes=\"(max-width: 1024px) 100vw, 1024px\" \/><\/a>\n\t\t\t<\/dt><\/dl><br style=\"clear: both\" \/><dl class='gallery-item'>\n\t\t\t<dt class='gallery-icon landscape'>\n\t\t\t\t<a href='https:\/\/www.laprovidenciarecoleta.cl\/inicio\/wp-content\/uploads\/2022\/09\/IMG-20220830-WA0020.jpg'><img loading=\"lazy\" decoding=\"async\" width=\"1024\" height=\"1024\" src=\"https:\/\/www.laprovidenciarecoleta.cl\/inicio\/wp-content\/uploads\/2022\/09\/IMG-20220830-WA0020-1024x1024.jpg\" class=\"attachment-large size-large\" alt=\"\" srcset=\"https:\/\/www.laprovidenciarecoleta.cl\/inicio\/wp-content\/uploads\/2022\/09\/IMG-20220830-WA0020-1024x1024.jpg 1024w, https:\/\/www.laprovidenciarecoleta.cl\/inicio\/wp-content\/uploads\/2022\/09\/IMG-20220830-WA0020-150x150.jpg 150w, https:\/\/www.laprovidenciarecoleta.cl\/inicio\/wp-content\/uploads\/2022\/09\/IMG-20220830-WA0020-300x300.jpg 300w, https:\/\/www.laprovidenciarecoleta.cl\/inicio\/wp-content\/uploads\/2022\/09\/IMG-20220830-WA0020.jpg 1280w\" sizes=\"(max-width: 1024px) 100vw, 1024px\" \/><\/a>\n\t\t\t<\/dt><\/dl><br style=\"clear: both\" \/>\n\t\t<\/div>\n\n","protected":false},"excerpt":{"rendered":"<p>\u00a0Bajo el lema \u201cProvidencia de Dios yo creo en ti\u201d celebramos el mes de la providencia con m\u00faltiples actividades que nos ayudaron a comprender la riqueza carism\u00e1tica de nuestras hermanas fundadoras. Iniciamos el lunes 1 de agosto orando reunidos en el gimnasio y entregamos la oraci\u00f3n a madre Bernarda con el compromiso de rezarla en la sala de clases todos&nbsp;<a href=\"https:\/\/www.laprovidenciarecoleta.cl\/inicio\/con-esperanza-y-entusiasmo-vivimos-el-mes-de-la-providencia\/\">&hellip;<\/a><\/p>\n","protected":false},"author":6,"featured_media":14076,"comment_status":"closed","ping_status":"closed","sticky":false,"template":"","format":"standard","meta":{"footnotes":""},"categories":[16],"tags":[],"_links":{"self":[{"href":"https:\/\/www.laprovidenciarecoleta.cl\/inicio\/wp-json\/wp\/v2\/posts\/14072"}],"collection":[{"href":"https:\/\/www.laprovidenciarecoleta.cl\/inicio\/wp-json\/wp\/v2\/posts"}],"about":[{"href":"https:\/\/www.laprovidenciarecoleta.cl\/inicio\/wp-json\/wp\/v2\/types\/post"}],"author":[{"embeddable":true,"href":"https:\/\/www.laprovidenciarecoleta.cl\/inicio\/wp-json\/wp\/v2\/users\/6"}],"replies":[{"embeddable":true,"href":"https:\/\/www.laprovidenciarecoleta.cl\/inicio\/wp-json\/wp\/v2\/comments?post=14072"}],"version-history":[{"count":1,"href":"https:\/\/www.laprovidenciarecoleta.cl\/inicio\/wp-json\/wp\/v2\/posts\/14072\/revisions"}],"predecessor-version":[{"id":14079,"href":"https:\/\/www.laprovidenciarecoleta.cl\/inicio\/wp-json\/wp\/v2\/posts\/14072\/revisions\/14079"}],"wp:featuredmedia":[{"embeddable":true,"href":"https:\/\/www.laprovidenciarecoleta.cl\/inicio\/wp-json\/wp\/v2\/media\/14076"}],"wp:attachment":[{"href":"https:\/\/www.laprovidenciarecoleta.cl\/inicio\/wp-json\/wp\/v2\/media?parent=14072"}],"wp:term":[{"taxonomy":"category","embeddable":true,"href":"https:\/\/www.laprovidenciarecoleta.cl\/inicio\/wp-json\/wp\/v2\/categories?post=14072"},{"taxonomy":"post_tag","embeddable":true,"href":"https:\/\/www.laprovidenciarecoleta.cl\/inicio\/wp-json\/wp\/v2\/tags?post=14072"}],"curies":[{"name":"wp","href":"https:\/\/api.w.org\/{rel}","templated":true}]}}