{"id":14069,"date":"2022-09-26T18:01:52","date_gmt":"2022-09-26T21:01:52","guid":{"rendered":"http:\/\/www.laprovidenciarecoleta.cl\/inicio\/?p=14069"},"modified":"2022-09-27T10:50:04","modified_gmt":"2022-09-27T13:50:04","slug":"charlas-de-bautismo","status":"publish","type":"post","link":"https:\/\/www.laprovidenciarecoleta.cl\/inicio\/charlas-de-bautismo\/","title":{"rendered":"Charlas preparaci\u00f3n bautismal"},"content":{"rendered":"<p>Charlas de Bautismo Escuela San Jos\u00e9 &#8211; Capilla San Jos\u00e9.<\/p>\n<div>Estimados Padres y Apoderados, con motivo de acompa\u00f1ar la vida espiritual y sacramental de nuestros estudiantes, les informamos que durante el mes de octubre se realizar\u00e1n dos charlas de bautismo el S\u00e1bado 15 y\u00a0 s\u00e1bado 22 de octubre a las 16.30 hrs.\u00a0 A estas charlas deben asistir los Padres y Padrinos.<\/div>\n<div>Aquellos que est\u00e9n interesados les solicitamos\u00a0 escribir al correo de la Profesora Lorena Gonz\u00e1lez (<a href=\"mailto:lorena.gonzalez@laprovidenciarecoleta.cl\" target=\"_blank\" rel=\"noopener\">lorena.gonzalez@<wbr \/>laprovidenciarecoleta.cl<\/a>) para informar sobre documentaci\u00f3n y d\u00eda en que los ni\u00f1os y ni\u00f1as recibir\u00e1n el sacramento.<\/div>\n","protected":false},"excerpt":{"rendered":"<p>Charlas de Bautismo Escuela San Jos\u00e9 &#8211; Capilla San Jos\u00e9. Estimados Padres y Apoderados, con motivo de acompa\u00f1ar la vida espiritual y sacramental de nuestros estudiantes, les informamos que durante el mes de octubre se realizar\u00e1n dos charlas de bautismo el S\u00e1bado 15 y\u00a0 s\u00e1bado 22 de octubre a las 16.30 hrs.\u00a0 A estas charlas deben asistir los Padres y&nbsp;<a href=\"https:\/\/www.laprovidenciarecoleta.cl\/inicio\/charlas-de-bautismo\/\">&hellip;<\/a><\/p>\n","protected":false},"author":6,"featured_media":4450,"comment_status":"closed","ping_status":"closed","sticky":false,"template":"","format":"standard","meta":{"footnotes":""},"categories":[113],"tags":[],"_links":{"self":[{"href":"https:\/\/www.laprovidenciarecoleta.cl\/inicio\/wp-json\/wp\/v2\/posts\/14069"}],"collection":[{"href":"https:\/\/www.laprovidenciarecoleta.cl\/inicio\/wp-json\/wp\/v2\/posts"}],"about":[{"href":"https:\/\/www.laprovidenciarecoleta.cl\/inicio\/wp-json\/wp\/v2\/types\/post"}],"author":[{"embeddable":true,"href":"https:\/\/www.laprovidenciarecoleta.cl\/inicio\/wp-json\/wp\/v2\/users\/6"}],"replies":[{"embeddable":true,"href":"https:\/\/www.laprovidenciarecoleta.cl\/inicio\/wp-json\/wp\/v2\/comments?post=14069"}],"version-history":[{"count":2,"href":"https:\/\/www.laprovidenciarecoleta.cl\/inicio\/wp-json\/wp\/v2\/posts\/14069\/revisions"}],"predecessor-version":[{"id":14071,"href":"https:\/\/www.laprovidenciarecoleta.cl\/inicio\/wp-json\/wp\/v2\/posts\/14069\/revisions\/14071"}],"wp:featuredmedia":[{"embeddable":true,"href":"https:\/\/www.laprovidenciarecoleta.cl\/inicio\/wp-json\/wp\/v2\/media\/4450"}],"wp:attachment":[{"href":"https:\/\/www.laprovidenciarecoleta.cl\/inicio\/wp-json\/wp\/v2\/media?parent=14069"}],"wp:term":[{"taxonomy":"category","embeddable":true,"href":"https:\/\/www.laprovidenciarecoleta.cl\/inicio\/wp-json\/wp\/v2\/categories?post=14069"},{"taxonomy":"post_tag","embeddable":true,"href":"https:\/\/www.laprovidenciarecoleta.cl\/inicio\/wp-json\/wp\/v2\/tags?post=14069"}],"curies":[{"name":"wp","href":"https:\/\/api.w.org\/{rel}","templated":true}]}}