{"id":14067,"date":"2022-07-27T10:51:00","date_gmt":"2022-07-27T14:51:00","guid":{"rendered":"http:\/\/www.laprovidenciarecoleta.cl\/inicio\/?p=14067"},"modified":"2022-09-27T10:51:53","modified_gmt":"2022-09-27T13:51:53","slug":"nuestro-establecimiento-ingresa-a-la-carrera-docente","status":"publish","type":"post","link":"https:\/\/www.laprovidenciarecoleta.cl\/inicio\/nuestro-establecimiento-ingresa-a-la-carrera-docente\/","title":{"rendered":"Nuestro establecimiento ingresa a la carrera docente"},"content":{"rendered":"<p>En la b\u00fasqueda de la mejora continua de los aprendizajes de nuestros estudiantes, nuestra escuela San Jos\u00e9 decidi\u00f3 ingresar a la Carrera Docente, como una forma de medir la calidad de las pr\u00e1cticas de nuestros profesores.<\/p>\n<p>Esta nueva experiencia a la que nos sumamos parti\u00f3 con el llamado a evaluarse a los docentes que ense\u00f1an en cursos que van desde k\u00ednder a cuarto b\u00e1sico. \u00a015 de nuestros profesores se inscribieron y validaron sus datos, lo cual les implica preparar un portafolio, grabar una clase y rendir una prueba de conocimientos espec\u00edficos.<\/p>\n<p>El ingreso a Carrera Docente lo recibimos como una oportunidad para que nuestros profesores puedan evaluarse, compartiendo las buenas pr\u00e1cticas y mejorando aquellas que lo requieran.<\/p>\n<p>Para abordar este reto, nos ponemos al servicio de las demandas requeridas para este proceso y contaremos con la asesor\u00eda de un experto externo que nos acompa\u00f1ar\u00e1. Confiamos en nuestros educadores y los animamos a hacer el recorrido de esta carrera, para que paulatinamente avancemos con todo el cuerpo docente, entendiendo que son los docentes quienes generan el mayor impacto en el aprendizaje integral de nuestros estudiantes.<\/p>\n","protected":false},"excerpt":{"rendered":"<p>En la b\u00fasqueda de la mejora continua de los aprendizajes de nuestros estudiantes, nuestra escuela San Jos\u00e9 decidi\u00f3 ingresar a la Carrera Docente, como una forma de medir la calidad de las pr\u00e1cticas de nuestros profesores. Esta nueva experiencia a la que nos sumamos parti\u00f3 con el llamado a evaluarse a los docentes que ense\u00f1an en cursos que van desde&nbsp;<a href=\"https:\/\/www.laprovidenciarecoleta.cl\/inicio\/nuestro-establecimiento-ingresa-a-la-carrera-docente\/\">&hellip;<\/a><\/p>\n","protected":false},"author":6,"featured_media":4450,"comment_status":"closed","ping_status":"closed","sticky":false,"template":"","format":"standard","meta":{"footnotes":""},"categories":[16],"tags":[],"_links":{"self":[{"href":"https:\/\/www.laprovidenciarecoleta.cl\/inicio\/wp-json\/wp\/v2\/posts\/14067"}],"collection":[{"href":"https:\/\/www.laprovidenciarecoleta.cl\/inicio\/wp-json\/wp\/v2\/posts"}],"about":[{"href":"https:\/\/www.laprovidenciarecoleta.cl\/inicio\/wp-json\/wp\/v2\/types\/post"}],"author":[{"embeddable":true,"href":"https:\/\/www.laprovidenciarecoleta.cl\/inicio\/wp-json\/wp\/v2\/users\/6"}],"replies":[{"embeddable":true,"href":"https:\/\/www.laprovidenciarecoleta.cl\/inicio\/wp-json\/wp\/v2\/comments?post=14067"}],"version-history":[{"count":1,"href":"https:\/\/www.laprovidenciarecoleta.cl\/inicio\/wp-json\/wp\/v2\/posts\/14067\/revisions"}],"predecessor-version":[{"id":14068,"href":"https:\/\/www.laprovidenciarecoleta.cl\/inicio\/wp-json\/wp\/v2\/posts\/14067\/revisions\/14068"}],"wp:featuredmedia":[{"embeddable":true,"href":"https:\/\/www.laprovidenciarecoleta.cl\/inicio\/wp-json\/wp\/v2\/media\/4450"}],"wp:attachment":[{"href":"https:\/\/www.laprovidenciarecoleta.cl\/inicio\/wp-json\/wp\/v2\/media?parent=14067"}],"wp:term":[{"taxonomy":"category","embeddable":true,"href":"https:\/\/www.laprovidenciarecoleta.cl\/inicio\/wp-json\/wp\/v2\/categories?post=14067"},{"taxonomy":"post_tag","embeddable":true,"href":"https:\/\/www.laprovidenciarecoleta.cl\/inicio\/wp-json\/wp\/v2\/tags?post=14067"}],"curies":[{"name":"wp","href":"https:\/\/api.w.org\/{rel}","templated":true}]}}