{"id":14058,"date":"2022-09-08T09:42:47","date_gmt":"2022-09-08T12:42:47","guid":{"rendered":"http:\/\/www.laprovidenciarecoleta.cl\/inicio\/?p=14058"},"modified":"2022-09-08T09:42:47","modified_gmt":"2022-09-08T12:42:47","slug":"circular-informativa-septiembre","status":"publish","type":"post","link":"https:\/\/www.laprovidenciarecoleta.cl\/inicio\/circular-informativa-septiembre\/","title":{"rendered":"Circular informativa septiembre"},"content":{"rendered":"<p>Estimados Apoderados:<\/p>\n<p>Junto con saludar y esperando que cada uno de ustedes se encuentre bien, al igual que sus familias, informamos fechas importantes del mes de septiembre:<\/p>\n<ul>\n<li>S\u00e1bado 10 de septiembre, \u201cRamada Familiar\u201d de 14:00 a 22:00 hrs.<\/li>\n<li>Mi\u00e9rcoles 14 de septiembre, el horario de salida ser\u00e1 :<\/li>\n<\/ul>\n<p>12:30 k\u00ednder, 1ros y 2dos.<\/p>\n<p>13:00 hrs de 3ro a 8vo.<\/p>\n<ul>\n<li>Jueves 15 de septiembre \u201cActo de Fiestas Patrias\u201d (indicaciones en circular adjunta)<\/li>\n<li>Mi\u00e9rcoles 14 y jueves 15 no habr\u00e1 talleres ni reforzamientos.<\/li>\n<li>Por \u00faltimo, informamos que, seg\u00fan el calendario escolar de nuestra escuela, tendremos vacaciones de Fiestas Patrias del 20 al 23 de septiembre; de acuerdo con lo que establece la Res.Ex.N\u00b0 617 del 14 de junio de 2022.<\/li>\n<\/ul>\n<p>Agradecidos de su acogida y deseando bienestar a toda la comunidad de la Escuela San Jos\u00e9 nos despedimos atentamente.<\/p>\n<p style=\"text-align: center;\">Equipo de Gesti\u00f3n<\/p>\n<p style=\"text-align: center;\">Escuela San Jos\u00e9.<\/p>\n<p>&nbsp;<\/p>\n<p>Circular adjunta Acto de Fiestas Patrias<\/p>\n<p>Estimados Padres, Madres y Apoderados:<\/p>\n<p>Despu\u00e9s de saludar cordialmente, le recordamos que el acto de Fiestas Patrias se llevar\u00e1 a cabo el pr\u00f3ximo jueves 15 de septiembre, el cual debido a la normativa sanitaria se dividi\u00f3 en dos actos; y los horarios ser\u00e1n los siguientes:<\/p>\n<ul>\n<li>Primer acto <strong>cursos A \u00a0\u00a0\u00a009:00 hrs.<\/strong><\/li>\n<li>Segundo acto <strong>cursos B 11:00 hrs.<\/strong><\/li>\n<\/ul>\n<p>A continuaci\u00f3n, especificamos los horarios de cada presentaci\u00f3n y llegada de los estudiantes.<\/p>\n<p>-08:00 hrs. Ingresan los estudiantes que participan en la presentaci\u00f3n de los <strong>cursos A.<\/strong><\/p>\n<p>-08:20 hrs. Ingresan apoderados de los <strong>cursos A<\/strong>. Por entrada principal y del 2\u00b0 Ciclo.<\/p>\n<p>-09:00 hrs. <strong>PRESENTACI\u00d3N CURSOS A<\/strong><\/p>\n<p>-10:00 a 10:30 hrs. Recreo\/ventas. Se retiran estudiantes cursos A con sus apoderados.<\/p>\n<p>&nbsp;<\/p>\n<p>-10:00 hrs. Ingresan los estudiantes que participan en la presentaci\u00f3n de los <strong>cursos B.<\/strong><\/p>\n<p>-10:30 hrs. Ingresan apoderados de los <strong>cursos B<\/strong>. Por entrada principal y del 2\u00b0 Ciclo.<\/p>\n<p>-11:00 hrs<strong>. PRESENTACI\u00d3N CURSOS B<\/strong><\/p>\n<p>-12:00 a 12:30 hrs. \u00a0Ventas. Se retiran los estudiantes de cursos B, con sus apoderados o en furg\u00f3n escolar.<\/p>\n<p>Adem\u00e1s, se entregar\u00e1 una invitaci\u00f3n por estudiante o familia, con la que podr\u00e1n asistir dos invitados, la invitaci\u00f3n se solicitar\u00e1 en la entrada, por lo que es muy importante que la traiga. Le recordamos que la asistencia y puntualidad de los estudiantes el d\u00eda del acto es muy importante, pues si no asiste alg\u00fan compa\u00f1ero o compa\u00f1era quedar\u00e1 solo.<\/p>\n<p>Desde ya agradecemos su cooperaci\u00f3n, participaci\u00f3n y buena disposici\u00f3n. Atentamente.<\/p>\n<p>Equipo organizador.<\/p>\n<p>&nbsp;<\/p>\n<p><a href=\"http:\/\/www.laprovidenciarecoleta.cl\/inicio\/wp-content\/uploads\/2022\/09\/Informacion-Septiembre.pdf\">Informaci\u00f3n Septiembre<\/a><\/p>\n","protected":false},"excerpt":{"rendered":"<p>Estimados Apoderados: Junto con saludar y esperando que cada uno de ustedes se encuentre bien, al igual que sus familias, informamos fechas importantes del mes de septiembre: S\u00e1bado 10 de septiembre, \u201cRamada Familiar\u201d de 14:00 a 22:00 hrs. Mi\u00e9rcoles 14 de septiembre, el horario de salida ser\u00e1 : 12:30 k\u00ednder, 1ros y 2dos. 13:00 hrs de 3ro a 8vo. Jueves&nbsp;<a href=\"https:\/\/www.laprovidenciarecoleta.cl\/inicio\/circular-informativa-septiembre\/\">&hellip;<\/a><\/p>\n","protected":false},"author":6,"featured_media":4450,"comment_status":"closed","ping_status":"closed","sticky":false,"template":"","format":"standard","meta":{"footnotes":""},"categories":[113],"tags":[],"_links":{"self":[{"href":"https:\/\/www.laprovidenciarecoleta.cl\/inicio\/wp-json\/wp\/v2\/posts\/14058"}],"collection":[{"href":"https:\/\/www.laprovidenciarecoleta.cl\/inicio\/wp-json\/wp\/v2\/posts"}],"about":[{"href":"https:\/\/www.laprovidenciarecoleta.cl\/inicio\/wp-json\/wp\/v2\/types\/post"}],"author":[{"embeddable":true,"href":"https:\/\/www.laprovidenciarecoleta.cl\/inicio\/wp-json\/wp\/v2\/users\/6"}],"replies":[{"embeddable":true,"href":"https:\/\/www.laprovidenciarecoleta.cl\/inicio\/wp-json\/wp\/v2\/comments?post=14058"}],"version-history":[{"count":1,"href":"https:\/\/www.laprovidenciarecoleta.cl\/inicio\/wp-json\/wp\/v2\/posts\/14058\/revisions"}],"predecessor-version":[{"id":14060,"href":"https:\/\/www.laprovidenciarecoleta.cl\/inicio\/wp-json\/wp\/v2\/posts\/14058\/revisions\/14060"}],"wp:featuredmedia":[{"embeddable":true,"href":"https:\/\/www.laprovidenciarecoleta.cl\/inicio\/wp-json\/wp\/v2\/media\/4450"}],"wp:attachment":[{"href":"https:\/\/www.laprovidenciarecoleta.cl\/inicio\/wp-json\/wp\/v2\/media?parent=14058"}],"wp:term":[{"taxonomy":"category","embeddable":true,"href":"https:\/\/www.laprovidenciarecoleta.cl\/inicio\/wp-json\/wp\/v2\/categories?post=14058"},{"taxonomy":"post_tag","embeddable":true,"href":"https:\/\/www.laprovidenciarecoleta.cl\/inicio\/wp-json\/wp\/v2\/tags?post=14058"}],"curies":[{"name":"wp","href":"https:\/\/api.w.org\/{rel}","templated":true}]}}