{"id":13992,"date":"2022-06-27T16:07:31","date_gmt":"2022-06-27T20:07:31","guid":{"rendered":"http:\/\/www.laprovidenciarecoleta.cl\/inicio\/?p=13992"},"modified":"2022-06-29T16:33:02","modified_gmt":"2022-06-29T20:33:02","slug":"continuamos-nuestro-compromiso-solidario-con-el-comedor-emilia-gamelin","status":"publish","type":"post","link":"https:\/\/www.laprovidenciarecoleta.cl\/inicio\/continuamos-nuestro-compromiso-solidario-con-el-comedor-emilia-gamelin\/","title":{"rendered":"Continua nuestro compromiso solidario con el Comedor Emilia Gamelin"},"content":{"rendered":"<p>El\u00a0 viernes 17 de junio, nuestra encargada de Pastoral junto a la apoderada de sexto b, sra. Macarena\u00a0 Z\u00fa\u00f1iga, entregaron la donaci\u00f3n de alimentos no perecibles aportados por nuestros apoderados\u00a0 durante las reuniones de curso.<\/p>\n<p>Agradecemos\u00a0 a nuestros apoderados la colaboraci\u00f3n permanente con el comedor Emilia Gamelin ubicado en calle Condell\u00a0 50, comuna de Providencia.<\/p>\n\n\t\t<style type=\"text\/css\">\n\t\t\t#gallery-1 {\n\t\t\t\tmargin: auto;\n\t\t\t}\n\t\t\t#gallery-1 .gallery-item {\n\t\t\t\tfloat: left;\n\t\t\t\tmargin-top: 10px;\n\t\t\t\ttext-align: center;\n\t\t\t\twidth: 100%;\n\t\t\t}\n\t\t\t#gallery-1 img {\n\t\t\t\tborder: 2px solid #cfcfcf;\n\t\t\t}\n\t\t\t#gallery-1 .gallery-caption {\n\t\t\t\tmargin-left: 0;\n\t\t\t}\n\t\t\t\/* see gallery_shortcode() in wp-includes\/media.php *\/\n\t\t<\/style>\n\t\t<div id='gallery-1' class='gallery galleryid-13992 gallery-columns-1 gallery-size-large'><dl class='gallery-item'>\n\t\t\t<dt class='gallery-icon portrait'>\n\t\t\t\t<a href='https:\/\/www.laprovidenciarecoleta.cl\/inicio\/wp-content\/uploads\/2022\/06\/Entrega-alimentos-junio-1.jpg'><img loading=\"lazy\" decoding=\"async\" width=\"577\" height=\"1024\" src=\"https:\/\/www.laprovidenciarecoleta.cl\/inicio\/wp-content\/uploads\/2022\/06\/Entrega-alimentos-junio-1-577x1024.jpg\" class=\"attachment-large size-large\" alt=\"\" srcset=\"https:\/\/www.laprovidenciarecoleta.cl\/inicio\/wp-content\/uploads\/2022\/06\/Entrega-alimentos-junio-1-577x1024.jpg 577w, https:\/\/www.laprovidenciarecoleta.cl\/inicio\/wp-content\/uploads\/2022\/06\/Entrega-alimentos-junio-1-169x300.jpg 169w, https:\/\/www.laprovidenciarecoleta.cl\/inicio\/wp-content\/uploads\/2022\/06\/Entrega-alimentos-junio-1.jpg 901w\" sizes=\"(max-width: 577px) 100vw, 577px\" \/><\/a>\n\t\t\t<\/dt><\/dl><br style=\"clear: both\" \/><dl class='gallery-item'>\n\t\t\t<dt class='gallery-icon portrait'>\n\t\t\t\t<a href='https:\/\/www.laprovidenciarecoleta.cl\/inicio\/wp-content\/uploads\/2022\/06\/Entrega-alimentos-junio-2.jpg'><img loading=\"lazy\" decoding=\"async\" width=\"577\" height=\"1024\" src=\"https:\/\/www.laprovidenciarecoleta.cl\/inicio\/wp-content\/uploads\/2022\/06\/Entrega-alimentos-junio-2-577x1024.jpg\" class=\"attachment-large size-large\" alt=\"\" srcset=\"https:\/\/www.laprovidenciarecoleta.cl\/inicio\/wp-content\/uploads\/2022\/06\/Entrega-alimentos-junio-2-577x1024.jpg 577w, https:\/\/www.laprovidenciarecoleta.cl\/inicio\/wp-content\/uploads\/2022\/06\/Entrega-alimentos-junio-2-169x300.jpg 169w, https:\/\/www.laprovidenciarecoleta.cl\/inicio\/wp-content\/uploads\/2022\/06\/Entrega-alimentos-junio-2.jpg 901w\" sizes=\"(max-width: 577px) 100vw, 577px\" \/><\/a>\n\t\t\t<\/dt><\/dl><br style=\"clear: both\" \/><dl class='gallery-item'>\n\t\t\t<dt class='gallery-icon portrait'>\n\t\t\t\t<a href='https:\/\/www.laprovidenciarecoleta.cl\/inicio\/wp-content\/uploads\/2022\/06\/Entrega-alimentos-junio-3.jpg'><img loading=\"lazy\" decoding=\"async\" width=\"768\" height=\"1024\" src=\"https:\/\/www.laprovidenciarecoleta.cl\/inicio\/wp-content\/uploads\/2022\/06\/Entrega-alimentos-junio-3-768x1024.jpg\" class=\"attachment-large size-large\" alt=\"\" srcset=\"https:\/\/www.laprovidenciarecoleta.cl\/inicio\/wp-content\/uploads\/2022\/06\/Entrega-alimentos-junio-3.jpg 768w, https:\/\/www.laprovidenciarecoleta.cl\/inicio\/wp-content\/uploads\/2022\/06\/Entrega-alimentos-junio-3-225x300.jpg 225w\" sizes=\"(max-width: 768px) 100vw, 768px\" \/><\/a>\n\t\t\t<\/dt><\/dl><br style=\"clear: both\" \/><dl class='gallery-item'>\n\t\t\t<dt class='gallery-icon landscape'>\n\t\t\t\t<a href='https:\/\/www.laprovidenciarecoleta.cl\/inicio\/wp-content\/uploads\/2022\/06\/Entrega-alimentos-junio-4.jpg'><img loading=\"lazy\" decoding=\"async\" width=\"1024\" height=\"768\" src=\"https:\/\/www.laprovidenciarecoleta.cl\/inicio\/wp-content\/uploads\/2022\/06\/Entrega-alimentos-junio-4-1024x768.jpg\" class=\"attachment-large size-large\" alt=\"\" srcset=\"https:\/\/www.laprovidenciarecoleta.cl\/inicio\/wp-content\/uploads\/2022\/06\/Entrega-alimentos-junio-4.jpg 1024w, https:\/\/www.laprovidenciarecoleta.cl\/inicio\/wp-content\/uploads\/2022\/06\/Entrega-alimentos-junio-4-300x225.jpg 300w\" sizes=\"(max-width: 1024px) 100vw, 1024px\" \/><\/a>\n\t\t\t<\/dt><\/dl><br style=\"clear: both\" \/><dl class='gallery-item'>\n\t\t\t<dt class='gallery-icon landscape'>\n\t\t\t\t<a href='https:\/\/www.laprovidenciarecoleta.cl\/inicio\/wp-content\/uploads\/2022\/06\/Entrega-alimentos-junio-5.jpg'><img loading=\"lazy\" decoding=\"async\" width=\"1024\" height=\"768\" src=\"https:\/\/www.laprovidenciarecoleta.cl\/inicio\/wp-content\/uploads\/2022\/06\/Entrega-alimentos-junio-5-1024x768.jpg\" class=\"attachment-large size-large\" alt=\"\" srcset=\"https:\/\/www.laprovidenciarecoleta.cl\/inicio\/wp-content\/uploads\/2022\/06\/Entrega-alimentos-junio-5.jpg 1024w, https:\/\/www.laprovidenciarecoleta.cl\/inicio\/wp-content\/uploads\/2022\/06\/Entrega-alimentos-junio-5-300x225.jpg 300w, https:\/\/www.laprovidenciarecoleta.cl\/inicio\/wp-content\/uploads\/2022\/06\/Entrega-alimentos-junio-5-150x113.jpg 150w\" sizes=\"(max-width: 1024px) 100vw, 1024px\" \/><\/a>\n\t\t\t<\/dt><\/dl><br style=\"clear: both\" \/><dl class='gallery-item'>\n\t\t\t<dt class='gallery-icon landscape'>\n\t\t\t\t<a href='https:\/\/www.laprovidenciarecoleta.cl\/inicio\/wp-content\/uploads\/2022\/06\/Entrega-alimentos-junio-6.jpg'><img loading=\"lazy\" decoding=\"async\" width=\"1024\" height=\"768\" src=\"https:\/\/www.laprovidenciarecoleta.cl\/inicio\/wp-content\/uploads\/2022\/06\/Entrega-alimentos-junio-6-1024x768.jpg\" class=\"attachment-large size-large\" alt=\"\" srcset=\"https:\/\/www.laprovidenciarecoleta.cl\/inicio\/wp-content\/uploads\/2022\/06\/Entrega-alimentos-junio-6.jpg 1024w, https:\/\/www.laprovidenciarecoleta.cl\/inicio\/wp-content\/uploads\/2022\/06\/Entrega-alimentos-junio-6-300x225.jpg 300w\" sizes=\"(max-width: 1024px) 100vw, 1024px\" \/><\/a>\n\t\t\t<\/dt><\/dl><br style=\"clear: both\" \/><dl class='gallery-item'>\n\t\t\t<dt class='gallery-icon landscape'>\n\t\t\t\t<a href='https:\/\/www.laprovidenciarecoleta.cl\/inicio\/wp-content\/uploads\/2022\/06\/Entrega-alimentos-junio-8.jpg'><img loading=\"lazy\" decoding=\"async\" width=\"1024\" height=\"768\" src=\"https:\/\/www.laprovidenciarecoleta.cl\/inicio\/wp-content\/uploads\/2022\/06\/Entrega-alimentos-junio-8-1024x768.jpg\" class=\"attachment-large size-large\" alt=\"\" srcset=\"https:\/\/www.laprovidenciarecoleta.cl\/inicio\/wp-content\/uploads\/2022\/06\/Entrega-alimentos-junio-8.jpg 1024w, https:\/\/www.laprovidenciarecoleta.cl\/inicio\/wp-content\/uploads\/2022\/06\/Entrega-alimentos-junio-8-300x225.jpg 300w\" sizes=\"(max-width: 1024px) 100vw, 1024px\" \/><\/a>\n\t\t\t<\/dt><\/dl><br style=\"clear: both\" \/><dl class='gallery-item'>\n\t\t\t<dt class='gallery-icon landscape'>\n\t\t\t\t<a href='https:\/\/www.laprovidenciarecoleta.cl\/inicio\/wp-content\/uploads\/2022\/06\/Entrega-alimentos-junio-9.jpg'><img loading=\"lazy\" decoding=\"async\" width=\"1024\" height=\"768\" src=\"https:\/\/www.laprovidenciarecoleta.cl\/inicio\/wp-content\/uploads\/2022\/06\/Entrega-alimentos-junio-9-1024x768.jpg\" class=\"attachment-large size-large\" alt=\"\" srcset=\"https:\/\/www.laprovidenciarecoleta.cl\/inicio\/wp-content\/uploads\/2022\/06\/Entrega-alimentos-junio-9.jpg 1024w, https:\/\/www.laprovidenciarecoleta.cl\/inicio\/wp-content\/uploads\/2022\/06\/Entrega-alimentos-junio-9-300x225.jpg 300w\" sizes=\"(max-width: 1024px) 100vw, 1024px\" \/><\/a>\n\t\t\t<\/dt><\/dl><br style=\"clear: both\" \/><dl class='gallery-item'>\n\t\t\t<dt class='gallery-icon landscape'>\n\t\t\t\t<a href='https:\/\/www.laprovidenciarecoleta.cl\/inicio\/wp-content\/uploads\/2022\/06\/Entrega-alimentos-junio-10.jpg'><img loading=\"lazy\" decoding=\"async\" width=\"1024\" height=\"768\" src=\"https:\/\/www.laprovidenciarecoleta.cl\/inicio\/wp-content\/uploads\/2022\/06\/Entrega-alimentos-junio-10-1024x768.jpg\" class=\"attachment-large size-large\" alt=\"\" srcset=\"https:\/\/www.laprovidenciarecoleta.cl\/inicio\/wp-content\/uploads\/2022\/06\/Entrega-alimentos-junio-10.jpg 1024w, https:\/\/www.laprovidenciarecoleta.cl\/inicio\/wp-content\/uploads\/2022\/06\/Entrega-alimentos-junio-10-300x225.jpg 300w\" sizes=\"(max-width: 1024px) 100vw, 1024px\" \/><\/a>\n\t\t\t<\/dt><\/dl><br style=\"clear: both\" \/><dl class='gallery-item'>\n\t\t\t<dt class='gallery-icon landscape'>\n\t\t\t\t<a href='https:\/\/www.laprovidenciarecoleta.cl\/inicio\/wp-content\/uploads\/2022\/06\/Entrega-alimentos-junio-12.jpg'><img loading=\"lazy\" decoding=\"async\" width=\"1024\" height=\"768\" src=\"https:\/\/www.laprovidenciarecoleta.cl\/inicio\/wp-content\/uploads\/2022\/06\/Entrega-alimentos-junio-12-1024x768.jpg\" class=\"attachment-large size-large\" alt=\"\" srcset=\"https:\/\/www.laprovidenciarecoleta.cl\/inicio\/wp-content\/uploads\/2022\/06\/Entrega-alimentos-junio-12.jpg 1024w, https:\/\/www.laprovidenciarecoleta.cl\/inicio\/wp-content\/uploads\/2022\/06\/Entrega-alimentos-junio-12-300x225.jpg 300w\" sizes=\"(max-width: 1024px) 100vw, 1024px\" \/><\/a>\n\t\t\t<\/dt><\/dl><br style=\"clear: both\" \/><dl class='gallery-item'>\n\t\t\t<dt class='gallery-icon landscape'>\n\t\t\t\t<a href='https:\/\/www.laprovidenciarecoleta.cl\/inicio\/wp-content\/uploads\/2022\/06\/Entrega-alimentos-junio-13.jpg'><img loading=\"lazy\" decoding=\"async\" width=\"1024\" height=\"768\" src=\"https:\/\/www.laprovidenciarecoleta.cl\/inicio\/wp-content\/uploads\/2022\/06\/Entrega-alimentos-junio-13-1024x768.jpg\" class=\"attachment-large size-large\" alt=\"\" srcset=\"https:\/\/www.laprovidenciarecoleta.cl\/inicio\/wp-content\/uploads\/2022\/06\/Entrega-alimentos-junio-13.jpg 1024w, https:\/\/www.laprovidenciarecoleta.cl\/inicio\/wp-content\/uploads\/2022\/06\/Entrega-alimentos-junio-13-300x225.jpg 300w\" sizes=\"(max-width: 1024px) 100vw, 1024px\" \/><\/a>\n\t\t\t<\/dt><\/dl><br style=\"clear: both\" \/><dl class='gallery-item'>\n\t\t\t<dt class='gallery-icon landscape'>\n\t\t\t\t<a href='https:\/\/www.laprovidenciarecoleta.cl\/inicio\/wp-content\/uploads\/2022\/06\/Entrega-alimentos-junio-14.jpg'><img loading=\"lazy\" decoding=\"async\" width=\"1024\" height=\"768\" src=\"https:\/\/www.laprovidenciarecoleta.cl\/inicio\/wp-content\/uploads\/2022\/06\/Entrega-alimentos-junio-14-1024x768.jpg\" class=\"attachment-large size-large\" alt=\"\" srcset=\"https:\/\/www.laprovidenciarecoleta.cl\/inicio\/wp-content\/uploads\/2022\/06\/Entrega-alimentos-junio-14.jpg 1024w, https:\/\/www.laprovidenciarecoleta.cl\/inicio\/wp-content\/uploads\/2022\/06\/Entrega-alimentos-junio-14-300x225.jpg 300w\" sizes=\"(max-width: 1024px) 100vw, 1024px\" \/><\/a>\n\t\t\t<\/dt><\/dl><br style=\"clear: both\" \/><dl class='gallery-item'>\n\t\t\t<dt class='gallery-icon landscape'>\n\t\t\t\t<a href='https:\/\/www.laprovidenciarecoleta.cl\/inicio\/wp-content\/uploads\/2022\/06\/Entrega-alimentos-junio-15.jpg'><img loading=\"lazy\" decoding=\"async\" width=\"1024\" height=\"768\" src=\"https:\/\/www.laprovidenciarecoleta.cl\/inicio\/wp-content\/uploads\/2022\/06\/Entrega-alimentos-junio-15-1024x768.jpg\" class=\"attachment-large size-large\" alt=\"\" srcset=\"https:\/\/www.laprovidenciarecoleta.cl\/inicio\/wp-content\/uploads\/2022\/06\/Entrega-alimentos-junio-15.jpg 1024w, https:\/\/www.laprovidenciarecoleta.cl\/inicio\/wp-content\/uploads\/2022\/06\/Entrega-alimentos-junio-15-300x225.jpg 300w\" sizes=\"(max-width: 1024px) 100vw, 1024px\" \/><\/a>\n\t\t\t<\/dt><\/dl><br style=\"clear: both\" \/><dl class='gallery-item'>\n\t\t\t<dt class='gallery-icon landscape'>\n\t\t\t\t<a href='https:\/\/www.laprovidenciarecoleta.cl\/inicio\/wp-content\/uploads\/2022\/06\/Entrega-alimentos-junio-16.jpg'><img loading=\"lazy\" decoding=\"async\" width=\"1024\" height=\"768\" src=\"https:\/\/www.laprovidenciarecoleta.cl\/inicio\/wp-content\/uploads\/2022\/06\/Entrega-alimentos-junio-16-1024x768.jpg\" class=\"attachment-large size-large\" alt=\"\" srcset=\"https:\/\/www.laprovidenciarecoleta.cl\/inicio\/wp-content\/uploads\/2022\/06\/Entrega-alimentos-junio-16.jpg 1024w, https:\/\/www.laprovidenciarecoleta.cl\/inicio\/wp-content\/uploads\/2022\/06\/Entrega-alimentos-junio-16-300x225.jpg 300w\" sizes=\"(max-width: 1024px) 100vw, 1024px\" \/><\/a>\n\t\t\t<\/dt><\/dl><br style=\"clear: both\" \/><dl class='gallery-item'>\n\t\t\t<dt class='gallery-icon landscape'>\n\t\t\t\t<a href='https:\/\/www.laprovidenciarecoleta.cl\/inicio\/wp-content\/uploads\/2022\/06\/Entrega-alimentos-junio-17.jpg'><img loading=\"lazy\" decoding=\"async\" width=\"1024\" height=\"768\" src=\"https:\/\/www.laprovidenciarecoleta.cl\/inicio\/wp-content\/uploads\/2022\/06\/Entrega-alimentos-junio-17-1024x768.jpg\" class=\"attachment-large size-large\" alt=\"\" srcset=\"https:\/\/www.laprovidenciarecoleta.cl\/inicio\/wp-content\/uploads\/2022\/06\/Entrega-alimentos-junio-17.jpg 1024w, https:\/\/www.laprovidenciarecoleta.cl\/inicio\/wp-content\/uploads\/2022\/06\/Entrega-alimentos-junio-17-300x225.jpg 300w\" sizes=\"(max-width: 1024px) 100vw, 1024px\" \/><\/a>\n\t\t\t<\/dt><\/dl><br style=\"clear: both\" \/><dl class='gallery-item'>\n\t\t\t<dt class='gallery-icon landscape'>\n\t\t\t\t<a href='https:\/\/www.laprovidenciarecoleta.cl\/inicio\/wp-content\/uploads\/2022\/06\/Entrega-alimentos-junio-18.jpg'><img loading=\"lazy\" decoding=\"async\" width=\"1024\" height=\"768\" src=\"https:\/\/www.laprovidenciarecoleta.cl\/inicio\/wp-content\/uploads\/2022\/06\/Entrega-alimentos-junio-18-1024x768.jpg\" class=\"attachment-large size-large\" alt=\"\" srcset=\"https:\/\/www.laprovidenciarecoleta.cl\/inicio\/wp-content\/uploads\/2022\/06\/Entrega-alimentos-junio-18.jpg 1024w, https:\/\/www.laprovidenciarecoleta.cl\/inicio\/wp-content\/uploads\/2022\/06\/Entrega-alimentos-junio-18-300x225.jpg 300w\" sizes=\"(max-width: 1024px) 100vw, 1024px\" \/><\/a>\n\t\t\t<\/dt><\/dl><br style=\"clear: both\" \/><dl class='gallery-item'>\n\t\t\t<dt class='gallery-icon landscape'>\n\t\t\t\t<a href='https:\/\/www.laprovidenciarecoleta.cl\/inicio\/wp-content\/uploads\/2022\/06\/Entrega-alimentos-junio-19.jpg'><img loading=\"lazy\" decoding=\"async\" width=\"1024\" height=\"768\" src=\"https:\/\/www.laprovidenciarecoleta.cl\/inicio\/wp-content\/uploads\/2022\/06\/Entrega-alimentos-junio-19-1024x768.jpg\" class=\"attachment-large size-large\" alt=\"\" srcset=\"https:\/\/www.laprovidenciarecoleta.cl\/inicio\/wp-content\/uploads\/2022\/06\/Entrega-alimentos-junio-19.jpg 1024w, https:\/\/www.laprovidenciarecoleta.cl\/inicio\/wp-content\/uploads\/2022\/06\/Entrega-alimentos-junio-19-300x225.jpg 300w\" sizes=\"(max-width: 1024px) 100vw, 1024px\" \/><\/a>\n\t\t\t<\/dt><\/dl><br style=\"clear: both\" \/>\n\t\t<\/div>\n\n<p><b>[gallery] shortcode not found inside [smart-grid][\/smart-grid] shortcode<\/b><\/p>\n<p>&nbsp;<\/p>\n","protected":false},"excerpt":{"rendered":"<p>El\u00a0 viernes 17 de junio, nuestra encargada de Pastoral junto a la apoderada de sexto b, sra. Macarena\u00a0 Z\u00fa\u00f1iga, entregaron la donaci\u00f3n de alimentos no perecibles aportados por nuestros apoderados\u00a0 durante las reuniones de curso. Agradecemos\u00a0 a nuestros apoderados la colaboraci\u00f3n permanente con el comedor Emilia Gamelin ubicado en calle Condell\u00a0 50, comuna de Providencia. &nbsp;<\/p>\n","protected":false},"author":6,"featured_media":14000,"comment_status":"closed","ping_status":"closed","sticky":false,"template":"","format":"gallery","meta":{"footnotes":""},"categories":[16],"tags":[],"_links":{"self":[{"href":"https:\/\/www.laprovidenciarecoleta.cl\/inicio\/wp-json\/wp\/v2\/posts\/13992"}],"collection":[{"href":"https:\/\/www.laprovidenciarecoleta.cl\/inicio\/wp-json\/wp\/v2\/posts"}],"about":[{"href":"https:\/\/www.laprovidenciarecoleta.cl\/inicio\/wp-json\/wp\/v2\/types\/post"}],"author":[{"embeddable":true,"href":"https:\/\/www.laprovidenciarecoleta.cl\/inicio\/wp-json\/wp\/v2\/users\/6"}],"replies":[{"embeddable":true,"href":"https:\/\/www.laprovidenciarecoleta.cl\/inicio\/wp-json\/wp\/v2\/comments?post=13992"}],"version-history":[{"count":7,"href":"https:\/\/www.laprovidenciarecoleta.cl\/inicio\/wp-json\/wp\/v2\/posts\/13992\/revisions"}],"predecessor-version":[{"id":14022,"href":"https:\/\/www.laprovidenciarecoleta.cl\/inicio\/wp-json\/wp\/v2\/posts\/13992\/revisions\/14022"}],"wp:featuredmedia":[{"embeddable":true,"href":"https:\/\/www.laprovidenciarecoleta.cl\/inicio\/wp-json\/wp\/v2\/media\/14000"}],"wp:attachment":[{"href":"https:\/\/www.laprovidenciarecoleta.cl\/inicio\/wp-json\/wp\/v2\/media?parent=13992"}],"wp:term":[{"taxonomy":"category","embeddable":true,"href":"https:\/\/www.laprovidenciarecoleta.cl\/inicio\/wp-json\/wp\/v2\/categories?post=13992"},{"taxonomy":"post_tag","embeddable":true,"href":"https:\/\/www.laprovidenciarecoleta.cl\/inicio\/wp-json\/wp\/v2\/tags?post=13992"}],"curies":[{"name":"wp","href":"https:\/\/api.w.org\/{rel}","templated":true}]}}