{"id":13943,"date":"2022-06-15T13:08:19","date_gmt":"2022-06-15T17:08:19","guid":{"rendered":"http:\/\/www.laprovidenciarecoleta.cl\/inicio\/?p=13943"},"modified":"2022-06-15T13:08:19","modified_gmt":"2022-06-15T17:08:19","slug":"comunicado-n11-interferiado-y-vacaciones-de-invierno","status":"publish","type":"post","link":"https:\/\/www.laprovidenciarecoleta.cl\/inicio\/comunicado-n11-interferiado-y-vacaciones-de-invierno\/","title":{"rendered":"Comunicado n\u00b011: Interferiado y Vacaciones de invierno"},"content":{"rendered":"<p><strong>\u00a0 \u00a0 \u00a0 \u00a0 \u00a0 \u00a0 \u00a0 \u00a0 \u00a0 \u00a0 \u00a0 \u00a0 \u00a0 \u00a0 \u00a0 \u00a0 \u00a0 \u00a0 \u00a0 \u00a0 \u00a0<\/strong><strong>Interferiado y Modificaci\u00f3n vacaciones de invierno.<\/strong><\/p>\n<p style=\"text-align: left;\">Estimados Padres y Apoderados:<\/p>\n<p>Junto con saludar y esperando que se encuentren muy bien junto a sus familias, nos dirigimos a ustedes para informar:<\/p>\n<ol>\n<li>El lunes 20 de junio no habr\u00e1 clases por ser interferiado, d\u00eda que ser\u00e1 recuperado el 13 de diciembre, seg\u00fan calendario escolar aprobado por la Provincial de Educaci\u00f3n.<\/li>\n<li>Debido a la compleja situaci\u00f3n sanitaria en la que nos encontramos, los Ministerios de Salud y de Educaci\u00f3n han decidido adelantar y ampliar el periodo de vacaciones de invierno de 2 a 3 semanas, siendo el \u00faltimo d\u00eda de clases el mi\u00e9rcoles 29 de junio, y el regreso el\u00a0 lunes 25 de julio.<\/li>\n<\/ol>\n<p>Sin otro particular nos despedimos fraternalmente<\/p>\n<p>Equipo de Gesti\u00f3n<\/p>\n<p>Escuela San Jos\u00e9<\/p>\n<p>&nbsp;<\/p>\n","protected":false},"excerpt":{"rendered":"<p>\u00a0 \u00a0 \u00a0 \u00a0 \u00a0 \u00a0 \u00a0 \u00a0 \u00a0 \u00a0 \u00a0 \u00a0 \u00a0 \u00a0 \u00a0 \u00a0 \u00a0 \u00a0 \u00a0 \u00a0 \u00a0Interferiado y Modificaci\u00f3n vacaciones de invierno. Estimados Padres y Apoderados: Junto con saludar y esperando que se encuentren muy bien junto a sus familias, nos dirigimos a ustedes para informar: El lunes 20 de junio no habr\u00e1 clases por ser&nbsp;<a href=\"https:\/\/www.laprovidenciarecoleta.cl\/inicio\/comunicado-n11-interferiado-y-vacaciones-de-invierno\/\">&hellip;<\/a><\/p>\n","protected":false},"author":6,"featured_media":4450,"comment_status":"closed","ping_status":"closed","sticky":false,"template":"","format":"standard","meta":{"footnotes":""},"categories":[113],"tags":[],"_links":{"self":[{"href":"https:\/\/www.laprovidenciarecoleta.cl\/inicio\/wp-json\/wp\/v2\/posts\/13943"}],"collection":[{"href":"https:\/\/www.laprovidenciarecoleta.cl\/inicio\/wp-json\/wp\/v2\/posts"}],"about":[{"href":"https:\/\/www.laprovidenciarecoleta.cl\/inicio\/wp-json\/wp\/v2\/types\/post"}],"author":[{"embeddable":true,"href":"https:\/\/www.laprovidenciarecoleta.cl\/inicio\/wp-json\/wp\/v2\/users\/6"}],"replies":[{"embeddable":true,"href":"https:\/\/www.laprovidenciarecoleta.cl\/inicio\/wp-json\/wp\/v2\/comments?post=13943"}],"version-history":[{"count":1,"href":"https:\/\/www.laprovidenciarecoleta.cl\/inicio\/wp-json\/wp\/v2\/posts\/13943\/revisions"}],"predecessor-version":[{"id":13944,"href":"https:\/\/www.laprovidenciarecoleta.cl\/inicio\/wp-json\/wp\/v2\/posts\/13943\/revisions\/13944"}],"wp:featuredmedia":[{"embeddable":true,"href":"https:\/\/www.laprovidenciarecoleta.cl\/inicio\/wp-json\/wp\/v2\/media\/4450"}],"wp:attachment":[{"href":"https:\/\/www.laprovidenciarecoleta.cl\/inicio\/wp-json\/wp\/v2\/media?parent=13943"}],"wp:term":[{"taxonomy":"category","embeddable":true,"href":"https:\/\/www.laprovidenciarecoleta.cl\/inicio\/wp-json\/wp\/v2\/categories?post=13943"},{"taxonomy":"post_tag","embeddable":true,"href":"https:\/\/www.laprovidenciarecoleta.cl\/inicio\/wp-json\/wp\/v2\/tags?post=13943"}],"curies":[{"name":"wp","href":"https:\/\/api.w.org\/{rel}","templated":true}]}}