{"id":13941,"date":"2022-06-14T21:11:04","date_gmt":"2022-06-15T01:11:04","guid":{"rendered":"http:\/\/www.laprovidenciarecoleta.cl\/inicio\/?p=13941"},"modified":"2022-06-14T21:11:04","modified_gmt":"2022-06-15T01:11:04","slug":"comunicado-n10-retiro-de-estudiantes-durante-la-jornada-escolar","status":"publish","type":"post","link":"https:\/\/www.laprovidenciarecoleta.cl\/inicio\/comunicado-n10-retiro-de-estudiantes-durante-la-jornada-escolar\/","title":{"rendered":"Comunicado n\u00b010: Retiro de estudiantes durante la jornada escolar"},"content":{"rendered":"<p style=\"text-align: right;\">Martes 14\u00a0 de junio\u00a0 de 2022.<\/p>\n<p>Estimados Padres y Apoderados.<\/p>\n<p>Junto con saludar y esperando que se encuentren muy bien, nos dirigimos a ustedes con el fin de velar por el cuidado de sus hijos y ante la necesidad de retirar a un estudiante, antes del t\u00e9rmino de la jornada escolar diaria, solicitamos tenga a bien considerar lo siguiente:<\/p>\n<ol>\n<li>En la medida de lo posible, hacer los retiros durante tiempos de recreos (09:30 a 09:50, 11:20 a 11:40) o colaci\u00f3n (seg\u00fan horario del nivel).<\/li>\n<li>S\u00f3lo pueden retirar al estudiante quienes aparecen identificados como <strong>apoderado titular y\/o suplente<\/strong> en la ficha de matr\u00edcula.<\/li>\n<li>En la eventualidad que otra persona, delegada por el apoderado titular o suplente, retire al estudiante, ser\u00e1n los apoderados los responsables de evidenciar por escrito, no telef\u00f3nicamente, esta delegaci\u00f3n. La delegaci\u00f3n escrita podr\u00e1 ser presentada v\u00eda <strong>agenda escolar o correo electr\u00f3nico<\/strong> dirigido a\u00a0 secretaria@laprovidenciarecoleta.cl\u00a0 \u00a0 En ambos casos el apoderado identificar\u00e1 con nombre y Rut a quien retira al estudiante. Quien no env\u00ede la delegaci\u00f3n escrita previamente, no podr\u00e1 retirar al estudiante.<\/li>\n<li>La escuela buscar\u00e1 atender con diligencia las solicitudes de retiro de estudiantes, sin embargo, cada vez que los apoderados o un tercero delegado soliciten el retiro de un estudiante, deber\u00e1n:<\/li>\n<\/ol>\n<p>4.1.\u00a0\u00a0\u00a0\u00a0\u00a0\u00a0\u00a0\u00a0\u00a0\u00a0\u00a0Considerar un tiempo prudencial que permita, al personal de la escuela, gestionar adecuada y ordenadamente, seg\u00fan protocolo, la salida formal del estudiante.<\/p>\n<p>4.2.\u00a0\u00a0\u00a0\u00a0\u00a0\u00a0\u00a0\u00a0\u00a0\u00a0\u00a0Contemplar que puede haber requerimientos anteriores, similares o distintos, de otros apoderados que deben atenderse previamente porque llegaron antes.<\/p>\n<p>4.3.\u00a0\u00a0\u00a0\u00a0\u00a0\u00a0\u00a0\u00a0\u00a0\u00a0\u00a0Facilitar su <strong>C\u00e9dula de Identidad<\/strong>, que ser\u00e1 lo primero que se le solicitar\u00e1 en recepci\u00f3n, para corroborar su identidad y hacer el registro escrito en el Libro de Salidas Diarias. Quien no porte o facilite su C\u00e9dula de Identidad, no podr\u00e1 retirar al estudiante.<\/p>\n<p>4.4.\u00a0\u00a0\u00a0\u00a0\u00a0\u00a0\u00a0\u00a0\u00a0\u00a0\u00a0Firmar el Libro de Salidas Diarias.<\/p>\n<p>&nbsp;<\/p>\n<p>Agradecemos vuestra atenci\u00f3n y colaboraci\u00f3n. Fraternalmente<\/p>\n<p style=\"text-align: center;\">Equipo Directivo<\/p>\n<p style=\"text-align: center;\">Escuela San Jos\u00e9<\/p>\n","protected":false},"excerpt":{"rendered":"<p>Martes 14\u00a0 de junio\u00a0 de 2022. Estimados Padres y Apoderados. Junto con saludar y esperando que se encuentren muy bien, nos dirigimos a ustedes con el fin de velar por el cuidado de sus hijos y ante la necesidad de retirar a un estudiante, antes del t\u00e9rmino de la jornada escolar diaria, solicitamos tenga a bien considerar lo siguiente: En&nbsp;<a href=\"https:\/\/www.laprovidenciarecoleta.cl\/inicio\/comunicado-n10-retiro-de-estudiantes-durante-la-jornada-escolar\/\">&hellip;<\/a><\/p>\n","protected":false},"author":6,"featured_media":4450,"comment_status":"closed","ping_status":"closed","sticky":false,"template":"","format":"standard","meta":{"footnotes":""},"categories":[113],"tags":[],"_links":{"self":[{"href":"https:\/\/www.laprovidenciarecoleta.cl\/inicio\/wp-json\/wp\/v2\/posts\/13941"}],"collection":[{"href":"https:\/\/www.laprovidenciarecoleta.cl\/inicio\/wp-json\/wp\/v2\/posts"}],"about":[{"href":"https:\/\/www.laprovidenciarecoleta.cl\/inicio\/wp-json\/wp\/v2\/types\/post"}],"author":[{"embeddable":true,"href":"https:\/\/www.laprovidenciarecoleta.cl\/inicio\/wp-json\/wp\/v2\/users\/6"}],"replies":[{"embeddable":true,"href":"https:\/\/www.laprovidenciarecoleta.cl\/inicio\/wp-json\/wp\/v2\/comments?post=13941"}],"version-history":[{"count":1,"href":"https:\/\/www.laprovidenciarecoleta.cl\/inicio\/wp-json\/wp\/v2\/posts\/13941\/revisions"}],"predecessor-version":[{"id":13942,"href":"https:\/\/www.laprovidenciarecoleta.cl\/inicio\/wp-json\/wp\/v2\/posts\/13941\/revisions\/13942"}],"wp:featuredmedia":[{"embeddable":true,"href":"https:\/\/www.laprovidenciarecoleta.cl\/inicio\/wp-json\/wp\/v2\/media\/4450"}],"wp:attachment":[{"href":"https:\/\/www.laprovidenciarecoleta.cl\/inicio\/wp-json\/wp\/v2\/media?parent=13941"}],"wp:term":[{"taxonomy":"category","embeddable":true,"href":"https:\/\/www.laprovidenciarecoleta.cl\/inicio\/wp-json\/wp\/v2\/categories?post=13941"},{"taxonomy":"post_tag","embeddable":true,"href":"https:\/\/www.laprovidenciarecoleta.cl\/inicio\/wp-json\/wp\/v2\/tags?post=13941"}],"curies":[{"name":"wp","href":"https:\/\/api.w.org\/{rel}","templated":true}]}}