{"id":11709,"date":"2020-11-29T16:35:56","date_gmt":"2020-11-29T19:35:56","guid":{"rendered":"http:\/\/www.laprovidenciarecoleta.cl\/escuela\/?p=11709"},"modified":"2020-11-29T16:35:56","modified_gmt":"2020-11-29T19:35:56","slug":"reporte-plan-piloto-clases-online","status":"publish","type":"post","link":"https:\/\/www.laprovidenciarecoleta.cl\/inicio\/reporte-plan-piloto-clases-online\/","title":{"rendered":"Reporte plan piloto clases online"},"content":{"rendered":"<p><strong>Plan Piloto Clases online<\/strong><strong>:<\/strong><\/p>\n<p>Como anunci\u00e1ramos en nuestra \u00faltima Reuni\u00f3n de Padres y apoderados; la Escuela San Jos\u00e9 inici\u00f3 durante el segundo semestre, el Plan Piloto de clases online, con el objetivo de tener informaci\u00f3n y tomar \u00a0decisiones de la modalidad de trabajo para el a\u00f1o 2021. En relaci\u00f3n a esta experiencia compartimos lo siguiente:<\/p>\n<table width=\"755\">\n<tbody>\n<tr>\n<td width=\"755\"><strong>Fortalezas<\/strong>:<\/p>\n<p>&#8211; Actitud respetuosa de nuestros y nuestras estudiantes frente a esta modalidad.<\/p>\n<p>&#8211; Empat\u00eda de docentes y estudiantes, frente a situaciones imprevistas que se dan en esta modalidad on line.<\/p>\n<p>&nbsp;<\/td>\n<\/tr>\n<tr>\n<td width=\"755\"><strong>Desaf\u00edos<\/strong>:<\/p>\n<p>&#8211; Participaci\u00f3n activa de los y las estudiantes en\u00a0 clases<\/td>\n<\/tr>\n<tr>\n<td width=\"755\">&#8211; Encender c\u00e1maras por parte de los y las estudiantes<\/td>\n<\/tr>\n<tr>\n<td width=\"755\">&#8211; Uso de correos institucionales, para cuidar el acceso de personas ajenas a nuestra comunidad educativa<\/td>\n<\/tr>\n<tr>\n<td width=\"755\">&#8211; Asistencia y puntualidad<\/td>\n<\/tr>\n<\/tbody>\n<\/table>\n<p>&nbsp;<\/p>\n<table width=\"717\">\n<tbody>\n<tr>\n<td width=\"121\"><strong>CURSO<\/strong><\/td>\n<td width=\"207\"><strong>ASIGNATURA<\/strong><\/td>\n<td width=\"389\"><strong>PROFESOR\/A<\/strong><\/td>\n<\/tr>\n<tr>\n<td width=\"121\">1\u00baA<\/td>\n<td width=\"207\">Reforzamiento<\/td>\n<td width=\"389\">Sandra Soto<\/td>\n<\/tr>\n<tr>\n<td width=\"121\">1\u00baB<\/td>\n<td width=\"207\">Lenguaje<\/td>\n<td width=\"389\">Francesca Flores<\/td>\n<\/tr>\n<tr>\n<td width=\"121\">5\u00baA<\/td>\n<td width=\"207\">Matem\u00e1tica<\/td>\n<td width=\"389\">Lorena Ureta<\/td>\n<\/tr>\n<tr>\n<td width=\"121\">5\u00baB<\/td>\n<td width=\"207\">Matem\u00e1tica<\/td>\n<td width=\"389\">Lorena Ureta<\/td>\n<\/tr>\n<tr>\n<td width=\"121\">6\u00baA<\/td>\n<td width=\"207\">Historia<\/td>\n<td width=\"389\">\u00a0Constanza Ni\u00f1o<\/td>\n<\/tr>\n<tr>\n<td width=\"121\">6\u00baB<\/td>\n<td width=\"207\">Historia<\/td>\n<td width=\"389\">\u00a0Constanza Ni\u00f1o<\/td>\n<\/tr>\n<tr>\n<td width=\"121\">7\u00baA<\/td>\n<td width=\"207\">Matem\u00e1tica &#8211; Ciencias<\/td>\n<td width=\"389\">Hern\u00e1n Mart\u00ednez \/Paulina Montecinos<\/td>\n<\/tr>\n<tr>\n<td width=\"121\">7\u00baB<\/td>\n<td width=\"207\">Matem\u00e1tica &#8211; Ciencias<\/td>\n<td width=\"389\">Cynthia Jara \/ Paulina Montecinos<\/td>\n<\/tr>\n<tr>\n<td width=\"121\">8\u00baA<\/td>\n<td width=\"207\">Matem\u00e1tica &#8211; Ciencias- Historia<\/td>\n<td width=\"389\">Cynthia Jara \/ Paulina Montecinos\/Nayaret Cabezas<\/td>\n<\/tr>\n<tr>\n<td width=\"121\">8\u00baB<\/td>\n<td width=\"207\">Matem\u00e1tica &#8211; Ciencias-Historia<\/td>\n<td width=\"389\">Cynthia Jara \/ Paulina Montecinos\/Nayaret Cabezas<\/td>\n<\/tr>\n<\/tbody>\n<\/table>\n<p>&nbsp;<\/p>\n","protected":false},"excerpt":{"rendered":"<p>Plan Piloto Clases online: Como anunci\u00e1ramos en nuestra \u00faltima Reuni\u00f3n de Padres y apoderados; la Escuela San Jos\u00e9 inici\u00f3 durante el segundo semestre, el Plan Piloto de clases online, con el objetivo de tener informaci\u00f3n y tomar \u00a0decisiones de la modalidad de trabajo para el a\u00f1o 2021. En relaci\u00f3n a esta experiencia compartimos lo siguiente: Fortalezas: &#8211; Actitud respetuosa de&nbsp;<a href=\"https:\/\/www.laprovidenciarecoleta.cl\/inicio\/reporte-plan-piloto-clases-online\/\">&hellip;<\/a><\/p>\n","protected":false},"author":6,"featured_media":0,"comment_status":"open","ping_status":"open","sticky":false,"template":"","format":"standard","meta":{"footnotes":""},"categories":[16],"tags":[],"_links":{"self":[{"href":"https:\/\/www.laprovidenciarecoleta.cl\/inicio\/wp-json\/wp\/v2\/posts\/11709"}],"collection":[{"href":"https:\/\/www.laprovidenciarecoleta.cl\/inicio\/wp-json\/wp\/v2\/posts"}],"about":[{"href":"https:\/\/www.laprovidenciarecoleta.cl\/inicio\/wp-json\/wp\/v2\/types\/post"}],"author":[{"embeddable":true,"href":"https:\/\/www.laprovidenciarecoleta.cl\/inicio\/wp-json\/wp\/v2\/users\/6"}],"replies":[{"embeddable":true,"href":"https:\/\/www.laprovidenciarecoleta.cl\/inicio\/wp-json\/wp\/v2\/comments?post=11709"}],"version-history":[{"count":0,"href":"https:\/\/www.laprovidenciarecoleta.cl\/inicio\/wp-json\/wp\/v2\/posts\/11709\/revisions"}],"wp:attachment":[{"href":"https:\/\/www.laprovidenciarecoleta.cl\/inicio\/wp-json\/wp\/v2\/media?parent=11709"}],"wp:term":[{"taxonomy":"category","embeddable":true,"href":"https:\/\/www.laprovidenciarecoleta.cl\/inicio\/wp-json\/wp\/v2\/categories?post=11709"},{"taxonomy":"post_tag","embeddable":true,"href":"https:\/\/www.laprovidenciarecoleta.cl\/inicio\/wp-json\/wp\/v2\/tags?post=11709"}],"curies":[{"name":"wp","href":"https:\/\/api.w.org\/{rel}","templated":true}]}}