{"id":11681,"date":"2020-11-24T10:22:35","date_gmt":"2020-11-24T13:22:35","guid":{"rendered":"http:\/\/www.laprovidenciarecoleta.cl\/escuela\/?p=11681"},"modified":"2020-11-24T10:22:35","modified_gmt":"2020-11-24T13:22:35","slug":"proceso-de-finalizacion-ano-escolar-2020","status":"publish","type":"post","link":"https:\/\/www.laprovidenciarecoleta.cl\/inicio\/proceso-de-finalizacion-ano-escolar-2020\/","title":{"rendered":"Proceso de finalizaci\u00f3n a\u00f1o escolar  2020"},"content":{"rendered":"<p><a href=\"http:\/\/www.laprovidenciarecoleta.cl\/inicio\/wp-content\/uploads\/2020\/11\/Informativo.jpg\"><img loading=\"lazy\" decoding=\"async\" class=\"alignnone size-full wp-image-11682\" src=\"http:\/\/www.laprovidenciarecoleta.cl\/inicio\/wp-content\/uploads\/2020\/11\/Informativo.jpg\" alt=\"\" width=\"1280\" height=\"720\" srcset=\"https:\/\/www.laprovidenciarecoleta.cl\/inicio\/wp-content\/uploads\/2020\/11\/Informativo.jpg 1280w, https:\/\/www.laprovidenciarecoleta.cl\/inicio\/wp-content\/uploads\/2020\/11\/Informativo-300x169.jpg 300w, https:\/\/www.laprovidenciarecoleta.cl\/inicio\/wp-content\/uploads\/2020\/11\/Informativo-1024x576.jpg 1024w\" sizes=\"(max-width: 1280px) 100vw, 1280px\" \/><\/a><\/p>\n<p>Estimados Apoderados, reciban un cordial saludo. Como siempre, esperamos que se encuentren bien y lo mismo sus familias.<!--more--><\/p>\n<p>Por este medio informamos a ustedes algunas fechas importantes en el proceso de finalizaci\u00f3n del a\u00f1o escolar 2020.<\/p>\n<p>Niveles de k\u00ednder a 8\u00b0 b\u00e1sico.<\/p>\n<table>\n<tbody>\n<tr>\n<td width=\"196\">Mi\u00e9rcoles 2,jueves 3 y viernes 4 diciembre<\/td>\n<td width=\"402\"><b>Reuniones de apoderados(online) <\/b>d\u00eda y horario ser\u00e1 confirmado por el profesor jefe.<\/td>\n<\/tr>\n<tr>\n<td width=\"196\">Mi\u00e9rcoles 23 diciembre<\/td>\n<td width=\"402\"><strong>Finalizaci\u00f3n de actividades lectivas<\/strong> \u2013 Todos los cursos y asignaturas.<\/td>\n<\/tr>\n<tr>\n<td width=\"196\">Martes 29 de diciembre<\/td>\n<td width=\"402\"><strong>Entrega de certificados<\/strong>\u00a0solo estudiantes que se cambian de colegio y que egresan de octavo.<\/td>\n<\/tr>\n<\/tbody>\n<\/table>\n<p>&nbsp;<\/p>\n<p><strong>Matr\u00edculas\u00a0 cursos 2021<\/strong><\/p>\n<table>\n<tbody>\n<tr>\n<td width=\"299\">Lunes 14 \u00a0al viernes 18 de diciembre<\/td>\n<td width=\"299\"><strong>Estudiantes nuevos SAE-<\/strong>presencial en dependencias de la escuela \u2013 de 9:30 a 13:30 horas.<\/p>\n<p>Documentos que debe presentar : certificado de nacimiento, certificado de promoci\u00f3n a\u00f1os anteriores y certificado de\u00a0 <a href=\"https:\/\/www.sistemadeadmisionescolar.cl\/\" target=\"_blank\" rel=\"noopener noreferrer\" data-saferedirecturl=\"https:\/\/www.google.com\/url?q=http:\/\/sistemaescolar.cl\/&amp;source=gmail&amp;ust=1606939525108000&amp;usg=AFQjCNGx_lQ7nw3oO7Md0IyZmVAxbV_9CQ\">sistemadeadmisionescolar.cl<\/a> que se\u00f1ala que el\u00a0 o la estudiante est\u00e1 aceptado\/a\u00a0 en la escuela.<\/td>\n<\/tr>\n<tr>\n<td width=\"299\">Lunes 14 al lunes 21 de diciembre<\/td>\n<td width=\"299\"><strong>Estudiantes antiguos Escuela San Jos\u00e9. <\/strong>\u2013 online.<\/p>\n<p>Se enviar\u00e1 oportunamente la informaci\u00f3n con las especificaciones del proceso.<\/td>\n<\/tr>\n<\/tbody>\n<\/table>\n<p>Toda la informaci\u00f3n tambi\u00e9n ser\u00e1 publicada en nuestra p\u00e1gina Web: <a href=\"http:\/\/www.laprovidenciarecoleta.cl\" target=\"_blank\" rel=\"noopener noreferrer\">www.laprovidenciarecoleta.cl<\/a><\/p>\n<p>Agradecidos de la atenci\u00f3n brindada a esta comunicaci\u00f3n, nos despedimos con un abrazo fraterno.<\/p>\n<p>&nbsp;<\/p>\n<p style=\"text-align: center;\">Equipo de Gesti\u00f3n.<\/p>\n<p style=\"text-align: center;\">Escuela San Jos\u00e9<\/p>\n","protected":false},"excerpt":{"rendered":"<p>Estimados Apoderados, reciban un cordial saludo. Como siempre, esperamos que se encuentren bien y lo mismo sus familias.<\/p>\n","protected":false},"author":6,"featured_media":0,"comment_status":"open","ping_status":"open","sticky":false,"template":"","format":"standard","meta":{"footnotes":""},"categories":[16],"tags":[],"_links":{"self":[{"href":"https:\/\/www.laprovidenciarecoleta.cl\/inicio\/wp-json\/wp\/v2\/posts\/11681"}],"collection":[{"href":"https:\/\/www.laprovidenciarecoleta.cl\/inicio\/wp-json\/wp\/v2\/posts"}],"about":[{"href":"https:\/\/www.laprovidenciarecoleta.cl\/inicio\/wp-json\/wp\/v2\/types\/post"}],"author":[{"embeddable":true,"href":"https:\/\/www.laprovidenciarecoleta.cl\/inicio\/wp-json\/wp\/v2\/users\/6"}],"replies":[{"embeddable":true,"href":"https:\/\/www.laprovidenciarecoleta.cl\/inicio\/wp-json\/wp\/v2\/comments?post=11681"}],"version-history":[{"count":0,"href":"https:\/\/www.laprovidenciarecoleta.cl\/inicio\/wp-json\/wp\/v2\/posts\/11681\/revisions"}],"wp:attachment":[{"href":"https:\/\/www.laprovidenciarecoleta.cl\/inicio\/wp-json\/wp\/v2\/media?parent=11681"}],"wp:term":[{"taxonomy":"category","embeddable":true,"href":"https:\/\/www.laprovidenciarecoleta.cl\/inicio\/wp-json\/wp\/v2\/categories?post=11681"},{"taxonomy":"post_tag","embeddable":true,"href":"https:\/\/www.laprovidenciarecoleta.cl\/inicio\/wp-json\/wp\/v2\/tags?post=11681"}],"curies":[{"name":"wp","href":"https:\/\/api.w.org\/{rel}","templated":true}]}}