{"id":11451,"date":"2020-11-17T10:55:37","date_gmt":"2020-11-17T13:55:37","guid":{"rendered":"http:\/\/www.laprovidenciarecoleta.cl\/escuela\/?p=11451"},"modified":"2020-11-17T10:55:37","modified_gmt":"2020-11-17T13:55:37","slug":"analizando-y-evaluando-mis-experiencias-durante-este-ano","status":"publish","type":"post","link":"https:\/\/www.laprovidenciarecoleta.cl\/inicio\/analizando-y-evaluando-mis-experiencias-durante-este-ano\/","title":{"rendered":"\u201cAnalizando y evaluando mis experiencias durante este a\u00f1o\u201d"},"content":{"rendered":"<p><a href=\"http:\/\/www.laprovidenciarecoleta.cl\/inicio\/wp-content\/uploads\/2020\/11\/psicologia-.png\"><img loading=\"lazy\" decoding=\"async\" class=\"alignnone size-full wp-image-11452\" src=\"http:\/\/www.laprovidenciarecoleta.cl\/inicio\/wp-content\/uploads\/2020\/11\/psicologia-.png\" alt=\"\" width=\"1280\" height=\"720\" srcset=\"https:\/\/www.laprovidenciarecoleta.cl\/inicio\/wp-content\/uploads\/2020\/11\/psicologia-.png 1280w, https:\/\/www.laprovidenciarecoleta.cl\/inicio\/wp-content\/uploads\/2020\/11\/psicologia--300x169.png 300w, https:\/\/www.laprovidenciarecoleta.cl\/inicio\/wp-content\/uploads\/2020\/11\/psicologia--1024x576.png 1024w\" sizes=\"(max-width: 1280px) 100vw, 1280px\" \/><\/a><\/p>\n<p>Sin duda alguna, este a\u00f1o, ha sido una tremenda experiencia para muchas personas; un a\u00f1o lleno de aprendizajes, vivencias, emociones y cambios. Posiblemente, sobretodo en un principio, muchos sintieron miedo, pero luego, con el tiempo ya fueron adapt\u00e1ndose a esta nueva realidad. Se experimentaron cambios a nivel escolar, social, familiar, laboral, etc. los cuales son importantes de analizar para finalmente observar si se ha adquirido alg\u00fan aprendizaje de ello.<\/p>\n<p>A nivel escolar, el hogar, pas\u00f3 a ser la escuela del estudiante; ustedes, los padres, pasaron a ser los segundos profesores de sus hijos, tuvieron que entender materias nuevas para explicarles y evitar las frustraciones propias que genera esta nueva modalidad. Los docentes \u201centraron\u201d en su hogar, para, a c\u00f3mo de lugar, seguir manteniendo una cercan\u00eda y v\u00ednculo con el estudiante, haciendo su m\u00e1ximo esfuerzo para que ellos\/as sigan aprendiendo, a pesar de las dificultades.<\/p>\n<p>A nivel social tambi\u00e9n se han ido experimentando cambios, hemos tenido que ir respetando ciertas normas, formas de autocuidado y protocolos; salir en horarios permitidos y con las medidas de protecci\u00f3n adecuadas; tambi\u00e9n hemos tenido que aprender a respetar el espacio del otro.<\/p>\n<p>A nivel familiar, las relaciones con la familia, han cambiado, muchas veces priv\u00e1ndonos de un simple saludo con un beso o un abrazo al encontrarnos. Hemos tenido que adaptarnos a tener conversaciones \u201cvirtuales\u201d, muchas veces ense\u00f1ando a los m\u00e1s mayores de la familia a c\u00f3mo hacer uso de la tecnolog\u00eda.<\/p>\n<p>En lo laboral, si desafortunadamente alguien de la familia perdi\u00f3 su trabajo, ha tenido que bancarse la rabia, el miedo y la angustia de perder esta fuente econ\u00f3mica que da sustento a la familia. Si afortunadamente sigue con trabajo, quiz\u00e1s ha tenido que acostumbrarse a una nueva modalidad de \u201cteletrabajo\u201d, la cual tiene aspectos positivos y negativos, o simplemente si tiene que salir a trabajar fuera del hogar, tiene que lidiar con el miedo de contagiarse y enfermar a su familia.<\/p>\n<p>Quiero destacar que toda experiencia de vida, trae consigo emociones y lo importante es saber que todas ellas las cuales usted y su familia han sentido durante este per\u00edodo, ya sean agradables o desagradables, tienen una funci\u00f3n y son adaptativas. Por ejemplo, no es malo sentir miedo, porque \u00e9sta cumple un papel de supervivencia, ya que nos sirve para protegernos de los peligros, en este caso asociados a esta pandemia. As\u00ed es que no deben valorar negativamente esta emoci\u00f3n y por ende la experiencia que consigo trae.<\/p>\n<p>Seguramente usted y su familia han experimentado muchas m\u00e1s vivencias durante este complejo per\u00edodo; positivas y negativas, las cuales son importantes de conversar y analizar; es un ejercicio liberador, sanador y al compartirlas con su familia, se le generar\u00e1 una grata sensaci\u00f3n de apoyo y contenci\u00f3n. Es fundamental que los ni\u00f1os\/as y j\u00f3venes tambi\u00e9n puedan compartir sus experiencias con ustedes, a pesar de que a veces les cueste generar una adecuada comunicaci\u00f3n con ellos; induzca la conversaci\u00f3n, mot\u00edvelos a expresar y observen, disfruten de esta experiencia familiar, donde cada uno aporta desde su vivencia.<\/p>\n<p style=\"text-align: center;\"><strong><em>\u00a0<\/em><\/strong><strong><em>Reflexionemos: *En general usted, \u00bfc\u00f3mo evaluar\u00eda este a\u00f1o?<\/em><\/strong><\/p>\n<p><a href=\"http:\/\/www.laprovidenciarecoleta.cl\/inicio\/wp-content\/uploads\/2020\/11\/psicolog.16nov.jpg\"><img loading=\"lazy\" decoding=\"async\" class=\"size-full wp-image-11455 aligncenter\" src=\"http:\/\/www.laprovidenciarecoleta.cl\/inicio\/wp-content\/uploads\/2020\/11\/psicolog.16nov.jpg\" alt=\"\" width=\"318\" height=\"159\" srcset=\"https:\/\/www.laprovidenciarecoleta.cl\/inicio\/wp-content\/uploads\/2020\/11\/psicolog.16nov.jpg 318w, https:\/\/www.laprovidenciarecoleta.cl\/inicio\/wp-content\/uploads\/2020\/11\/psicolog.16nov-300x150.jpg 300w\" sizes=\"(max-width: 318px) 100vw, 318px\" \/><\/a><\/p>\n<p>&nbsp;<\/p>\n<p style=\"text-align: center;\"><em>Isabel Hadad R.<\/em><\/p>\n<p style=\"text-align: center;\"><em>Psic\u00f3loga<\/em><\/p>\n<p style=\"text-align: center;\"><em>Escuela San Jos\u00e9<\/em><\/p>\n<p style=\"text-align: center;\"><em>psicologia@laprovidenciarecoleta.cl<\/em><\/p>\n","protected":false},"excerpt":{"rendered":"<p>Sin duda alguna, este a\u00f1o, ha sido una tremenda experiencia para muchas personas; un a\u00f1o lleno de aprendizajes, vivencias, emociones y cambios. Posiblemente, sobretodo en un principio, muchos sintieron miedo, pero luego, con el tiempo ya fueron adapt\u00e1ndose a esta nueva realidad. Se experimentaron cambios a nivel escolar, social, familiar, laboral, etc. los cuales son importantes de analizar para finalmente&nbsp;<a href=\"https:\/\/www.laprovidenciarecoleta.cl\/inicio\/analizando-y-evaluando-mis-experiencias-durante-este-ano\/\">&hellip;<\/a><\/p>\n","protected":false},"author":6,"featured_media":0,"comment_status":"open","ping_status":"open","sticky":false,"template":"","format":"standard","meta":{"footnotes":""},"categories":[16],"tags":[],"_links":{"self":[{"href":"https:\/\/www.laprovidenciarecoleta.cl\/inicio\/wp-json\/wp\/v2\/posts\/11451"}],"collection":[{"href":"https:\/\/www.laprovidenciarecoleta.cl\/inicio\/wp-json\/wp\/v2\/posts"}],"about":[{"href":"https:\/\/www.laprovidenciarecoleta.cl\/inicio\/wp-json\/wp\/v2\/types\/post"}],"author":[{"embeddable":true,"href":"https:\/\/www.laprovidenciarecoleta.cl\/inicio\/wp-json\/wp\/v2\/users\/6"}],"replies":[{"embeddable":true,"href":"https:\/\/www.laprovidenciarecoleta.cl\/inicio\/wp-json\/wp\/v2\/comments?post=11451"}],"version-history":[{"count":0,"href":"https:\/\/www.laprovidenciarecoleta.cl\/inicio\/wp-json\/wp\/v2\/posts\/11451\/revisions"}],"wp:attachment":[{"href":"https:\/\/www.laprovidenciarecoleta.cl\/inicio\/wp-json\/wp\/v2\/media?parent=11451"}],"wp:term":[{"taxonomy":"category","embeddable":true,"href":"https:\/\/www.laprovidenciarecoleta.cl\/inicio\/wp-json\/wp\/v2\/categories?post=11451"},{"taxonomy":"post_tag","embeddable":true,"href":"https:\/\/www.laprovidenciarecoleta.cl\/inicio\/wp-json\/wp\/v2\/tags?post=11451"}],"curies":[{"name":"wp","href":"https:\/\/api.w.org\/{rel}","templated":true}]}}