{"id":11214,"date":"2020-11-10T00:28:55","date_gmt":"2020-11-10T03:28:55","guid":{"rendered":"http:\/\/www.laprovidenciarecoleta.cl\/escuela\/?p=11214"},"modified":"2020-11-10T00:28:55","modified_gmt":"2020-11-10T03:28:55","slug":"como-alentar-a-nuestros-hijos-a-terminar-de-una-adecuada-manera-este-ano-escolar","status":"publish","type":"post","link":"https:\/\/www.laprovidenciarecoleta.cl\/inicio\/como-alentar-a-nuestros-hijos-a-terminar-de-una-adecuada-manera-este-ano-escolar\/","title":{"rendered":"\u201c\u00bfC\u00f3mo alentar a nuestros hijos a terminar de una adecuada manera este a\u00f1o escolar?\u201d"},"content":{"rendered":"<p><a href=\"http:\/\/www.laprovidenciarecoleta.cl\/inicio\/wp-content\/uploads\/2020\/11\/psicologia-9-nov.jpg\"><img loading=\"lazy\" decoding=\"async\" class=\"alignnone size-full wp-image-11215\" src=\"http:\/\/www.laprovidenciarecoleta.cl\/inicio\/wp-content\/uploads\/2020\/11\/psicologia-9-nov.jpg\" alt=\"\" width=\"1280\" height=\"720\" srcset=\"https:\/\/www.laprovidenciarecoleta.cl\/inicio\/wp-content\/uploads\/2020\/11\/psicologia-9-nov.jpg 1280w, https:\/\/www.laprovidenciarecoleta.cl\/inicio\/wp-content\/uploads\/2020\/11\/psicologia-9-nov-300x169.jpg 300w, https:\/\/www.laprovidenciarecoleta.cl\/inicio\/wp-content\/uploads\/2020\/11\/psicologia-9-nov-1024x576.jpg 1024w\" sizes=\"(max-width: 1280px) 100vw, 1280px\" \/><\/a><\/p>\n<p>Como ya sabemos, muchas personas a estas alturas del a\u00f1o se encuentran cansadas, no s\u00f3lo los adultos, sino que los ni\u00f1os y j\u00f3venes tambi\u00e9n. Este a\u00f1o nos ha entregado una ardua tarea donde el autocuidado ha sido fundamental en nuestras vidas. Muchas personas m\u00e1s que tener un cansancio f\u00edsico, lo tienen a nivel mental; se redujeron todas las \u00e1reas de nuestras vidas en un solo espacio, el hogar, lo cual provoca un agote importante. Todos hemos tenido que ir adapt\u00e1ndonos a nuevas formas, lo cual inherentemente provoca un grado de estr\u00e9s.<\/p>\n<p>Hoy en d\u00eda, ya estamos en la recta final de nuestro a\u00f1o escolar, muchos ni\u00f1os y j\u00f3venes se sienten cansados, abrumados o desalentados, ya que no pudieron asistir a la escuela, ver a sus amigos o aprender de la forma en la cual estaban acostumbrados. Es por ello por lo que su labor como madre\/padre es seguir motiv\u00e1ndolos en este camino final para que puedan terminar de la mejor forma posible este a\u00f1o escolar. <em><strong>\u00bfC\u00f3mo podemos lograr esto?<\/strong>:<\/em><\/p>\n<p><strong>1-<\/strong>H\u00e1gale ver que todo en la vida tiene un sentido o prop\u00f3sito, que a pesar de no haber ido a la escuela este a\u00f1o, igual adquirieron nuevos aprendizajes, por ejemplo; aprendieron a manejar mejor las herramientas tecnol\u00f3gicas, vencieron la timidez de mostrarse en una c\u00e1mara frente a sus compa\u00f1eros, se dieron cuenta que hay distintas formas de aprender y de hacer las cosas, etc.<\/p>\n<p><strong>2-<\/strong>Mu\u00e9strele todo el proceso que han tenido desde marzo; quiz\u00e1s en un principio partieron un poco d\u00e9biles en lo escolar y luego con el tiempo ya fueron sum\u00e1ndose sin mayores complicaciones a este nuevo proceso de aprendizaje.<\/p>\n<p><strong>3-<\/strong>Valore el esfuerzo que su hijo\/a ha hecho en el a\u00f1o, refu\u00e9rcelo, felicit\u00e1ndolo. Si el esfuerzo en este tiempo ha sido el m\u00ednimo expr\u00e9sele que usted espera m\u00e1s de \u00e9l\/ella porque es un\/a ni\u00f1o\/a o joven muy capaz.<\/p>\n<p><strong>4-<\/strong>Ofrezca su ayuda para cuando la necesiten, que vean y sientan a sus padres cerca cuando requieran apoyo.<\/p>\n<p><strong>5-<\/strong>Prop\u00f3nganse como familia metas, siendo una de ellas, terminar bien y tranquilos este a\u00f1o escolar.<\/p>\n<p><strong>6-<\/strong>Disminuya la angustia de sus hijos si sintieron que este a\u00f1o no aprendieron todo lo que deb\u00edan, indic\u00e1ndoles que ya habr\u00e1 momento de volver a ver los contenidos pertinentes.<\/p>\n<p><strong>7-<\/strong>Eval\u00faen juntos cu\u00e1les fueron las debilidades que tuvieron este a\u00f1o en lo escolar y cu\u00e1les fueron las fortalezas, qu\u00e9 cosas hicieron bien y qu\u00e9 cosas mal para proponerse entre todos una mejor\u00eda de aqu\u00ed para adelante y que se replique para el pr\u00f3ximo a\u00f1o.<\/p>\n<p><strong>8-<\/strong>Se\u00f1\u00e1leles que este a\u00f1o ha sido muy dif\u00edcil para todos, pero que ya vendr\u00e1n tiempos de m\u00e1s alegr\u00edas y tranquilidad y mientras tanto hay que seguir luchando para avanzar a ese tiempo anhelado.<\/p>\n<p>*Para finalizar la invitaci\u00f3n es a estar siempre alentando a nuestros ni\u00f1os\/as y j\u00f3venes, no s\u00f3lo cuando los vean mal y desmotivados; es un trabajo constante que como padres deben tener presente de hacerlo siempre, aunque a veces tambi\u00e9n ustedes se sientan desalentados, agobiados y desmotivados; ellos\/as necesitan apoyos reales, potentes y significativos.<\/p>\n<p><a href=\"http:\/\/www.laprovidenciarecoleta.cl\/inicio\/wp-content\/uploads\/2020\/11\/vamos-que-se-puede.jpg\"><img loading=\"lazy\" decoding=\"async\" class=\"size-full wp-image-11218 aligncenter\" src=\"http:\/\/www.laprovidenciarecoleta.cl\/inicio\/wp-content\/uploads\/2020\/11\/vamos-que-se-puede.jpg\" alt=\"\" width=\"600\" height=\"416\" srcset=\"https:\/\/www.laprovidenciarecoleta.cl\/inicio\/wp-content\/uploads\/2020\/11\/vamos-que-se-puede.jpg 600w, https:\/\/www.laprovidenciarecoleta.cl\/inicio\/wp-content\/uploads\/2020\/11\/vamos-que-se-puede-300x208.jpg 300w\" sizes=\"(max-width: 600px) 100vw, 600px\" \/><\/a><\/p>\n<p>&nbsp;<\/p>\n<p style=\"text-align: center;\"><em>Isabel Hadad R.<\/em><\/p>\n<p style=\"text-align: center;\"><em>Psic\u00f3loga<\/em><\/p>\n<p style=\"text-align: center;\"><em>Escuela San Jos\u00e9<\/em><\/p>\n<p style=\"text-align: center;\"><em>psicologia@laprovidenciarecoleta.cl<\/em><\/p>\n","protected":false},"excerpt":{"rendered":"<p>Como ya sabemos, muchas personas a estas alturas del a\u00f1o se encuentran cansadas, no s\u00f3lo los adultos, sino que los ni\u00f1os y j\u00f3venes tambi\u00e9n. Este a\u00f1o nos ha entregado una ardua tarea donde el autocuidado ha sido fundamental en nuestras vidas. Muchas personas m\u00e1s que tener un cansancio f\u00edsico, lo tienen a nivel mental; se redujeron todas las \u00e1reas de&nbsp;<a href=\"https:\/\/www.laprovidenciarecoleta.cl\/inicio\/como-alentar-a-nuestros-hijos-a-terminar-de-una-adecuada-manera-este-ano-escolar\/\">&hellip;<\/a><\/p>\n","protected":false},"author":6,"featured_media":0,"comment_status":"open","ping_status":"open","sticky":false,"template":"","format":"standard","meta":{"footnotes":""},"categories":[16],"tags":[],"_links":{"self":[{"href":"https:\/\/www.laprovidenciarecoleta.cl\/inicio\/wp-json\/wp\/v2\/posts\/11214"}],"collection":[{"href":"https:\/\/www.laprovidenciarecoleta.cl\/inicio\/wp-json\/wp\/v2\/posts"}],"about":[{"href":"https:\/\/www.laprovidenciarecoleta.cl\/inicio\/wp-json\/wp\/v2\/types\/post"}],"author":[{"embeddable":true,"href":"https:\/\/www.laprovidenciarecoleta.cl\/inicio\/wp-json\/wp\/v2\/users\/6"}],"replies":[{"embeddable":true,"href":"https:\/\/www.laprovidenciarecoleta.cl\/inicio\/wp-json\/wp\/v2\/comments?post=11214"}],"version-history":[{"count":0,"href":"https:\/\/www.laprovidenciarecoleta.cl\/inicio\/wp-json\/wp\/v2\/posts\/11214\/revisions"}],"wp:attachment":[{"href":"https:\/\/www.laprovidenciarecoleta.cl\/inicio\/wp-json\/wp\/v2\/media?parent=11214"}],"wp:term":[{"taxonomy":"category","embeddable":true,"href":"https:\/\/www.laprovidenciarecoleta.cl\/inicio\/wp-json\/wp\/v2\/categories?post=11214"},{"taxonomy":"post_tag","embeddable":true,"href":"https:\/\/www.laprovidenciarecoleta.cl\/inicio\/wp-json\/wp\/v2\/tags?post=11214"}],"curies":[{"name":"wp","href":"https:\/\/api.w.org\/{rel}","templated":true}]}}