{"id":10967,"date":"2020-11-03T10:16:01","date_gmt":"2020-11-03T13:16:01","guid":{"rendered":"http:\/\/www.laprovidenciarecoleta.cl\/escuela\/?p=10967"},"modified":"2020-11-03T10:16:01","modified_gmt":"2020-11-03T13:16:01","slug":"informativo-sobre-vacunacion-contra-el-sarampion","status":"publish","type":"post","link":"https:\/\/www.laprovidenciarecoleta.cl\/inicio\/informativo-sobre-vacunacion-contra-el-sarampion\/","title":{"rendered":"Informativo sobre  vacunaci\u00f3n contra el Sarampi\u00f3n"},"content":{"rendered":"<p><a href=\"http:\/\/www.laprovidenciarecoleta.cl\/inicio\/wp-content\/uploads\/2020\/11\/Vacunacion-sarampion.jpg\"><img loading=\"lazy\" decoding=\"async\" class=\"alignnone size-full wp-image-10968\" src=\"http:\/\/www.laprovidenciarecoleta.cl\/inicio\/wp-content\/uploads\/2020\/11\/Vacunacion-sarampion.jpg\" alt=\"\" width=\"1280\" height=\"720\" srcset=\"https:\/\/www.laprovidenciarecoleta.cl\/inicio\/wp-content\/uploads\/2020\/11\/Vacunacion-sarampion.jpg 1280w, https:\/\/www.laprovidenciarecoleta.cl\/inicio\/wp-content\/uploads\/2020\/11\/Vacunacion-sarampion-300x169.jpg 300w, https:\/\/www.laprovidenciarecoleta.cl\/inicio\/wp-content\/uploads\/2020\/11\/Vacunacion-sarampion-1024x576.jpg 1024w\" sizes=\"(max-width: 1280px) 100vw, 1280px\" \/><\/a><\/p>\n<p>El Ministerio de Salud, a trav\u00e9s del Programa Nacional de Inmunizaciones (PNI) ejecutar\u00e1 entre los meses de octubre y diciembre de este a\u00f1o la Campa\u00f1a de Seguimiento para mantener la eliminaci\u00f3n del Sarampi\u00f3n en Chile 2020.<\/p>\n<p><strong>\u00bfQui\u00e9nes se vacunar\u00e1n?<\/strong><br \/>\n<strong>Los ni\u00f1os y ni\u00f1as de 13 meses\u00a0 a\u00a0 \u00a05 a\u00f1os 11 meses 29 d\u00edas.<\/strong><\/p>\n<p>Recibir\u00e1n 1 dosis de la vacuna SRP que protege contra Sarampi\u00f3n, Rubeola y Parotiditis.<\/p>\n<p>\u00bfD\u00f3nde se vacunar\u00e1?<\/p>\n<p><strong>En los vacunatorios de los centros de salud p\u00fablicos y privados del pa\u00eds<\/strong>.<\/p>\n<p><span style=\"color: #000080;\"><a style=\"color: #000080;\" href=\"http:\/\/www.laprovidenciarecoleta.cl\/inicio\/wp-content\/uploads\/2020\/11\/MANUAL-PREGUNTAS-Y-RESPUESTAS-SARAMPION_2020.pdf\" target=\"_blank\" rel=\"noopener noreferrer\">MANUAL-PREGUNTAS-Y-RESPUESTAS-SARAMPION_2020<\/a><\/span><\/p>\n<p>Mas informaci\u00f3n: <span style=\"color: #000080;\"><a style=\"color: #000080;\" href=\"https:\/\/saludresponde.minsal.cl\/preguntas-frecuentes-vacunacion-sarampion\/#srp9\" target=\"_blank\" rel=\"noopener noreferrer\">Salud Responde MINSAL<\/a><\/span><\/p>\n<p><a href=\"http:\/\/www.laprovidenciarecoleta.cl\/inicio\/wp-content\/uploads\/2020\/11\/Sarampion1-1.jpg\"><img loading=\"lazy\" decoding=\"async\" class=\"alignnone size-full wp-image-10971\" src=\"http:\/\/www.laprovidenciarecoleta.cl\/inicio\/wp-content\/uploads\/2020\/11\/Sarampion1-1.jpg\" alt=\"\" width=\"1650\" height=\"1275\" srcset=\"https:\/\/www.laprovidenciarecoleta.cl\/inicio\/wp-content\/uploads\/2020\/11\/Sarampion1-1.jpg 1650w, https:\/\/www.laprovidenciarecoleta.cl\/inicio\/wp-content\/uploads\/2020\/11\/Sarampion1-1-300x232.jpg 300w, https:\/\/www.laprovidenciarecoleta.cl\/inicio\/wp-content\/uploads\/2020\/11\/Sarampion1-1-1024x791.jpg 1024w\" sizes=\"(max-width: 1650px) 100vw, 1650px\" \/><\/a> <a href=\"http:\/\/www.laprovidenciarecoleta.cl\/inicio\/wp-content\/uploads\/2020\/11\/Sarampion1-2.jpg\"><img loading=\"lazy\" decoding=\"async\" class=\"alignnone size-full wp-image-10972\" src=\"http:\/\/www.laprovidenciarecoleta.cl\/inicio\/wp-content\/uploads\/2020\/11\/Sarampion1-2.jpg\" alt=\"\" width=\"1650\" height=\"1275\" srcset=\"https:\/\/www.laprovidenciarecoleta.cl\/inicio\/wp-content\/uploads\/2020\/11\/Sarampion1-2.jpg 1650w, https:\/\/www.laprovidenciarecoleta.cl\/inicio\/wp-content\/uploads\/2020\/11\/Sarampion1-2-300x232.jpg 300w, https:\/\/www.laprovidenciarecoleta.cl\/inicio\/wp-content\/uploads\/2020\/11\/Sarampion1-2-1024x791.jpg 1024w\" sizes=\"(max-width: 1650px) 100vw, 1650px\" \/><\/a><\/p>\n","protected":false},"excerpt":{"rendered":"<p>El Ministerio de Salud, a trav\u00e9s del Programa Nacional de Inmunizaciones (PNI) ejecutar\u00e1 entre los meses de octubre y diciembre de este a\u00f1o la Campa\u00f1a de Seguimiento para mantener la eliminaci\u00f3n del Sarampi\u00f3n en Chile 2020. \u00bfQui\u00e9nes se vacunar\u00e1n? Los ni\u00f1os y ni\u00f1as de 13 meses\u00a0 a\u00a0 \u00a05 a\u00f1os 11 meses 29 d\u00edas. Recibir\u00e1n 1 dosis de la vacuna SRP&nbsp;<a href=\"https:\/\/www.laprovidenciarecoleta.cl\/inicio\/informativo-sobre-vacunacion-contra-el-sarampion\/\">&hellip;<\/a><\/p>\n","protected":false},"author":6,"featured_media":0,"comment_status":"open","ping_status":"open","sticky":false,"template":"","format":"standard","meta":{"footnotes":""},"categories":[16],"tags":[],"_links":{"self":[{"href":"https:\/\/www.laprovidenciarecoleta.cl\/inicio\/wp-json\/wp\/v2\/posts\/10967"}],"collection":[{"href":"https:\/\/www.laprovidenciarecoleta.cl\/inicio\/wp-json\/wp\/v2\/posts"}],"about":[{"href":"https:\/\/www.laprovidenciarecoleta.cl\/inicio\/wp-json\/wp\/v2\/types\/post"}],"author":[{"embeddable":true,"href":"https:\/\/www.laprovidenciarecoleta.cl\/inicio\/wp-json\/wp\/v2\/users\/6"}],"replies":[{"embeddable":true,"href":"https:\/\/www.laprovidenciarecoleta.cl\/inicio\/wp-json\/wp\/v2\/comments?post=10967"}],"version-history":[{"count":0,"href":"https:\/\/www.laprovidenciarecoleta.cl\/inicio\/wp-json\/wp\/v2\/posts\/10967\/revisions"}],"wp:attachment":[{"href":"https:\/\/www.laprovidenciarecoleta.cl\/inicio\/wp-json\/wp\/v2\/media?parent=10967"}],"wp:term":[{"taxonomy":"category","embeddable":true,"href":"https:\/\/www.laprovidenciarecoleta.cl\/inicio\/wp-json\/wp\/v2\/categories?post=10967"},{"taxonomy":"post_tag","embeddable":true,"href":"https:\/\/www.laprovidenciarecoleta.cl\/inicio\/wp-json\/wp\/v2\/tags?post=10967"}],"curies":[{"name":"wp","href":"https:\/\/api.w.org\/{rel}","templated":true}]}}