{"id":10936,"date":"2020-11-02T10:01:19","date_gmt":"2020-11-02T13:01:19","guid":{"rendered":"http:\/\/www.laprovidenciarecoleta.cl\/escuela\/?p=10936"},"modified":"2020-11-02T10:01:19","modified_gmt":"2020-11-02T13:01:19","slug":"fomentando-la-responsabilidad-en-los-jovenes-y-ninos-as-en-tiempos-de-pandemia","status":"publish","type":"post","link":"https:\/\/www.laprovidenciarecoleta.cl\/inicio\/fomentando-la-responsabilidad-en-los-jovenes-y-ninos-as-en-tiempos-de-pandemia\/","title":{"rendered":"Fomentando la responsabilidad en los j\u00f3venes y ni\u00f1os\/as en tiempos de pandemia"},"content":{"rendered":"<p><a href=\"http:\/\/www.laprovidenciarecoleta.cl\/inicio\/wp-content\/uploads\/2020\/11\/psicologia-fomentar-responsabilidad-1.jpg\"><img loading=\"lazy\" decoding=\"async\" class=\"alignnone size-full wp-image-10940\" src=\"http:\/\/www.laprovidenciarecoleta.cl\/inicio\/wp-content\/uploads\/2020\/11\/psicologia-fomentar-responsabilidad-1.jpg\" alt=\"\" width=\"800\" height=\"547\" srcset=\"https:\/\/www.laprovidenciarecoleta.cl\/inicio\/wp-content\/uploads\/2020\/11\/psicologia-fomentar-responsabilidad-1.jpg 800w, https:\/\/www.laprovidenciarecoleta.cl\/inicio\/wp-content\/uploads\/2020\/11\/psicologia-fomentar-responsabilidad-1-300x205.jpg 300w\" sizes=\"(max-width: 800px) 100vw, 800px\" \/><\/a>Sabemos que hoy m\u00e1s que nunca es importante fomentar el sentido de la <em>responsabilidad<\/em> en nuestros hijos; \u00bfpor qu\u00e9?; porque estamos en medio de una pandemia la cual exige mucha responsabilidad personal;<!--more--> por ejemplo, las medidas de autocuidado que debemos tener, deben ser tomadas por cada persona de una forma responsable y muy a conciencia. Es nuestro deber como adultos ense\u00f1ar a nuestros ni\u00f1os\/as y j\u00f3venes a ser responsables en el amplio sentido de la palabra.<\/p>\n<p><strong><em>\u00bfC\u00f3mo fomentar este valor social?<\/em><\/strong><\/p>\n<p><strong>1-<\/strong>Establezca normas y l\u00edmites en su hogar, las cuales deben ser cumplidas; cada una de ellas debe ser establecida acorde a la etapa de desarrollo del ni\u00f1o\/a. Por ejemplo a un ni\u00f1o de 5 a\u00f1os no se le puede pedir que estudie 1 hora solo, mientras que a un joven de 14 a\u00f1os, s\u00ed se le puede pedir aquello.<\/p>\n<p><strong>2-<\/strong>Siempre dele tareas o responsabilidades desde que son peque\u00f1os\/as, acorde a su edad.<\/p>\n<p><strong>3-<\/strong>Gu\u00edelos y ori\u00e9ntelos en c\u00f3mo deben hacer las cosas que se le piden.<\/p>\n<p><strong>4-<\/strong>Sea claro en decirle a su hijo\/a lo que usted espera de \u00e9l\/ella.<\/p>\n<p><strong>5-<\/strong>Ens\u00e9\u00f1eles que para conseguir las cosas hay que esforzarse. Por ejemplo: si queremos que esta pandemia termine, debemos esforzarnos por aplicar las medidas de autocuidado.<\/p>\n<p><strong>6-<\/strong>No se responsabilice de las tareas que deben cumplir, usted puede ayudar y orientar, pero no asumirlas al punto que el\/la ni\u00f1o\/a se desentienda de ella. Mant\u00e9ngase firme e intente no perder la paciencia.<\/p>\n<p><strong>7-<\/strong>Mu\u00e9streles que todo acto tiene consecuencias, tanto positivas o negativas, dependiendo de la acci\u00f3n. Por ejemplo: si no cumple con sus deberes escolares, no podr\u00e1 entretenerse con su juego favorito; mientras que s\u00ed cumple con estos deberes, s\u00ed podr\u00e1 jugar.<\/p>\n<p>*Finalmente, tengamos presente que hoy en d\u00eda, a ra\u00edz del contexto actual que estamos viviendo, es un buen momento para ense\u00f1arles a los j\u00f3venes y ni\u00f1os\/as a ser responsables; recuerde que siempre debemos hacerlo a trav\u00e9s del ejemplo. No tiene mucho impacto que usted le diga a su hijo\/a c\u00f3mo tiene que hacer las cosas si no lo demuestra con su propio actuar, recuerde que los adultos somos modelos para ellos\/as.<\/p>\n<p style=\"text-align: center;\"><em>Isabel Hadad R.<\/em><\/p>\n<p style=\"text-align: center;\"><em>Psic\u00f3loga<\/em><\/p>\n<p style=\"text-align: center;\"><em>Escuela San Jos\u00e9<\/em><\/p>\n<p style=\"text-align: center;\"><em>psicologia@laprovidenciarecoleta.cl<\/em><\/p>\n","protected":false},"excerpt":{"rendered":"<p>Sabemos que hoy m\u00e1s que nunca es importante fomentar el sentido de la responsabilidad en nuestros hijos; \u00bfpor qu\u00e9?; porque estamos en medio de una pandemia la cual exige mucha responsabilidad personal;<\/p>\n","protected":false},"author":6,"featured_media":10937,"comment_status":"open","ping_status":"open","sticky":false,"template":"","format":"standard","meta":{"footnotes":""},"categories":[16],"tags":[],"_links":{"self":[{"href":"https:\/\/www.laprovidenciarecoleta.cl\/inicio\/wp-json\/wp\/v2\/posts\/10936"}],"collection":[{"href":"https:\/\/www.laprovidenciarecoleta.cl\/inicio\/wp-json\/wp\/v2\/posts"}],"about":[{"href":"https:\/\/www.laprovidenciarecoleta.cl\/inicio\/wp-json\/wp\/v2\/types\/post"}],"author":[{"embeddable":true,"href":"https:\/\/www.laprovidenciarecoleta.cl\/inicio\/wp-json\/wp\/v2\/users\/6"}],"replies":[{"embeddable":true,"href":"https:\/\/www.laprovidenciarecoleta.cl\/inicio\/wp-json\/wp\/v2\/comments?post=10936"}],"version-history":[{"count":0,"href":"https:\/\/www.laprovidenciarecoleta.cl\/inicio\/wp-json\/wp\/v2\/posts\/10936\/revisions"}],"wp:featuredmedia":[{"embeddable":true,"href":"https:\/\/www.laprovidenciarecoleta.cl\/inicio\/wp-json\/wp\/v2\/media\/10937"}],"wp:attachment":[{"href":"https:\/\/www.laprovidenciarecoleta.cl\/inicio\/wp-json\/wp\/v2\/media?parent=10936"}],"wp:term":[{"taxonomy":"category","embeddable":true,"href":"https:\/\/www.laprovidenciarecoleta.cl\/inicio\/wp-json\/wp\/v2\/categories?post=10936"},{"taxonomy":"post_tag","embeddable":true,"href":"https:\/\/www.laprovidenciarecoleta.cl\/inicio\/wp-json\/wp\/v2\/tags?post=10936"}],"curies":[{"name":"wp","href":"https:\/\/api.w.org\/{rel}","templated":true}]}}