{"id":10695,"date":"2020-10-26T22:41:06","date_gmt":"2020-10-27T02:41:06","guid":{"rendered":"http:\/\/www.laprovidenciarecoleta.cl\/escuela\/?p=10695"},"modified":"2020-10-26T22:41:06","modified_gmt":"2020-10-27T02:41:06","slug":"el-buen-trato-en-tiempos-de-crisis","status":"publish","type":"post","link":"https:\/\/www.laprovidenciarecoleta.cl\/inicio\/el-buen-trato-en-tiempos-de-crisis\/","title":{"rendered":"\u201cEl buen trato en tiempos de crisis\u201d"},"content":{"rendered":"<p><img loading=\"lazy\" decoding=\"async\" class=\"aligncenter wp-image-10696 size-full\" src=\"http:\/\/www.laprovidenciarecoleta.cl\/inicio\/wp-content\/uploads\/2020\/10\/n\u00b029-psicologia.jpg\" alt=\"\" width=\"1280\" height=\"720\" srcset=\"https:\/\/www.laprovidenciarecoleta.cl\/inicio\/wp-content\/uploads\/2020\/10\/n\u00b029-psicologia.jpg 1280w, https:\/\/www.laprovidenciarecoleta.cl\/inicio\/wp-content\/uploads\/2020\/10\/n\u00b029-psicologia-300x169.jpg 300w, https:\/\/www.laprovidenciarecoleta.cl\/inicio\/wp-content\/uploads\/2020\/10\/n\u00b029-psicologia-1024x576.jpg 1024w\" sizes=\"(max-width: 1280px) 100vw, 1280px\" \/><\/p>\n<p>Sin duda alguna sabemos que el buen trato siempre es importante practicarlo. La familia es el principal agente que debe promover el buen trato, el cual se ver\u00e1 reflejado en todas las relaciones interpersonales que los ni\u00f1os\/as y j\u00f3venes tengan.<\/p>\n<p>Hoy m\u00e1s que nunca debemos ense\u00f1ar a nuestros hijo\/as con el ejemplo, con buenas palabras y buen trato, a pesar de que a veces usted se sienta superado por algunas situaciones, a consecuencia de esta pandemia; algunas veces los padres pierden la paciencia, se sienten muy cansados o estresados y lamentablemente el buen trato en el hogar se ve afectado.<\/p>\n<p>La invitaci\u00f3n es a mantener un buen trato, a pesar de las circunstancias adversas por las cuales puedan estar pasando a nivel familiar; <strong><em>\u00bfc\u00f3mo podemos hacerlo?:<\/em><\/strong><\/p>\n<p><strong>1-<\/strong>Comun\u00edquese abiertamente con sus hijos, escuche y respete sus puntos de vista.<\/p>\n<p><strong>2-<\/strong>Promueva la participaci\u00f3n en la toma de decisiones.<\/p>\n<p><strong>3-<\/strong>Trabaje la empat\u00eda en usted mismo y en sus hijos; \u00bfc\u00f3mo cree que se siente \u00e9l\/ella cuando usted no lo trata bien?<\/p>\n<p><strong>4-<\/strong>No se descontrole frente a las situaciones, intente no gritar. Respire, c\u00e1lmese y luego aborde la situaci\u00f3n.<\/p>\n<p><strong>5-<\/strong>H\u00e1blele a sus hijos de sus propias emociones y fomente que ellos\/as tambi\u00e9n lo hagan.<\/p>\n<p><strong>6-<\/strong>Promueva un clima familiar de comunicaci\u00f3n, respeto y confianza.<\/p>\n<p><strong>7-<\/strong>Intente practicar un estilo parental (o de crianza) democr\u00e1tico; poniendo l\u00edmites, pero tambi\u00e9n cediendo en algunas cosas, previo acuerdo con su hijo\/a; todo esto basado en la comunicaci\u00f3n y respeto. Ejemplo: luego de hacer tus tareas, puedes jugar 1 hora en tu computador.<\/p>\n<p>Para finalizar, quiero invitarlos a poner en pr\u00e1ctica el buen trato, ya que como comunidad educativa, pretendemos educar y formar ni\u00f1os y j\u00f3venes en valores, como el respeto y el amor fundamentalmente; ni\u00f1os y j\u00f3venes que en el futuro, con sus propias familias y entorno, puedan replicar el buen trato recibido en sus hogares fundamentalmente.<\/p>\n<p>*Por \u00faltimo quiero invitarlos a reflexionar en familia sobre la siguiente frase:<\/p>\n<p style=\"text-align: center;\"><em><strong>\u201cEl buen trato deja huella, el mal trato cicatrices\u201d<\/strong><\/em><\/p>\n<p><img loading=\"lazy\" decoding=\"async\" class=\"size-medium wp-image-10697 aligncenter\" src=\"http:\/\/www.laprovidenciarecoleta.cl\/inicio\/wp-content\/uploads\/2020\/10\/Imagen1-300x200.png\" alt=\"\" width=\"300\" height=\"200\" srcset=\"https:\/\/www.laprovidenciarecoleta.cl\/inicio\/wp-content\/uploads\/2020\/10\/Imagen1-300x200.png 300w, https:\/\/www.laprovidenciarecoleta.cl\/inicio\/wp-content\/uploads\/2020\/10\/Imagen1.png 322w\" sizes=\"(max-width: 300px) 100vw, 300px\" \/><\/p>\n<p style=\"text-align: center;\"><em>Isabel Hadad R.<\/em><\/p>\n<p style=\"text-align: center;\"><em>\u00a0Psic\u00f3loga<\/em><\/p>\n<p style=\"text-align: center;\"><em>\u00a0Escuela San Jos\u00e9<\/em><\/p>\n<p style=\"text-align: center;\"><em>psicologia@laprovidenciarecoleta.cl<\/em><\/p>\n","protected":false},"excerpt":{"rendered":"<p>Sin duda alguna sabemos que el buen trato siempre es importante practicarlo. La familia es el principal agente que debe promover el buen trato, el cual se ver\u00e1 reflejado en todas las relaciones interpersonales que los ni\u00f1os\/as y j\u00f3venes tengan. Hoy m\u00e1s que nunca debemos ense\u00f1ar a nuestros hijo\/as con el ejemplo, con buenas palabras y buen trato, a pesar&nbsp;<a href=\"https:\/\/www.laprovidenciarecoleta.cl\/inicio\/el-buen-trato-en-tiempos-de-crisis\/\">&hellip;<\/a><\/p>\n","protected":false},"author":6,"featured_media":0,"comment_status":"open","ping_status":"open","sticky":false,"template":"","format":"standard","meta":{"footnotes":""},"categories":[16],"tags":[],"_links":{"self":[{"href":"https:\/\/www.laprovidenciarecoleta.cl\/inicio\/wp-json\/wp\/v2\/posts\/10695"}],"collection":[{"href":"https:\/\/www.laprovidenciarecoleta.cl\/inicio\/wp-json\/wp\/v2\/posts"}],"about":[{"href":"https:\/\/www.laprovidenciarecoleta.cl\/inicio\/wp-json\/wp\/v2\/types\/post"}],"author":[{"embeddable":true,"href":"https:\/\/www.laprovidenciarecoleta.cl\/inicio\/wp-json\/wp\/v2\/users\/6"}],"replies":[{"embeddable":true,"href":"https:\/\/www.laprovidenciarecoleta.cl\/inicio\/wp-json\/wp\/v2\/comments?post=10695"}],"version-history":[{"count":0,"href":"https:\/\/www.laprovidenciarecoleta.cl\/inicio\/wp-json\/wp\/v2\/posts\/10695\/revisions"}],"wp:attachment":[{"href":"https:\/\/www.laprovidenciarecoleta.cl\/inicio\/wp-json\/wp\/v2\/media?parent=10695"}],"wp:term":[{"taxonomy":"category","embeddable":true,"href":"https:\/\/www.laprovidenciarecoleta.cl\/inicio\/wp-json\/wp\/v2\/categories?post=10695"},{"taxonomy":"post_tag","embeddable":true,"href":"https:\/\/www.laprovidenciarecoleta.cl\/inicio\/wp-json\/wp\/v2\/tags?post=10695"}],"curies":[{"name":"wp","href":"https:\/\/api.w.org\/{rel}","templated":true}]}}