{"id":10688,"date":"2020-10-26T18:41:15","date_gmt":"2020-10-26T22:41:15","guid":{"rendered":"http:\/\/www.laprovidenciarecoleta.cl\/escuela\/?p=10688"},"modified":"2020-10-26T18:41:15","modified_gmt":"2020-10-26T22:41:15","slug":"correo-electronicos-institucionales-para-estudiantes-escuela-san-jose","status":"publish","type":"post","link":"https:\/\/www.laprovidenciarecoleta.cl\/inicio\/correo-electronicos-institucionales-para-estudiantes-escuela-san-jose\/","title":{"rendered":"Correo electr\u00f3nicos institucionales para estudiantes Escuela San Jos\u00e9"},"content":{"rendered":"<p><img loading=\"lazy\" decoding=\"async\" class=\"aligncenter wp-image-10690 \" src=\"http:\/\/www.laprovidenciarecoleta.cl\/inicio\/wp-content\/uploads\/2020\/10\/correos-Electronicos-estudiantes.png\" alt=\"\" width=\"684\" height=\"364\" srcset=\"https:\/\/www.laprovidenciarecoleta.cl\/inicio\/wp-content\/uploads\/2020\/10\/correos-Electronicos-estudiantes.png 586w, https:\/\/www.laprovidenciarecoleta.cl\/inicio\/wp-content\/uploads\/2020\/10\/correos-Electronicos-estudiantes-300x160.png 300w\" sizes=\"(max-width: 684px) 100vw, 684px\" \/><\/p>\n<p><strong>Estimados (as)\u00a0 Padres y Apoderados:<\/strong><\/p>\n<p>Junto con saludar, informamos a usted que la Escuela San Jos\u00e9 de Recoleta, con el objetivo de continuar acompa\u00f1ando a nuestros y nuestras estudiantes y mejorar la comunicaci\u00f3n con ellos y sus familias, ha creado correos institucionales. Esta herramienta busca eliminar o minimizar las barreras, que hemos encontrado en la comunicaci\u00f3n con los y las alumnos\/as:<\/p>\n<ol>\n<li>Rebotes de correos registrados en fichas.<\/li>\n<li>Diferentes dominios de los correos utilizados por los estudiantes, lo que limita el uso en la p\u00e1gina de la escuela.<\/li>\n<li>Falta de tiempo, de comunicaci\u00f3n y de conocimiento reportado por los apoderados, en transmitir la informaci\u00f3n y actividades a los\/las<\/li>\n<\/ol>\n<p>Por todo lo anterior; la escuela ha generado un correo institucional para todos y cada uno de nuestros y nuestras estudiantes, para:<\/p>\n<ol>\n<li>Contar con correos v\u00e1lidos.<\/li>\n<li>Contar con dominio para las plataformas, que paulatinamente ha incorporado la escuela, para trabajar de manera remota: meet, classroom<\/li>\n<li>Promover la autonom\u00eda en nuestros y nuestras estudiantes, vincul\u00e1ndolos con sus procesos escolares.<\/li>\n<\/ol>\n<p><strong>\u00bfC\u00f3mo activarlos?<\/strong><\/p>\n<p><strong>Su profesor jefe entregar\u00e1 el correo y clave, adem\u00e1s del instructivo para activarlo, es importante que guarde las claves, las escriba en un lugar seguro y que revise a diario, ya que esperamos en un futuro, convertir esta herramienta en el medio oficial de comunicaci\u00f3n.<\/strong><\/p>\n<p>Finalmente; este recurso \u00a0permitir\u00e1 una comunicaci\u00f3n organizada con nuestra comunidad escolar, la que d\u00eda a d\u00eda, crece y aprende a adaptarse a las nuevas exigencias que el contexto nos demanda.<\/p>\n<p>&nbsp;<\/p>\n<p>Les saluda cordialmente,<\/p>\n<p style=\"text-align: center;\">Patricia Cancec Murillo,<\/p>\n<p style=\"text-align: center;\">Coordinadora Pedag\u00f3gica<\/p>\n<p style=\"text-align: center;\">Escuela San Jos\u00e9<\/p>\n<p>&nbsp;<\/p>\n","protected":false},"excerpt":{"rendered":"<p>Estimados (as)\u00a0 Padres y Apoderados: Junto con saludar, informamos a usted que la Escuela San Jos\u00e9 de Recoleta, con el objetivo de continuar acompa\u00f1ando a nuestros y nuestras estudiantes y mejorar la comunicaci\u00f3n con ellos y sus familias, ha creado correos institucionales. Esta herramienta busca eliminar o minimizar las barreras, que hemos encontrado en la comunicaci\u00f3n con los y las&nbsp;<a href=\"https:\/\/www.laprovidenciarecoleta.cl\/inicio\/correo-electronicos-institucionales-para-estudiantes-escuela-san-jose\/\">&hellip;<\/a><\/p>\n","protected":false},"author":6,"featured_media":0,"comment_status":"open","ping_status":"open","sticky":false,"template":"","format":"standard","meta":{"footnotes":""},"categories":[16],"tags":[],"_links":{"self":[{"href":"https:\/\/www.laprovidenciarecoleta.cl\/inicio\/wp-json\/wp\/v2\/posts\/10688"}],"collection":[{"href":"https:\/\/www.laprovidenciarecoleta.cl\/inicio\/wp-json\/wp\/v2\/posts"}],"about":[{"href":"https:\/\/www.laprovidenciarecoleta.cl\/inicio\/wp-json\/wp\/v2\/types\/post"}],"author":[{"embeddable":true,"href":"https:\/\/www.laprovidenciarecoleta.cl\/inicio\/wp-json\/wp\/v2\/users\/6"}],"replies":[{"embeddable":true,"href":"https:\/\/www.laprovidenciarecoleta.cl\/inicio\/wp-json\/wp\/v2\/comments?post=10688"}],"version-history":[{"count":0,"href":"https:\/\/www.laprovidenciarecoleta.cl\/inicio\/wp-json\/wp\/v2\/posts\/10688\/revisions"}],"wp:attachment":[{"href":"https:\/\/www.laprovidenciarecoleta.cl\/inicio\/wp-json\/wp\/v2\/media?parent=10688"}],"wp:term":[{"taxonomy":"category","embeddable":true,"href":"https:\/\/www.laprovidenciarecoleta.cl\/inicio\/wp-json\/wp\/v2\/categories?post=10688"},{"taxonomy":"post_tag","embeddable":true,"href":"https:\/\/www.laprovidenciarecoleta.cl\/inicio\/wp-json\/wp\/v2\/tags?post=10688"}],"curies":[{"name":"wp","href":"https:\/\/api.w.org\/{rel}","templated":true}]}}