{"id":10642,"date":"2020-10-26T01:45:30","date_gmt":"2020-10-26T05:45:30","guid":{"rendered":"http:\/\/www.laprovidenciarecoleta.cl\/escuela\/?p=10642"},"modified":"2020-10-26T01:45:30","modified_gmt":"2020-10-26T05:45:30","slug":"semana-del-26-al-30-de-octubre-evaluaciones-sumativas","status":"publish","type":"post","link":"https:\/\/www.laprovidenciarecoleta.cl\/inicio\/semana-del-26-al-30-de-octubre-evaluaciones-sumativas\/","title":{"rendered":"Semana del 26 al 30 de Octubre: Evaluaciones Sumativas"},"content":{"rendered":"<p><img loading=\"lazy\" decoding=\"async\" class=\"aligncenter wp-image-10643 size-full\" src=\"http:\/\/www.laprovidenciarecoleta.cl\/inicio\/wp-content\/uploads\/2020\/10\/Evaluacion.jpg\" alt=\"\" width=\"1280\" height=\"720\" srcset=\"https:\/\/www.laprovidenciarecoleta.cl\/inicio\/wp-content\/uploads\/2020\/10\/Evaluacion.jpg 1280w, https:\/\/www.laprovidenciarecoleta.cl\/inicio\/wp-content\/uploads\/2020\/10\/Evaluacion-300x169.jpg 300w, https:\/\/www.laprovidenciarecoleta.cl\/inicio\/wp-content\/uploads\/2020\/10\/Evaluacion-1024x576.jpg 1024w\" sizes=\"(max-width: 1280px) 100vw, 1280px\" \/><\/p>\n<p><strong>Estimados Padres y Apoderados:<\/strong><\/p>\n<p>Reciban nuestro saludo fraternal\u00a0 al iniciar esta semana,\u00a0 donde las y los estudiantes deber\u00e1n rendir\u00a0 las pruebas calificadas, <strong>para las que nos hemos preparado por dos semanas.<\/strong><\/p>\n<p>Recordamos que como escuela, estamos trabajando el siguiente ciclo para calificar: evaluaciones de desempe\u00f1o, proceso de retroalimentaci\u00f3n y monitoreo, para culminar con una evaluaci\u00f3n con nota.<\/p>\n<p><strong>Solicitamos colaborar en este proceso y cualquier consulta o dificultad, informar oportunamente a su profesor (a) jefe.<\/strong><\/p>\n<p>&nbsp;<\/p>\n<p style=\"text-align: center;\"><strong>Les saluda,<\/strong><\/p>\n<p style=\"text-align: center;\"><strong>Equipo de Unidad T\u00e9cnico\u00a0 Pedag\u00f3gico<\/strong><\/p>\n<p style=\"text-align: center;\"><strong>Escuela San Jos\u00e9<\/strong><\/p>\n<hr \/>\n<h2><span style=\"color: #000000;\">? ? <a style=\"color: #000000;\" href=\"http:\/\/www.laprovidenciarecoleta.cl\/inicio\/wp-content\/uploads\/2020\/10\/Organizador-semana-del-26-al-30-de-Octubre-1.pdf\" target=\"_blank\" rel=\"noopener noreferrer\">Organizador semana del 26 al 30 de Octubre<\/a><\/span><\/h2>\n","protected":false},"excerpt":{"rendered":"<p>Estimados Padres y Apoderados: Reciban nuestro saludo fraternal\u00a0 al iniciar esta semana,\u00a0 donde las y los estudiantes deber\u00e1n rendir\u00a0 las pruebas calificadas, para las que nos hemos preparado por dos semanas. Recordamos que como escuela, estamos trabajando el siguiente ciclo para calificar: evaluaciones de desempe\u00f1o, proceso de retroalimentaci\u00f3n y monitoreo, para culminar con una evaluaci\u00f3n con nota. Solicitamos colaborar en&nbsp;<a href=\"https:\/\/www.laprovidenciarecoleta.cl\/inicio\/semana-del-26-al-30-de-octubre-evaluaciones-sumativas\/\">&hellip;<\/a><\/p>\n","protected":false},"author":6,"featured_media":0,"comment_status":"open","ping_status":"open","sticky":false,"template":"","format":"standard","meta":{"footnotes":""},"categories":[16],"tags":[],"_links":{"self":[{"href":"https:\/\/www.laprovidenciarecoleta.cl\/inicio\/wp-json\/wp\/v2\/posts\/10642"}],"collection":[{"href":"https:\/\/www.laprovidenciarecoleta.cl\/inicio\/wp-json\/wp\/v2\/posts"}],"about":[{"href":"https:\/\/www.laprovidenciarecoleta.cl\/inicio\/wp-json\/wp\/v2\/types\/post"}],"author":[{"embeddable":true,"href":"https:\/\/www.laprovidenciarecoleta.cl\/inicio\/wp-json\/wp\/v2\/users\/6"}],"replies":[{"embeddable":true,"href":"https:\/\/www.laprovidenciarecoleta.cl\/inicio\/wp-json\/wp\/v2\/comments?post=10642"}],"version-history":[{"count":0,"href":"https:\/\/www.laprovidenciarecoleta.cl\/inicio\/wp-json\/wp\/v2\/posts\/10642\/revisions"}],"wp:attachment":[{"href":"https:\/\/www.laprovidenciarecoleta.cl\/inicio\/wp-json\/wp\/v2\/media?parent=10642"}],"wp:term":[{"taxonomy":"category","embeddable":true,"href":"https:\/\/www.laprovidenciarecoleta.cl\/inicio\/wp-json\/wp\/v2\/categories?post=10642"},{"taxonomy":"post_tag","embeddable":true,"href":"https:\/\/www.laprovidenciarecoleta.cl\/inicio\/wp-json\/wp\/v2\/tags?post=10642"}],"curies":[{"name":"wp","href":"https:\/\/api.w.org\/{rel}","templated":true}]}}