{"id":10515,"date":"2020-10-23T08:23:32","date_gmt":"2020-10-23T12:23:32","guid":{"rendered":"http:\/\/www.laprovidenciarecoleta.cl\/escuela\/?p=10515"},"modified":"2020-10-23T08:23:32","modified_gmt":"2020-10-23T12:23:32","slug":"celebramos-106-anos-de-vida-educativa","status":"publish","type":"post","link":"https:\/\/www.laprovidenciarecoleta.cl\/inicio\/celebramos-106-anos-de-vida-educativa\/","title":{"rendered":"Celebramos 106 a\u00f1os de vida educativa"},"content":{"rendered":"<p><img loading=\"lazy\" decoding=\"async\" class=\"alignnone wp-image-10516 size-full\" src=\"http:\/\/www.laprovidenciarecoleta.cl\/inicio\/wp-content\/uploads\/2020\/10\/Feliz-Aniversario-Escuela.jpg\" alt=\"\" width=\"1280\" height=\"720\" srcset=\"https:\/\/www.laprovidenciarecoleta.cl\/inicio\/wp-content\/uploads\/2020\/10\/Feliz-Aniversario-Escuela.jpg 1280w, https:\/\/www.laprovidenciarecoleta.cl\/inicio\/wp-content\/uploads\/2020\/10\/Feliz-Aniversario-Escuela-300x169.jpg 300w, https:\/\/www.laprovidenciarecoleta.cl\/inicio\/wp-content\/uploads\/2020\/10\/Feliz-Aniversario-Escuela-1024x576.jpg 1024w\" sizes=\"(max-width: 1280px) 100vw, 1280px\" \/><\/p>\n<p><!--more--><\/p>\n<p>Un d\u00eda <strong>24 de Octubre de 1914<\/strong> se funda nuestra Escuela Particular San Jos\u00e9.<\/p>\n<p>Esta fecha nos congrega y une para celebrar junto a Las Hermanas de la Providencia, nuestro aniversario N\u00b0106,\u00a0 entregando una formaci\u00f3n integral a la luz del Evangelio, especialmente a los m\u00e1s necesitados, como en su origen lo hiciera nuestra fundadora Madre Bernarda Morin.<\/p>\n<p>Celebremos, en este especial contexto, todos y cada uno de quienes somos parte de esta unidad educativa.<\/p>\n<p>Agradecemos cada uno de los afectuosos\u00a0 saludos recibidos.<\/p>\n<ul>\n<li>Saludo\u00a0 Hna. Mar\u00eda Antonieta Trimpay, superiora provincial\u00a0 de la congregaci\u00f3n<\/li>\n<\/ul>\n<div style=\"width: 640px;\" class=\"wp-video\"><!--[if lt IE 9]><script>document.createElement('video');<\/script><![endif]-->\n<video class=\"wp-video-shortcode\" id=\"video-10515-1\" width=\"640\" height=\"352\" preload=\"metadata\" controls=\"controls\"><source type=\"video\/mp4\" src=\"http:\/\/www.laprovidenciarecoleta.cl\/inicio\/wp-content\/uploads\/2020\/10\/Saludo-Hna.-Maria-Antonieta.mp4?_=1\" \/><a href=\"http:\/\/www.laprovidenciarecoleta.cl\/inicio\/wp-content\/uploads\/2020\/10\/Saludo-Hna.-Maria-Antonieta.mp4\">http:\/\/www.laprovidenciarecoleta.cl\/inicio\/wp-content\/uploads\/2020\/10\/Saludo-Hna.-Maria-Antonieta.mp4<\/a><\/video><\/div>\n<p>&nbsp;<\/p>\n<ul>\n<li>Saludo\u00a0 Hna. Gloria Garc\u00eda, consejera provincial Hermanas de la Providencia<\/li>\n<\/ul>\n<div style=\"width: 768px;\" class=\"wp-video\"><video class=\"wp-video-shortcode\" id=\"video-10515-2\" width=\"768\" height=\"576\" preload=\"metadata\" controls=\"controls\"><source type=\"video\/mp4\" src=\"http:\/\/www.laprovidenciarecoleta.cl\/inicio\/wp-content\/uploads\/2020\/10\/Saludo-Hna.-Gloria-Garcia.mp4?_=2\" \/><a href=\"http:\/\/www.laprovidenciarecoleta.cl\/inicio\/wp-content\/uploads\/2020\/10\/Saludo-Hna.-Gloria-Garcia.mp4\">http:\/\/www.laprovidenciarecoleta.cl\/inicio\/wp-content\/uploads\/2020\/10\/Saludo-Hna.-Gloria-Garcia.mp4<\/a><\/video><\/div>\n<p>&nbsp;<\/p>\n<ul>\n<li>Saludo Sr. Juan Araya, coordinador\u00a0 OVS para fundaciones educacionales Providencia<\/li>\n<\/ul>\n<div style=\"width: 1200px;\" class=\"wp-video\"><video class=\"wp-video-shortcode\" id=\"video-10515-3\" width=\"1200\" height=\"675\" preload=\"metadata\" controls=\"controls\"><source type=\"video\/mp4\" src=\"http:\/\/www.laprovidenciarecoleta.cl\/inicio\/wp-content\/uploads\/2020\/10\/Saludo-Sr.-Juan-Araya.mp4?_=3\" \/><a href=\"http:\/\/www.laprovidenciarecoleta.cl\/inicio\/wp-content\/uploads\/2020\/10\/Saludo-Sr.-Juan-Araya.mp4\">http:\/\/www.laprovidenciarecoleta.cl\/inicio\/wp-content\/uploads\/2020\/10\/Saludo-Sr.-Juan-Araya.mp4<\/a><\/video><\/div>\n<p>&nbsp;<\/p>\n<ul>\n<li>Saludo Sr. Ricardo Osorio, director Escuela San Jos\u00e9<\/li>\n<\/ul>\n<div style=\"width: 640px;\" class=\"wp-video\"><video class=\"wp-video-shortcode\" id=\"video-10515-4\" width=\"640\" height=\"352\" preload=\"metadata\" controls=\"controls\"><source type=\"video\/mp4\" src=\"http:\/\/www.laprovidenciarecoleta.cl\/inicio\/wp-content\/uploads\/2020\/10\/Saludo-Sr.-Ricardo-Osorio.mp4?_=4\" \/><a href=\"http:\/\/www.laprovidenciarecoleta.cl\/inicio\/wp-content\/uploads\/2020\/10\/Saludo-Sr.-Ricardo-Osorio.mp4\">http:\/\/www.laprovidenciarecoleta.cl\/inicio\/wp-content\/uploads\/2020\/10\/Saludo-Sr.-Ricardo-Osorio.mp4<\/a><\/video><\/div>\n<p>&nbsp;<\/p>\n<ul>\n<li>Saludo Colectivo:<\/li>\n<\/ul>\n<p>Estudiante Rodrigo Ortega y familia.<\/p>\n<p>Padre Ignacio Gramsch, Vicario zona norte de Santiago.<\/p>\n<p>Padre Luis Mar\u00eda Avenda\u00f1o, capell\u00e1n Escuela San Jos\u00e9<\/p>\n<p>Alvaro Castillo, actor serie &#8220;los Venegas&#8221;<\/p>\n<p>Paulo Volante, psic\u00f3logo PUC<\/p>\n<p>Fernando Leiva, cantante cat\u00f3lico<\/p>\n<div style=\"width: 480px;\" class=\"wp-video\"><video class=\"wp-video-shortcode\" id=\"video-10515-5\" width=\"480\" height=\"320\" preload=\"metadata\" controls=\"controls\"><source type=\"video\/mp4\" src=\"http:\/\/www.laprovidenciarecoleta.cl\/inicio\/wp-content\/uploads\/2020\/10\/Saludo-Colectivo.mp4?_=5\" \/><a href=\"http:\/\/www.laprovidenciarecoleta.cl\/inicio\/wp-content\/uploads\/2020\/10\/Saludo-Colectivo.mp4\">http:\/\/www.laprovidenciarecoleta.cl\/inicio\/wp-content\/uploads\/2020\/10\/Saludo-Colectivo.mp4<\/a><\/video><\/div>\n<p>&nbsp;<\/p>\n<p>&nbsp;<\/p>\n","protected":false},"excerpt":{"rendered":"Un d\u00eda 24 de Octubre de 1914 se funda nuestra Escuela Particular San Jos\u00e9. Esta fecha nos congrega y une para celebrar junto a Las Hermanas de la Providencia, nuestro aniversario N\u00b0106,\u00a0 entregando una formaci\u00f3n integral a la luz del Evangelio, especialmente a los m\u00e1s necesitados, como en su origen lo hiciera nuestra fundadora Madre Bernarda Morin. Celebremos, en este&nbsp;<a href=\"https:\/\/www.laprovidenciarecoleta.cl\/inicio\/celebramos-106-anos-de-vida-educativa\/\">&hellip;<\/a>","protected":false},"author":6,"featured_media":0,"comment_status":"open","ping_status":"open","sticky":false,"template":"","format":"standard","meta":{"footnotes":""},"categories":[16],"tags":[],"_links":{"self":[{"href":"https:\/\/www.laprovidenciarecoleta.cl\/inicio\/wp-json\/wp\/v2\/posts\/10515"}],"collection":[{"href":"https:\/\/www.laprovidenciarecoleta.cl\/inicio\/wp-json\/wp\/v2\/posts"}],"about":[{"href":"https:\/\/www.laprovidenciarecoleta.cl\/inicio\/wp-json\/wp\/v2\/types\/post"}],"author":[{"embeddable":true,"href":"https:\/\/www.laprovidenciarecoleta.cl\/inicio\/wp-json\/wp\/v2\/users\/6"}],"replies":[{"embeddable":true,"href":"https:\/\/www.laprovidenciarecoleta.cl\/inicio\/wp-json\/wp\/v2\/comments?post=10515"}],"version-history":[{"count":0,"href":"https:\/\/www.laprovidenciarecoleta.cl\/inicio\/wp-json\/wp\/v2\/posts\/10515\/revisions"}],"wp:attachment":[{"href":"https:\/\/www.laprovidenciarecoleta.cl\/inicio\/wp-json\/wp\/v2\/media?parent=10515"}],"wp:term":[{"taxonomy":"category","embeddable":true,"href":"https:\/\/www.laprovidenciarecoleta.cl\/inicio\/wp-json\/wp\/v2\/categories?post=10515"},{"taxonomy":"post_tag","embeddable":true,"href":"https:\/\/www.laprovidenciarecoleta.cl\/inicio\/wp-json\/wp\/v2\/tags?post=10515"}],"curies":[{"name":"wp","href":"https:\/\/api.w.org\/{rel}","templated":true}]}}