{"id":10443,"date":"2020-10-19T10:15:16","date_gmt":"2020-10-19T14:15:16","guid":{"rendered":"http:\/\/www.laprovidenciarecoleta.cl\/escuela\/?p=10443"},"modified":"2020-10-19T10:15:16","modified_gmt":"2020-10-19T14:15:16","slug":"destacamos-la-importante-labor-de-los-docentes-16-de-octubre-dia-del-profesor","status":"publish","type":"post","link":"https:\/\/www.laprovidenciarecoleta.cl\/inicio\/destacamos-la-importante-labor-de-los-docentes-16-de-octubre-dia-del-profesor\/","title":{"rendered":"\u201c16 de Octubre d\u00eda del Profesor\u201d  Destacamos la importante labor de los docentes."},"content":{"rendered":"<p><img loading=\"lazy\" decoding=\"async\" class=\"aligncenter wp-image-10444 size-full\" src=\"http:\/\/www.laprovidenciarecoleta.cl\/inicio\/wp-content\/uploads\/2020\/10\/articulo-psicologia-dia-del-profesor.png\" alt=\"\" width=\"1280\" height=\"720\" srcset=\"https:\/\/www.laprovidenciarecoleta.cl\/inicio\/wp-content\/uploads\/2020\/10\/articulo-psicologia-dia-del-profesor.png 1280w, https:\/\/www.laprovidenciarecoleta.cl\/inicio\/wp-content\/uploads\/2020\/10\/articulo-psicologia-dia-del-profesor-300x169.png 300w, https:\/\/www.laprovidenciarecoleta.cl\/inicio\/wp-content\/uploads\/2020\/10\/articulo-psicologia-dia-del-profesor-1024x576.png 1024w\" sizes=\"(max-width: 1280px) 100vw, 1280px\" \/><\/p>\n<p>&nbsp;<\/p>\n<p>En esta oportunidad quiero homenajear a todos\/as mis queridos\/as compa\u00f1eros de trabajo y docentes de la Escuela San Jos\u00e9, creo que es importante y necesario, <strong>siempre<\/strong> y m\u00e1s a\u00fan en una en una fecha como hoy, reconocerlos\u2026<!--more--><\/p>\n<p>Comenzaron en marzo del 2020, con mucho \u00e1nimo y ganas de ense\u00f1ar a sus estudiantes, pero repentinamente, apenas pasadas dos semanas del comienzo de clases, todo cambi\u00f3; nuestros docentes tuvieron que r\u00e1pidamente cambiar sus metodolog\u00edas para comenzar a ense\u00f1ar desde sus casas; muchas preguntas de forma interna surgieron en ellos\/as; \u00bfC\u00f3mo lo vamos a hacer?, \u00bfCu\u00e1ndo iremos a volver a la escuela?, \u00bfQu\u00e9 puedo hacer para que ning\u00fan estudiante deje de aprender?; muchas interrogantes vinieron a sus cabezas, m\u00e1s a\u00fan con la preocupaci\u00f3n inherente a la pandemia. Tuvieron que adaptarse a nuevas formas de trabajo, a tener nuevos horarios de trabajo, ense\u00f1ando o revisando pruebas o tareas, despu\u00e9s de las 18:00 de la tarde y todo esto, para que ning\u00fan estudiante se quedara fuera de la nueva modalidad de aprendizaje. Con sus propios miedos, angustias, ansiedades y problemas por esta crisis, han tenido que salir adelante con m\u00e1s fuerza que nunca, porque de todo coraz\u00f3n, quieren que sus estudiantes sigan aprendiendo a pesar de todo. Puedo dar fe que muchas veces, sus principales preocupaciones eran y son sus estudiantes y familias, inquietudes que, sumadas a las personales, en algunos, era motivo de desvelo por las noches y ansiedades por el d\u00eda.<\/p>\n<p>Pero finalmente <strong>todos<\/strong> hemos intentado salir adelante, a pesar de lo complejo que para muchos ha sido este tiempo, creo para nadie de nuestra comunidad educativa, este per\u00edodo ha sido f\u00e1cil; intentar trasladar la escuela al hogar ha sido un gran desaf\u00edo para nuestros docentes, muchos de ellos cumpliendo multiroles en el hogar; convirtiendo un comedor en una sala de clases, invadiendo espacios de su casa con libros, gu\u00edas, l\u00e1pices, computadores, pizarras, etc. y adem\u00e1s teniendo que atender a sus propias familias, lidiando con sus propios problemas y penas, ya que <strong>nadie<\/strong> ha quedado ajeno a las consecuencias que esta pandemia ha tra\u00eddo.<\/p>\n<p>S\u00f3lo queda <strong>agradecerles<\/strong> a todos y a cada uno de nuestros profesores\/as por su gran labor; d\u00eda a d\u00eda se desaf\u00edan para ser mejores maestros y sobre todo un mejor gu\u00eda, que acompa\u00f1a el aprendizaje del estudiante y las situaciones socioemocionales de las familias de ellos.<\/p>\n<p>Mis respetos, admiraci\u00f3n y cari\u00f1o a todos\/as los\/as docentes de la Escuela San Jos\u00e9, ejercen una maravillosa labor, y <strong><em>\u00a1VAMOS QUE SE PUEDE!<\/em><\/strong><\/p>\n<p>&nbsp;<\/p>\n<p><a href=\"http:\/\/www.laprovidenciarecoleta.cl\/inicio\/wp-content\/uploads\/2020\/10\/Un-Profesor.jpg\"><img loading=\"lazy\" decoding=\"async\" class=\"aligncenter wp-image-10447 size-full\" src=\"http:\/\/www.laprovidenciarecoleta.cl\/inicio\/wp-content\/uploads\/2020\/10\/Un-Profesor.jpg\" alt=\"\" width=\"224\" height=\"225\" srcset=\"https:\/\/www.laprovidenciarecoleta.cl\/inicio\/wp-content\/uploads\/2020\/10\/Un-Profesor.jpg 224w, https:\/\/www.laprovidenciarecoleta.cl\/inicio\/wp-content\/uploads\/2020\/10\/Un-Profesor-150x150.jpg 150w\" sizes=\"(max-width: 224px) 100vw, 224px\" \/><\/a><\/p>\n<p>&nbsp;<\/p>\n<p style=\"text-align: center;\"><em>Isabel Hadad R.<\/em><\/p>\n<p style=\"text-align: center;\"><em>Psic\u00f3loga <\/em><\/p>\n<p style=\"text-align: center;\"><em>Escuela San Jos\u00e9<\/em><\/p>\n<p style=\"text-align: center;\"><em>psicologia@laprovidenciarecoleta.cl<\/em><\/p>\n","protected":false},"excerpt":{"rendered":"<p>&nbsp; En esta oportunidad quiero homenajear a todos\/as mis queridos\/as compa\u00f1eros de trabajo y docentes de la Escuela San Jos\u00e9, creo que es importante y necesario, siempre y m\u00e1s a\u00fan en una en una fecha como hoy, reconocerlos\u2026<\/p>\n","protected":false},"author":6,"featured_media":0,"comment_status":"open","ping_status":"open","sticky":false,"template":"","format":"standard","meta":{"footnotes":""},"categories":[16],"tags":[],"_links":{"self":[{"href":"https:\/\/www.laprovidenciarecoleta.cl\/inicio\/wp-json\/wp\/v2\/posts\/10443"}],"collection":[{"href":"https:\/\/www.laprovidenciarecoleta.cl\/inicio\/wp-json\/wp\/v2\/posts"}],"about":[{"href":"https:\/\/www.laprovidenciarecoleta.cl\/inicio\/wp-json\/wp\/v2\/types\/post"}],"author":[{"embeddable":true,"href":"https:\/\/www.laprovidenciarecoleta.cl\/inicio\/wp-json\/wp\/v2\/users\/6"}],"replies":[{"embeddable":true,"href":"https:\/\/www.laprovidenciarecoleta.cl\/inicio\/wp-json\/wp\/v2\/comments?post=10443"}],"version-history":[{"count":0,"href":"https:\/\/www.laprovidenciarecoleta.cl\/inicio\/wp-json\/wp\/v2\/posts\/10443\/revisions"}],"wp:attachment":[{"href":"https:\/\/www.laprovidenciarecoleta.cl\/inicio\/wp-json\/wp\/v2\/media?parent=10443"}],"wp:term":[{"taxonomy":"category","embeddable":true,"href":"https:\/\/www.laprovidenciarecoleta.cl\/inicio\/wp-json\/wp\/v2\/categories?post=10443"},{"taxonomy":"post_tag","embeddable":true,"href":"https:\/\/www.laprovidenciarecoleta.cl\/inicio\/wp-json\/wp\/v2\/tags?post=10443"}],"curies":[{"name":"wp","href":"https:\/\/api.w.org\/{rel}","templated":true}]}}