{"id":10282,"date":"2020-10-16T12:53:07","date_gmt":"2020-10-16T16:53:07","guid":{"rendered":"http:\/\/www.laprovidenciarecoleta.cl\/escuela\/?p=10282"},"modified":"2020-10-16T12:53:07","modified_gmt":"2020-10-16T16:53:07","slug":"preparamos-nuestro-aniversario-n106","status":"publish","type":"post","link":"https:\/\/www.laprovidenciarecoleta.cl\/inicio\/preparamos-nuestro-aniversario-n106\/","title":{"rendered":"Preparamos nuestro aniversario n\u00b0106"},"content":{"rendered":"<p><img loading=\"lazy\" decoding=\"async\" class=\"alignnone wp-image-10283 size-large\" src=\"http:\/\/www.laprovidenciarecoleta.cl\/inicio\/wp-content\/uploads\/2020\/10\/Nos-preparamos-para-nuestro-aniversario-106-1024x576.jpg\" alt=\"\" width=\"1024\" height=\"576\" srcset=\"https:\/\/www.laprovidenciarecoleta.cl\/inicio\/wp-content\/uploads\/2020\/10\/Nos-preparamos-para-nuestro-aniversario-106-1024x576.jpg 1024w, https:\/\/www.laprovidenciarecoleta.cl\/inicio\/wp-content\/uploads\/2020\/10\/Nos-preparamos-para-nuestro-aniversario-106-300x169.jpg 300w, https:\/\/www.laprovidenciarecoleta.cl\/inicio\/wp-content\/uploads\/2020\/10\/Nos-preparamos-para-nuestro-aniversario-106.jpg 1280w\" sizes=\"(max-width: 1024px) 100vw, 1024px\" \/><\/p>\n<p>Querida comunidad Escuela San Jos\u00e9:<\/p>\n<p>Invitamos a nuestros estudiantes y familias a participar\u00a0 de las actividades\u00a0 planificadas para\u00a0 celebrar el aniversario n\u00b0106 de\u00a0 la escuela.<\/p>\n<p><strong><em><u>Bases actividades Aniversario 106 Escuela San Jos\u00e9<\/u><\/em><\/strong><\/p>\n<p><strong><em><u>\u00a0<\/u><\/em><\/strong><strong><em><u>V\u00eddeo Familiar:<\/u><\/em><\/strong><\/p>\n<p>El objetivo de esta actividad es mostrar los talentos de las familias saludando\/agradeciendo un aniversario m\u00e1s de la de la escuela, y recopilarlos en una transmisi\u00f3n en vivo.<\/p>\n<p>&#8211; El v\u00eddeo\u00a0 debe durar m\u00e1ximo \u00a0un minuto.<\/p>\n<p>&#8211;\u00a0 Deben participar m\u00ednimo dos integrantes de la familia (incluyendo al estudiante).<\/p>\n<p>&#8211; En el transcurso del v\u00eddeo se debe ver n\u00famero del aniversario de la escuela (106).<\/p>\n<p>&#8211; El v\u00eddeo debe ser enviado al correo del profesor Roberto (<a href=\"mailto:Roberto.hernandez@laprovidenciarecoleta.cl\">Roberto.hernandez@laprovidenciarecoleta.cl<\/a>)<\/p>\n<p>&#8211; El plazo de recepci\u00f3n se cerrar\u00e1 el mi\u00e9rcoles 21 de octubre a las 12:00 del mediod\u00eda.<\/p>\n<p>* El vestuario e indumentaria son opcionales.<\/p>\n<p>** Cualquier comentario o contenido ofensivo ser\u00e1 omitido.<\/p>\n<p><strong><em><u>Mi Escuela en 100 Palabras<\/u><\/em><\/strong><strong><em><u>:<\/u><\/em><\/strong><\/p>\n<p>El objetivo de esta actividad es expresar la experiencia de vida que han tenido en la Escuela San Jos\u00e9 en un breve relato escrito (cuento, poema, f\u00e1bula, an\u00e9cdota, etc.).<\/p>\n<p>&#8211; La tem\u00e1tica del relato debe estar relacionada con la Escuela San Jos\u00e9.<\/p>\n<p>&#8211; El texto debe tener m\u00e1ximo 100 palabras, sin contar el t\u00edtulo.<\/p>\n<p>-Debe contener nombre del autor, estudiante y curso.<\/p>\n<p>&#8211; El relato debe ser enviado al correo de la Profesora Claudia Huerta (<a href=\"mailto:claudia.huerta@laprovidenciarecoleta.cl\">claudia.huerta@laprovidenciarecoleta.cl<\/a>)<\/p>\n<p>&#8211; El plazo de recepci\u00f3n se cerrar\u00e1 el mi\u00e9rcoles 21 de octubre a las 12:00 del mediod\u00eda.<\/p>\n<p>* Cualquier comentario o contenido ofensivo ser\u00e1 omitido.<\/p>\n<p><strong><u>Horarios y Transmisi\u00f3n:<\/u><\/strong><\/p>\n<p>&#8211; Se acord\u00f3 como fecha de transmisi\u00f3n el viernes 23 de octubre a las 12:00 del mediod\u00eda.<\/p>\n<p>&#8211; Antes de comenzar con la transmisi\u00f3n de los v\u00eddeos, se har\u00e1 una oraci\u00f3n por toda la comunidad educativa de la escuela San Jos\u00e9.<\/p>\n<p>&#8211; El canal de transmisi\u00f3n oficial ser\u00e1 YouTube, y el canal de divulgaci\u00f3n ser\u00e1 la p\u00e1gina de la escuela y el Facebook.<\/p>\n<p style=\"text-align: center;\">Atte.<\/p>\n<p style=\"text-align: center;\">Equipo Organizador<\/p>\n<div style=\"width: 854px;\" class=\"wp-video\"><!--[if lt IE 9]><script>document.createElement('video');<\/script><![endif]-->\n<video class=\"wp-video-shortcode\" id=\"video-10282-1\" width=\"854\" height=\"480\" poster=\"http:\/\/www.laprovidenciarecoleta.cl\/inicio\/wp-content\/uploads\/2020\/10\/imagen-video.png\" preload=\"metadata\" controls=\"controls\"><source type=\"video\/mp4\" src=\"http:\/\/www.laprovidenciarecoleta.cl\/inicio\/wp-content\/uploads\/2020\/10\/Aniversario-106-Escuela.mp4?_=1\" \/><a href=\"http:\/\/www.laprovidenciarecoleta.cl\/inicio\/wp-content\/uploads\/2020\/10\/Aniversario-106-Escuela.mp4\">http:\/\/www.laprovidenciarecoleta.cl\/inicio\/wp-content\/uploads\/2020\/10\/Aniversario-106-Escuela.mp4<\/a><\/video><\/div>\n","protected":false},"excerpt":{"rendered":"<p>Querida comunidad Escuela San Jos\u00e9: Invitamos a nuestros estudiantes y familias a participar\u00a0 de las actividades\u00a0 planificadas para\u00a0 celebrar el aniversario n\u00b0106 de\u00a0 la escuela. Bases actividades Aniversario 106 Escuela San Jos\u00e9 \u00a0V\u00eddeo Familiar: El objetivo de esta actividad es mostrar los talentos de las familias saludando\/agradeciendo un aniversario m\u00e1s de la de la escuela, y recopilarlos en una transmisi\u00f3n&nbsp;<a href=\"https:\/\/www.laprovidenciarecoleta.cl\/inicio\/preparamos-nuestro-aniversario-n106\/\">&hellip;<\/a><\/p>\n","protected":false},"author":6,"featured_media":0,"comment_status":"open","ping_status":"open","sticky":false,"template":"","format":"standard","meta":{"footnotes":""},"categories":[16],"tags":[],"_links":{"self":[{"href":"https:\/\/www.laprovidenciarecoleta.cl\/inicio\/wp-json\/wp\/v2\/posts\/10282"}],"collection":[{"href":"https:\/\/www.laprovidenciarecoleta.cl\/inicio\/wp-json\/wp\/v2\/posts"}],"about":[{"href":"https:\/\/www.laprovidenciarecoleta.cl\/inicio\/wp-json\/wp\/v2\/types\/post"}],"author":[{"embeddable":true,"href":"https:\/\/www.laprovidenciarecoleta.cl\/inicio\/wp-json\/wp\/v2\/users\/6"}],"replies":[{"embeddable":true,"href":"https:\/\/www.laprovidenciarecoleta.cl\/inicio\/wp-json\/wp\/v2\/comments?post=10282"}],"version-history":[{"count":0,"href":"https:\/\/www.laprovidenciarecoleta.cl\/inicio\/wp-json\/wp\/v2\/posts\/10282\/revisions"}],"wp:attachment":[{"href":"https:\/\/www.laprovidenciarecoleta.cl\/inicio\/wp-json\/wp\/v2\/media?parent=10282"}],"wp:term":[{"taxonomy":"category","embeddable":true,"href":"https:\/\/www.laprovidenciarecoleta.cl\/inicio\/wp-json\/wp\/v2\/categories?post=10282"},{"taxonomy":"post_tag","embeddable":true,"href":"https:\/\/www.laprovidenciarecoleta.cl\/inicio\/wp-json\/wp\/v2\/tags?post=10282"}],"curies":[{"name":"wp","href":"https:\/\/api.w.org\/{rel}","templated":true}]}}