{"id":10262,"date":"2020-10-14T10:07:30","date_gmt":"2020-10-14T14:07:30","guid":{"rendered":"http:\/\/www.laprovidenciarecoleta.cl\/escuela\/?p=10262"},"modified":"2020-10-14T10:07:30","modified_gmt":"2020-10-14T14:07:30","slug":"cuidemos-nuestra-salud-mental","status":"publish","type":"post","link":"https:\/\/www.laprovidenciarecoleta.cl\/inicio\/cuidemos-nuestra-salud-mental\/","title":{"rendered":"Cuidemos nuestra salud mental"},"content":{"rendered":"<p><img loading=\"lazy\" decoding=\"async\" class=\"aligncenter wp-image-10263 size-full\" src=\"http:\/\/www.laprovidenciarecoleta.cl\/inicio\/wp-content\/uploads\/2020\/10\/dia-de-la-salud-mental.png\" alt=\"\" width=\"1280\" height=\"720\" srcset=\"https:\/\/www.laprovidenciarecoleta.cl\/inicio\/wp-content\/uploads\/2020\/10\/dia-de-la-salud-mental.png 1280w, https:\/\/www.laprovidenciarecoleta.cl\/inicio\/wp-content\/uploads\/2020\/10\/dia-de-la-salud-mental-300x169.png 300w, https:\/\/www.laprovidenciarecoleta.cl\/inicio\/wp-content\/uploads\/2020\/10\/dia-de-la-salud-mental-1024x576.png 1024w\" sizes=\"(max-width: 1280px) 100vw, 1280px\" \/><\/p>\n<p>Este pasado <strong>10 de octubre<\/strong>, se celebr\u00f3 el <strong>d\u00eda de la salud mental<\/strong>; d\u00eda que quiz\u00e1s recobra m\u00e1s importancia este a\u00f1o, porque estamos en medio de una pandemia, <!--more-->la cual ha tra\u00eddo consecuencias psicol\u00f3gicas en muchas personas\u00a0 a nivel mundial. El objetivo que persigue conmemorar esta fecha, es recordar que, la salud de cada individuo es la s\u00f3lida base para la construcci\u00f3n de vidas plenas y satisfactorias.<\/p>\n<p>La invitaci\u00f3n es a cuidar la salud mental y a tomar la real importancia que \u00e9sta tiene, a pesar de todas las vivencias por las cuales estamos pasando, debemos autocuidarnos y cuidar a los ni\u00f1os y j\u00f3venes quienes est\u00e1n a nuestro cargo.<\/p>\n<h1><a href=\"https:\/\/drive.google.com\/file\/d\/1nxt60CJRRC2LlmoFTG-_oQXATF95vrpz\/view?usp=sharing\" target=\"_blank\" rel=\"noopener noreferrer\">Ver Presentaci\u00f3n: <\/a><\/h1>\n<h1><a href=\"https:\/\/drive.google.com\/file\/d\/1nxt60CJRRC2LlmoFTG-_oQXATF95vrpz\/view?usp=sharing\" target=\"_blank\" rel=\"noopener noreferrer\">&#8220;Ahora ,m\u00e1s que antes, debemos cuidar nuestra salud mental&#8221;<\/a><\/h1>\n<p>&nbsp;<\/p>\n<p style=\"text-align: center;\"><strong><em>Isabel Hadad R.<\/em><\/strong><\/p>\n<p style=\"text-align: center;\"><strong><em>\u00a0 Psic\u00f3loga<\/em><\/strong><\/p>\n<p style=\"text-align: center;\"><strong><em>Escuela San Jos\u00e9<\/em><\/strong><\/p>\n<p style=\"text-align: center;\"><strong><em>psicologia@laprovidenciarecoleta.cl<\/em><\/strong><\/p>\n","protected":false},"excerpt":{"rendered":"<p>Este pasado 10 de octubre, se celebr\u00f3 el d\u00eda de la salud mental; d\u00eda que quiz\u00e1s recobra m\u00e1s importancia este a\u00f1o, porque estamos en medio de una pandemia,<\/p>\n","protected":false},"author":6,"featured_media":0,"comment_status":"open","ping_status":"open","sticky":false,"template":"","format":"standard","meta":{"footnotes":""},"categories":[16],"tags":[],"_links":{"self":[{"href":"https:\/\/www.laprovidenciarecoleta.cl\/inicio\/wp-json\/wp\/v2\/posts\/10262"}],"collection":[{"href":"https:\/\/www.laprovidenciarecoleta.cl\/inicio\/wp-json\/wp\/v2\/posts"}],"about":[{"href":"https:\/\/www.laprovidenciarecoleta.cl\/inicio\/wp-json\/wp\/v2\/types\/post"}],"author":[{"embeddable":true,"href":"https:\/\/www.laprovidenciarecoleta.cl\/inicio\/wp-json\/wp\/v2\/users\/6"}],"replies":[{"embeddable":true,"href":"https:\/\/www.laprovidenciarecoleta.cl\/inicio\/wp-json\/wp\/v2\/comments?post=10262"}],"version-history":[{"count":0,"href":"https:\/\/www.laprovidenciarecoleta.cl\/inicio\/wp-json\/wp\/v2\/posts\/10262\/revisions"}],"wp:attachment":[{"href":"https:\/\/www.laprovidenciarecoleta.cl\/inicio\/wp-json\/wp\/v2\/media?parent=10262"}],"wp:term":[{"taxonomy":"category","embeddable":true,"href":"https:\/\/www.laprovidenciarecoleta.cl\/inicio\/wp-json\/wp\/v2\/categories?post=10262"},{"taxonomy":"post_tag","embeddable":true,"href":"https:\/\/www.laprovidenciarecoleta.cl\/inicio\/wp-json\/wp\/v2\/tags?post=10262"}],"curies":[{"name":"wp","href":"https:\/\/api.w.org\/{rel}","templated":true}]}}