{"id":10010,"date":"2020-10-08T16:20:41","date_gmt":"2020-10-08T20:20:41","guid":{"rendered":"http:\/\/www.laprovidenciarecoleta.cl\/escuela\/?p=10010"},"modified":"2020-10-08T16:20:41","modified_gmt":"2020-10-08T20:20:41","slug":"inicio-del-diagnostico-integral-de-necesidades-educativas-especiales","status":"publish","type":"post","link":"https:\/\/www.laprovidenciarecoleta.cl\/inicio\/inicio-del-diagnostico-integral-de-necesidades-educativas-especiales\/","title":{"rendered":"Inicio del diagn\u00f3stico integral de necesidades educativas especiales"},"content":{"rendered":"<p><img loading=\"lazy\" decoding=\"async\" class=\"alignnone wp-image-10013 size-large\" src=\"http:\/\/www.laprovidenciarecoleta.cl\/inicio\/wp-content\/uploads\/2020\/10\/pie-portada-noticia-1024x576.jpg\" alt=\"\" width=\"1024\" height=\"576\" srcset=\"https:\/\/www.laprovidenciarecoleta.cl\/inicio\/wp-content\/uploads\/2020\/10\/pie-portada-noticia-1024x576.jpg 1024w, https:\/\/www.laprovidenciarecoleta.cl\/inicio\/wp-content\/uploads\/2020\/10\/pie-portada-noticia-300x169.jpg 300w, https:\/\/www.laprovidenciarecoleta.cl\/inicio\/wp-content\/uploads\/2020\/10\/pie-portada-noticia.jpg 1280w\" sizes=\"(max-width: 1024px) 100vw, 1024px\" \/><\/p>\n<p>Estimados padres y apoderados del Programa de Integraci\u00f3n Escolar, hoy queremos dirigirnos\u00a0 a ustedes para compartir informaciones que son importantes y fundamentales para nuestro trabajo\u00a0 \u00a0 con sus hijos.<!--more--><\/p>\n<p>La grave situaci\u00f3n de la pandemia del Covid 19 nos oblig\u00f3 a suspender nuestro proceso de incorporaci\u00f3n de estudiantes al PIE, que se deb\u00eda desarrollar desde marzo a junio. Este es un proceso de evaluaci\u00f3n formal, exigido por el Misterio de Educaci\u00f3n para consolidar la creaci\u00f3n del Programa de Integraci\u00f3n Escolar en nuestra Escuela. Es por ello, que a partir de las orientaciones emanadas desde las autoridades,\u00a0 y\u00a0 por encontrarse Recoleta en la fase 3 de desconfinamiento, la Escuela ha solicitado la autorizaci\u00f3n para iniciar el proceso de evaluaci\u00f3n para la incorporaci\u00f3n de estudiantes al PIE, respondiendo al derecho a la educaci\u00f3n, igualdad de oportunidades y participaci\u00f3n y a la no discriminaci\u00f3n de las personas que presentan N.E.E. y de esta manera garantizar el acceso, progreso y egreso del sistema educativo, cumpliendo con el objetivo principal del Programa de Integraci\u00f3n Escolar de \u201cContribuir al mejoramiento continuo de la calidad de la educaci\u00f3n, favoreciendo la presencia de profesores diferenciales en la sala de clases y de esta forma la participaci\u00f3n y el logro de los aprendizajes esperados de todos y cada uno de los estudiantes, sobre todo de aquellos que presentan necesidades educativas especiales (N.E.E). Adem\u00e1s contar con un equipo multidisciplinario (fonoaudi\u00f3loga, psic\u00f3loga), el cual apoya desde su \u00e1rea estas N.E.E.\u201d<\/p>\n<p>Por lo anterior, como Escuela hemos tomado todas las medidas correspondientes de acuerdo a la normativa vigente por el MINSAL y MINEDUC, con el fin de salvaguardar el cuidado de nuestros y nuestras estudiantes. Estamos a la espera de una respuesta positiva por parte de ellos. Confiados en la buena recepci\u00f3n, iniciaremos nuestro proceso evaluativo de estudiantes <strong><u>desde el martes 13 de octubre hasta el mi\u00e9rcoles 18 de<\/u> <u>noviembre, coordinando previamente con usted el d\u00eda y hora en que debe<\/u> <u>presentarse el estudiante, junto a un adulto responsable.<\/u><\/strong><\/p>\n<p>Finalmente queremos agradecer y valorar el esfuerzo, compromiso y disposici\u00f3n de cada uno de ustedes, por permitir llevar a cabo este proceso.<\/p>\n<p>Para nosotros, como comunidad educativa, es fundamental la comunicaci\u00f3n y colaboraci\u00f3n mutua, ya que permite que sus hijos reciban los apoyos adecuados de acuerdo a las necesidades que presentan.<\/p>\n<h5>Les saluda atentamente,<\/h5>\n<h5 style=\"text-align: center;\"><strong>Equipo de Gesti\u00f3n Escuela San Jos\u00e9 de Recoleta<\/strong><\/h5>\n","protected":false},"excerpt":{"rendered":"<p>Estimados padres y apoderados del Programa de Integraci\u00f3n Escolar, hoy queremos dirigirnos\u00a0 a ustedes para compartir informaciones que son importantes y fundamentales para nuestro trabajo\u00a0 \u00a0 con sus hijos.<\/p>\n","protected":false},"author":6,"featured_media":0,"comment_status":"open","ping_status":"open","sticky":false,"template":"","format":"standard","meta":{"footnotes":""},"categories":[16],"tags":[],"_links":{"self":[{"href":"https:\/\/www.laprovidenciarecoleta.cl\/inicio\/wp-json\/wp\/v2\/posts\/10010"}],"collection":[{"href":"https:\/\/www.laprovidenciarecoleta.cl\/inicio\/wp-json\/wp\/v2\/posts"}],"about":[{"href":"https:\/\/www.laprovidenciarecoleta.cl\/inicio\/wp-json\/wp\/v2\/types\/post"}],"author":[{"embeddable":true,"href":"https:\/\/www.laprovidenciarecoleta.cl\/inicio\/wp-json\/wp\/v2\/users\/6"}],"replies":[{"embeddable":true,"href":"https:\/\/www.laprovidenciarecoleta.cl\/inicio\/wp-json\/wp\/v2\/comments?post=10010"}],"version-history":[{"count":0,"href":"https:\/\/www.laprovidenciarecoleta.cl\/inicio\/wp-json\/wp\/v2\/posts\/10010\/revisions"}],"wp:attachment":[{"href":"https:\/\/www.laprovidenciarecoleta.cl\/inicio\/wp-json\/wp\/v2\/media?parent=10010"}],"wp:term":[{"taxonomy":"category","embeddable":true,"href":"https:\/\/www.laprovidenciarecoleta.cl\/inicio\/wp-json\/wp\/v2\/categories?post=10010"},{"taxonomy":"post_tag","embeddable":true,"href":"https:\/\/www.laprovidenciarecoleta.cl\/inicio\/wp-json\/wp\/v2\/tags?post=10010"}],"curies":[{"name":"wp","href":"https:\/\/api.w.org\/{rel}","templated":true}]}}