{"id":9920,"date":"2020-10-05T12:16:05","date_gmt":"2020-10-05T16:16:05","guid":{"rendered":"http:\/\/www.laprovidenciarecoleta.cl\/escuela\/?p=9920"},"modified":"2020-10-05T12:16:05","modified_gmt":"2020-10-05T16:16:05","slug":"la-importancia-del-trabajo-colaborativo-familia-escuela-en-tiempos-de-pandemia","status":"publish","type":"post","link":"http:\/\/www.laprovidenciarecoleta.cl\/inicio\/la-importancia-del-trabajo-colaborativo-familia-escuela-en-tiempos-de-pandemia\/","title":{"rendered":"\u201cLa importancia del trabajo colaborativo familia\/escuela en tiempos de pandemia\u201d"},"content":{"rendered":"<p><a href=\"http:\/\/www.laprovidenciarecoleta.cl\/inicio\/wp-content\/uploads\/2020\/10\/alianza.jpg\"><img loading=\"lazy\" decoding=\"async\" class=\"alignnone wp-image-9921 size-large\" src=\"http:\/\/www.laprovidenciarecoleta.cl\/inicio\/wp-content\/uploads\/2020\/10\/alianza-1024x576.jpg\" alt=\"\" width=\"1024\" height=\"576\" srcset=\"http:\/\/www.laprovidenciarecoleta.cl\/inicio\/wp-content\/uploads\/2020\/10\/alianza-1024x576.jpg 1024w, http:\/\/www.laprovidenciarecoleta.cl\/inicio\/wp-content\/uploads\/2020\/10\/alianza-300x169.jpg 300w, http:\/\/www.laprovidenciarecoleta.cl\/inicio\/wp-content\/uploads\/2020\/10\/alianza.jpg 1280w\" sizes=\"(max-width: 1024px) 100vw, 1024px\" \/><\/a><\/p>\n<p>&nbsp;<\/p>\n<p>Un trabajo colaborativo o en equipo, implica una <strong>coordinaci\u00f3n<\/strong> hacia un <strong>objetivo compartido<\/strong>,<!--more--> donde cada parte interviene <strong>aportando<\/strong> con su trabajo o deber para finalmente sacar adelante esa tarea en com\u00fan.<\/p>\n<p>La alianza familia\/escuela tiene una trascendental relevancia, no s\u00f3lo ahora, sino que siempre la ha tenido; a continuaci\u00f3n, se hace una invitaci\u00f3n a que, hoy m\u00e1s que nunca, se afiaten los v\u00ednculos y la relaci\u00f3n con la escuela, ya que como ver\u00e1n, esto favorece a toda la comunidad educativa, pero principalmente, tiene beneficios para sus hijos\/as, nuestros estudiantes, quienes requieren todo el apoyo necesario para salir adelante en sus aprendizajes.<\/p>\n<p>En nuestro caso, como comunidad educativa, la alianza familia\/escuela, es muy importante y necesaria de realizar como un trabajo mancomunado, ya que de otra manera es muy dif\u00edcil sacar la tarea adelante, donde para todos\/as, el objetivo principal es que los estudiantes sigan aprendiendo, a pesar de las condiciones adversas, que se han presentado a ra\u00edz de esta pandemia; es comprensible que muchas veces las condiciones en el hogar no son las \u00f3ptimas para que los\/as ni\u00f1os\/as y j\u00f3venes sigan trabajando y avanzando adecuadamente en las labores escolares, pero se recomienda hacer un m\u00e1ximo de esfuerzo en derribar estas barreras, ya que finalmente, la mejor inversi\u00f3n que los padres pueden hacer con sus hijos, es la educaci\u00f3n, la cual ser\u00e1 lo \u00fanico y lo m\u00e1s importante que le podr\u00e1n dejar a ellos. Hoy tenemos la <strong>oportunidad<\/strong> y <strong>responsabilidad<\/strong> de fortalecer nuestra alianza familia\/escuela, fortificando los puentes, canales de comunicaci\u00f3n y puntos de encuentros, ya que tambi\u00e9n, esto nos permitir\u00e1 reforzar nuestros v\u00ednculos y cercan\u00eda, y de esta forma podremos ayudarnos y ayudar a nuestros ni\u00f1os\/as y j\u00f3venes a salir adelante en sus aprendizajes; aprendizajes que no s\u00f3lo ser\u00e1n cognitivos e intelectuales, sino que tambi\u00e9n, les entregaremos un aprendizaje de vida, el cual ense\u00f1a sobre la importancia de trabajar en equipo y de lo saludable que es, para sacar adelante cualquier meta que se propongan en la vida.<\/p>\n<p>El trabajo en conjunto familia\/escuela tiene muchos otros beneficios, b\u00e1sicamente para el estudiante, quien es nuestro foco fundamental, como por ejemplo, el aumento de la motivaci\u00f3n hacia el trabajo y por ende el aumento del rendimiento, fomenta el sentido de pertenencia hacia la escuela, lo cual los hace comprometerse m\u00e1s con ella y con los asuntos de \u00e9sta, aumenta la confianza en sus padres, ya que al verlos comprometidos con la escuela, sienten m\u00e1s confianza para lograr m\u00e1s y mejores cosas, tambi\u00e9n aumenta la confianza con sus docentes y de esta forma pueden pedir ayuda libremente, teniendo la certeza que ser\u00e1n ayudados de la mejor manera posible. Por otro lado, en los padres, mejora la relaci\u00f3n con sus hijos y la supervisi\u00f3n del desempe\u00f1o escolar de ellos, aumenta su autoestima y el sentimiento de eficacia, tambi\u00e9n generan un sentido de pertenencia con la escuela, teniendo la confianza, adem\u00e1s, para contar con ella cuando se requiera, comprenden mejor el trabajo que realizan los profesores, entre otras cosas. Y para el docente tambi\u00e9n hay beneficios de esta alianza, ya que con la participaci\u00f3n de las familias, los profesores cuentan con mejores herramientas para conocer a sus estudiantes; lo cual en este per\u00edodo ha sido fundamental; tambi\u00e9n se logra un mayor conocimiento de las expectativas y necesidades de los padres y con ello, m\u00e1s posibilidades de atenderlas, se genera mayor apoyo y comprensi\u00f3n por parte de los padres hacia el profesor, con lo que se logra una alianza cooperativa en pos de la educaci\u00f3n de los estudiantes, entre otros aspectos. <em>Fuente Valoras UC<\/em>.<\/p>\n<p>Para finalizar, les dejo la invitaci\u00f3n para que reflexionen y tengan siempre presente que para sacar adelante a los\/as ni\u00f1os\/as y j\u00f3venes debemos trabajar en una colaboraci\u00f3n mutua, la responsabilidad de la educaci\u00f3n de los estudiantes no es s\u00f3lo de la escuela, sino que tambi\u00e9n de la familia, trabajando juntos y unidos, lograremos sacarlos adelante de una manera m\u00e1s efectiva e integral. Inviertan tiempo, disposici\u00f3n, paciencia y cari\u00f1o para apoyarlos en esta compleja labor que es la educaci\u00f3n; nuestra escuela y los docentes siempre est\u00e1n y estar\u00e1n disponible para ayudarlos y colaborar con ustedes, pero recuerden que, para que las cosas tengan buenos resultados, debe haber un <strong>compromiso real<\/strong> y una <strong>colaboraci\u00f3n rec\u00edproca<\/strong> de <strong>todos<\/strong> los integrantes de la comunidad educativa y sobretodo de las familias de nuestros estudiantes, quienes son la fuente esencial de apoyo para ellos.<\/p>\n<p><em>&#8211;<strong>Reflexionemos:<\/strong><\/em><\/p>\n<p><strong><em>*\u00bfC\u00f3mo creen ustedes que podemos fortalecer a\u00fan m\u00e1s nuestra alianza familia\/escuela?<\/em><\/strong><\/p>\n<p><strong><em>*\u00bfDe qu\u00e9 manera usted, como apoderado\/a est\u00e1 aportando en el fortalecimiento de esta alianza familia\/escuela?<\/em><\/strong><\/p>\n<p>&nbsp;<\/p>\n<p style=\"text-align: center;\"><em>Isabel Hadad Rivas<\/em><\/p>\n<p style=\"text-align: center;\"><em>Psic\u00f3loga<\/em><\/p>\n<p style=\"text-align: center;\"><em>Escuela San Jos\u00e9<\/em><\/p>\n<p style=\"text-align: center;\"><em>psicologia@laprovidenciarecoleta.cl<\/em><\/p>\n","protected":false},"excerpt":{"rendered":"<p>&nbsp; Un trabajo colaborativo o en equipo, implica una coordinaci\u00f3n hacia un objetivo compartido,<\/p>\n","protected":false},"author":6,"featured_media":0,"comment_status":"open","ping_status":"open","sticky":false,"template":"","format":"standard","meta":{"footnotes":""},"categories":[16],"tags":[],"_links":{"self":[{"href":"http:\/\/www.laprovidenciarecoleta.cl\/inicio\/wp-json\/wp\/v2\/posts\/9920"}],"collection":[{"href":"http:\/\/www.laprovidenciarecoleta.cl\/inicio\/wp-json\/wp\/v2\/posts"}],"about":[{"href":"http:\/\/www.laprovidenciarecoleta.cl\/inicio\/wp-json\/wp\/v2\/types\/post"}],"author":[{"embeddable":true,"href":"http:\/\/www.laprovidenciarecoleta.cl\/inicio\/wp-json\/wp\/v2\/users\/6"}],"replies":[{"embeddable":true,"href":"http:\/\/www.laprovidenciarecoleta.cl\/inicio\/wp-json\/wp\/v2\/comments?post=9920"}],"version-history":[{"count":0,"href":"http:\/\/www.laprovidenciarecoleta.cl\/inicio\/wp-json\/wp\/v2\/posts\/9920\/revisions"}],"wp:attachment":[{"href":"http:\/\/www.laprovidenciarecoleta.cl\/inicio\/wp-json\/wp\/v2\/media?parent=9920"}],"wp:term":[{"taxonomy":"category","embeddable":true,"href":"http:\/\/www.laprovidenciarecoleta.cl\/inicio\/wp-json\/wp\/v2\/categories?post=9920"},{"taxonomy":"post_tag","embeddable":true,"href":"http:\/\/www.laprovidenciarecoleta.cl\/inicio\/wp-json\/wp\/v2\/tags?post=9920"}],"curies":[{"name":"wp","href":"https:\/\/api.w.org\/{rel}","templated":true}]}}