{"id":9495,"date":"2020-09-02T20:34:49","date_gmt":"2020-09-03T00:34:49","guid":{"rendered":"http:\/\/www.laprovidenciarecoleta.cl\/escuela\/?p=9495"},"modified":"2020-09-02T20:34:49","modified_gmt":"2020-09-03T00:34:49","slug":"con-fe-y-esperanza-vivimos-el-mes-de-la-providencia-y-la-solidaridad","status":"publish","type":"post","link":"http:\/\/www.laprovidenciarecoleta.cl\/inicio\/con-fe-y-esperanza-vivimos-el-mes-de-la-providencia-y-la-solidaridad\/","title":{"rendered":"Con fe y esperanza vivimos el mes de la Providencia y la solidaridad"},"content":{"rendered":"<p><a href=\"http:\/\/www.laprovidenciarecoleta.cl\/inicio\/wp-content\/uploads\/2020\/09\/Mes-de-la-Providencia.jpeg\"><img loading=\"lazy\" decoding=\"async\" class=\"aligncenter wp-image-9497 size-large\" src=\"http:\/\/www.laprovidenciarecoleta.cl\/inicio\/wp-content\/uploads\/2020\/09\/Mes-de-la-Providencia-1024x692.jpeg\" alt=\"\" width=\"1024\" height=\"692\" srcset=\"http:\/\/www.laprovidenciarecoleta.cl\/inicio\/wp-content\/uploads\/2020\/09\/Mes-de-la-Providencia-1024x692.jpeg 1024w, http:\/\/www.laprovidenciarecoleta.cl\/inicio\/wp-content\/uploads\/2020\/09\/Mes-de-la-Providencia-300x203.jpeg 300w, http:\/\/www.laprovidenciarecoleta.cl\/inicio\/wp-content\/uploads\/2020\/09\/Mes-de-la-Providencia.jpeg 1617w\" sizes=\"(max-width: 1024px) 100vw, 1024px\" \/><\/a><\/p>\n<p><!--more--><\/p>\n<p>Estos d\u00edas vividos, durante el mes de la Providencia, fueron una gran oportunidad para profundizar en nuestra espiritualidad providente y practicar el amor fraterno con aquellas personas, hermanos nuestros, que sufren, son postergados o experimentan la soledad, especialmente en este tiempo de pandemia.<\/p>\n<p>En este contexto, el Equipo de Pastoral planific\u00f3 diversas actividades; en esta nota, \u00a0queremos compartir con m\u00e1s detalles \u00a0la acci\u00f3n orientada hacia las residentas del hogar de ancianas San Jos\u00e9.<\/p>\n<p>En tiempos de clases presenciales nuestros estudiantes visitaban semanalmente a las abuelitas del hogar, llev\u00e1ndoles un aporte, un obsequio y entreteni\u00e9ndolas con un baile, una canci\u00f3n u otra presentaci\u00f3n art\u00edstica; esta actividad, instaurada hace muchos a\u00f1os, tiene como objetivo valorar a los adultos mayores y crear v\u00ednculos, es por ello, que este mes , para hacerles sentir que contin\u00faan estando presentes en nuestra memoria y coraz\u00f3n, quisimos enviarle , a cada residenta, todo nuestro afecto, a trav\u00e9s de saludos personalizados, grabados en formato de v\u00eddeo.<\/p>\n<p>Estudiantes de todos los cursos les manifestaron su cari\u00f1o y enviaron mensajes con palabras de \u00e1nimo, esperanza, bailes y poes\u00edas en esta hermosa experiencia de cercan\u00eda virtual y amor hacia ellas.<\/p>\n<p>Tambi\u00e9n en conjunto con las Asociadas Providencia San Jos\u00e9 se envi\u00f3 un obsequio a cada abuelita y al personal de salud y servicio que las acompa\u00f1a y cuida.<\/p>\n<p>Creemos que es importante transmitir a nuestros estudiantes y a sus familias la valoraci\u00f3n hacia los adultos mayores, quienes en sus ojos y sonrisas nos hacen experimentar la cercan\u00eda y el amor de Dios, Padre Providente.<\/p>\n<p>&nbsp;<\/p>\n\n\t\t<style type=\"text\/css\">\n\t\t\t#gallery-1 {\n\t\t\t\tmargin: auto;\n\t\t\t}\n\t\t\t#gallery-1 .gallery-item {\n\t\t\t\tfloat: left;\n\t\t\t\tmargin-top: 10px;\n\t\t\t\ttext-align: center;\n\t\t\t\twidth: 100%;\n\t\t\t}\n\t\t\t#gallery-1 img {\n\t\t\t\tborder: 2px solid #cfcfcf;\n\t\t\t}\n\t\t\t#gallery-1 .gallery-caption {\n\t\t\t\tmargin-left: 0;\n\t\t\t}\n\t\t\t\/* see gallery_shortcode() in wp-includes\/media.php *\/\n\t\t<\/style>\n\t\t<div id='gallery-1' class='gallery galleryid-9495 gallery-columns-1 gallery-size-medium'><dl class='gallery-item'>\n\t\t\t<dt class='gallery-icon portrait'>\n\t\t\t\t<a href='http:\/\/www.laprovidenciarecoleta.cl\/inicio\/wp-content\/uploads\/2020\/09\/1.jpeg'><img loading=\"lazy\" decoding=\"async\" width=\"169\" height=\"300\" src=\"http:\/\/www.laprovidenciarecoleta.cl\/inicio\/wp-content\/uploads\/2020\/09\/1-169x300.jpeg\" class=\"attachment-medium size-medium\" alt=\"\" srcset=\"http:\/\/www.laprovidenciarecoleta.cl\/inicio\/wp-content\/uploads\/2020\/09\/1-169x300.jpeg 169w, http:\/\/www.laprovidenciarecoleta.cl\/inicio\/wp-content\/uploads\/2020\/09\/1.jpeg 576w\" sizes=\"(max-width: 169px) 100vw, 169px\" \/><\/a>\n\t\t\t<\/dt><\/dl><br style=\"clear: both\" \/><dl class='gallery-item'>\n\t\t\t<dt class='gallery-icon portrait'>\n\t\t\t\t<a href='http:\/\/www.laprovidenciarecoleta.cl\/inicio\/wp-content\/uploads\/2020\/09\/2.jpeg'><img loading=\"lazy\" decoding=\"async\" width=\"225\" height=\"300\" src=\"http:\/\/www.laprovidenciarecoleta.cl\/inicio\/wp-content\/uploads\/2020\/09\/2-225x300.jpeg\" class=\"attachment-medium size-medium\" alt=\"\" srcset=\"http:\/\/www.laprovidenciarecoleta.cl\/inicio\/wp-content\/uploads\/2020\/09\/2-225x300.jpeg 225w, http:\/\/www.laprovidenciarecoleta.cl\/inicio\/wp-content\/uploads\/2020\/09\/2-768x1024.jpeg 768w, http:\/\/www.laprovidenciarecoleta.cl\/inicio\/wp-content\/uploads\/2020\/09\/2.jpeg 774w\" sizes=\"(max-width: 225px) 100vw, 225px\" \/><\/a>\n\t\t\t<\/dt><\/dl><br style=\"clear: both\" \/><dl class='gallery-item'>\n\t\t\t<dt class='gallery-icon portrait'>\n\t\t\t\t<a href='http:\/\/www.laprovidenciarecoleta.cl\/inicio\/wp-content\/uploads\/2020\/09\/3.jpeg'><img loading=\"lazy\" decoding=\"async\" width=\"225\" height=\"300\" src=\"http:\/\/www.laprovidenciarecoleta.cl\/inicio\/wp-content\/uploads\/2020\/09\/3-225x300.jpeg\" class=\"attachment-medium size-medium\" alt=\"\" srcset=\"http:\/\/www.laprovidenciarecoleta.cl\/inicio\/wp-content\/uploads\/2020\/09\/3-225x300.jpeg 225w, http:\/\/www.laprovidenciarecoleta.cl\/inicio\/wp-content\/uploads\/2020\/09\/3-768x1024.jpeg 768w, http:\/\/www.laprovidenciarecoleta.cl\/inicio\/wp-content\/uploads\/2020\/09\/3.jpeg 774w\" sizes=\"(max-width: 225px) 100vw, 225px\" \/><\/a>\n\t\t\t<\/dt><\/dl><br style=\"clear: both\" \/><dl class='gallery-item'>\n\t\t\t<dt class='gallery-icon portrait'>\n\t\t\t\t<a href='http:\/\/www.laprovidenciarecoleta.cl\/inicio\/wp-content\/uploads\/2020\/09\/4.jpeg'><img loading=\"lazy\" decoding=\"async\" width=\"169\" height=\"300\" src=\"http:\/\/www.laprovidenciarecoleta.cl\/inicio\/wp-content\/uploads\/2020\/09\/4-169x300.jpeg\" class=\"attachment-medium size-medium\" alt=\"\" srcset=\"http:\/\/www.laprovidenciarecoleta.cl\/inicio\/wp-content\/uploads\/2020\/09\/4-169x300.jpeg 169w, http:\/\/www.laprovidenciarecoleta.cl\/inicio\/wp-content\/uploads\/2020\/09\/4.jpeg 576w\" sizes=\"(max-width: 169px) 100vw, 169px\" \/><\/a>\n\t\t\t<\/dt><\/dl><br style=\"clear: both\" \/>\n\t\t<\/div>\n\n<p>&nbsp;<\/p>\n<p>&nbsp;<\/p>\n<p>&nbsp;<\/p>\n","protected":false},"excerpt":{"rendered":"Estos d\u00edas vividos, durante el mes de la Providencia, fueron una gran oportunidad para profundizar en nuestra espiritualidad providente y practicar el amor fraterno con aquellas personas, hermanos nuestros, que sufren, son postergados o experimentan la soledad, especialmente en este tiempo de pandemia. En este contexto, el Equipo de Pastoral planific\u00f3 diversas actividades; en esta nota, \u00a0queremos compartir con m\u00e1s&nbsp;<a href=\"http:\/\/www.laprovidenciarecoleta.cl\/inicio\/con-fe-y-esperanza-vivimos-el-mes-de-la-providencia-y-la-solidaridad\/\">&hellip;<\/a>","protected":false},"author":6,"featured_media":0,"comment_status":"open","ping_status":"open","sticky":false,"template":"","format":"standard","meta":{"footnotes":""},"categories":[16],"tags":[],"_links":{"self":[{"href":"http:\/\/www.laprovidenciarecoleta.cl\/inicio\/wp-json\/wp\/v2\/posts\/9495"}],"collection":[{"href":"http:\/\/www.laprovidenciarecoleta.cl\/inicio\/wp-json\/wp\/v2\/posts"}],"about":[{"href":"http:\/\/www.laprovidenciarecoleta.cl\/inicio\/wp-json\/wp\/v2\/types\/post"}],"author":[{"embeddable":true,"href":"http:\/\/www.laprovidenciarecoleta.cl\/inicio\/wp-json\/wp\/v2\/users\/6"}],"replies":[{"embeddable":true,"href":"http:\/\/www.laprovidenciarecoleta.cl\/inicio\/wp-json\/wp\/v2\/comments?post=9495"}],"version-history":[{"count":0,"href":"http:\/\/www.laprovidenciarecoleta.cl\/inicio\/wp-json\/wp\/v2\/posts\/9495\/revisions"}],"wp:attachment":[{"href":"http:\/\/www.laprovidenciarecoleta.cl\/inicio\/wp-json\/wp\/v2\/media?parent=9495"}],"wp:term":[{"taxonomy":"category","embeddable":true,"href":"http:\/\/www.laprovidenciarecoleta.cl\/inicio\/wp-json\/wp\/v2\/categories?post=9495"},{"taxonomy":"post_tag","embeddable":true,"href":"http:\/\/www.laprovidenciarecoleta.cl\/inicio\/wp-json\/wp\/v2\/tags?post=9495"}],"curies":[{"name":"wp","href":"https:\/\/api.w.org\/{rel}","templated":true}]}}