{"id":9258,"date":"2020-09-09T17:17:03","date_gmt":"2020-09-09T21:17:03","guid":{"rendered":"http:\/\/www.laprovidenciarecoleta.cl\/escuela\/?p=9258"},"modified":"2020-09-09T17:17:03","modified_gmt":"2020-09-09T21:17:03","slug":"informe-de-desempeno-individual-conozca-el-desempeno-de-su-hijo-a-durante-el-primer-semestre","status":"publish","type":"post","link":"http:\/\/www.laprovidenciarecoleta.cl\/inicio\/informe-de-desempeno-individual-conozca-el-desempeno-de-su-hijo-a-durante-el-primer-semestre\/","title":{"rendered":"Informe de desempe\u00f1o individual,  Conozca el desempe\u00f1o de su hijo\/a  durante el Primer semestre."},"content":{"rendered":"<p><img loading=\"lazy\" decoding=\"async\" class=\"alignnone wp-image-9259 size-full\" src=\"http:\/\/www.laprovidenciarecoleta.cl\/inicio\/wp-content\/uploads\/2020\/09\/infor.png\" alt=\"\" width=\"1280\" height=\"720\" srcset=\"http:\/\/www.laprovidenciarecoleta.cl\/inicio\/wp-content\/uploads\/2020\/09\/infor.png 1280w, http:\/\/www.laprovidenciarecoleta.cl\/inicio\/wp-content\/uploads\/2020\/09\/infor-300x169.png 300w, http:\/\/www.laprovidenciarecoleta.cl\/inicio\/wp-content\/uploads\/2020\/09\/infor-1024x576.png 1024w\" sizes=\"(max-width: 1280px) 100vw, 1280px\" \/><\/p>\n<p><!--more--><\/p>\n<p>Durante el Primer semestre; nuestros docentes realizaron evaluaciones formativas, priorizando los objetivos del curr\u00edculum, evaluando al 92% del total de estudiantes de nuestra escuela.<\/p>\n<p>En nuestra misi\u00f3n de mantenerle informado del desempe\u00f1o de su curso y en particular de su pupilo, hemos generado un informe de desempe\u00f1o para cada estudiante, el que ser\u00e1 enviado por correo trav\u00e9s de su profesor (a) jefe.<\/p>\n<p>Nuestra Escuela en su constante esfuerzo de atender a nuestros y nuestras estudiantes en una modalidad remota, les anima a continuar este nuevo semestre,\u00a0 fortaleciendo\u00a0 la alianza Escuela \u2013 Familia y potenciando las capacidades de aprendizaje de cada uno de nuestros ni\u00f1os y j\u00f3venes.<\/p>\n<p>Les saluda,<\/p>\n<p style=\"text-align: center;\">Equipo de Gesti\u00f3n<\/p>\n<p style=\"text-align: center;\">Escuela San Jos\u00e9<\/p>\n","protected":false},"excerpt":{"rendered":"Durante el Primer semestre; nuestros docentes realizaron evaluaciones formativas, priorizando los objetivos del curr\u00edculum, evaluando al 92% del total de estudiantes de nuestra escuela. En nuestra misi\u00f3n de mantenerle informado del desempe\u00f1o de su curso y en particular de su pupilo, hemos generado un informe de desempe\u00f1o para cada estudiante, el que ser\u00e1 enviado por correo trav\u00e9s de su profesor&nbsp;<a href=\"http:\/\/www.laprovidenciarecoleta.cl\/inicio\/informe-de-desempeno-individual-conozca-el-desempeno-de-su-hijo-a-durante-el-primer-semestre\/\">&hellip;<\/a>","protected":false},"author":6,"featured_media":0,"comment_status":"open","ping_status":"open","sticky":false,"template":"","format":"standard","meta":{"footnotes":""},"categories":[16],"tags":[],"_links":{"self":[{"href":"http:\/\/www.laprovidenciarecoleta.cl\/inicio\/wp-json\/wp\/v2\/posts\/9258"}],"collection":[{"href":"http:\/\/www.laprovidenciarecoleta.cl\/inicio\/wp-json\/wp\/v2\/posts"}],"about":[{"href":"http:\/\/www.laprovidenciarecoleta.cl\/inicio\/wp-json\/wp\/v2\/types\/post"}],"author":[{"embeddable":true,"href":"http:\/\/www.laprovidenciarecoleta.cl\/inicio\/wp-json\/wp\/v2\/users\/6"}],"replies":[{"embeddable":true,"href":"http:\/\/www.laprovidenciarecoleta.cl\/inicio\/wp-json\/wp\/v2\/comments?post=9258"}],"version-history":[{"count":0,"href":"http:\/\/www.laprovidenciarecoleta.cl\/inicio\/wp-json\/wp\/v2\/posts\/9258\/revisions"}],"wp:attachment":[{"href":"http:\/\/www.laprovidenciarecoleta.cl\/inicio\/wp-json\/wp\/v2\/media?parent=9258"}],"wp:term":[{"taxonomy":"category","embeddable":true,"href":"http:\/\/www.laprovidenciarecoleta.cl\/inicio\/wp-json\/wp\/v2\/categories?post=9258"},{"taxonomy":"post_tag","embeddable":true,"href":"http:\/\/www.laprovidenciarecoleta.cl\/inicio\/wp-json\/wp\/v2\/tags?post=9258"}],"curies":[{"name":"wp","href":"https:\/\/api.w.org\/{rel}","templated":true}]}}