{"id":9231,"date":"2020-09-08T11:06:17","date_gmt":"2020-09-08T15:06:17","guid":{"rendered":"http:\/\/www.laprovidenciarecoleta.cl\/escuela\/?p=9231"},"modified":"2020-09-08T11:06:17","modified_gmt":"2020-09-08T15:06:17","slug":"realizaremos-premiacion-de-la-campana-yo-me-pongo-al-dia","status":"publish","type":"post","link":"http:\/\/www.laprovidenciarecoleta.cl\/inicio\/realizaremos-premiacion-de-la-campana-yo-me-pongo-al-dia\/","title":{"rendered":"Realizaremos premiaci\u00f3n de la campa\u00f1a &#8220;Yo me pongo al d\u00eda&#8221;"},"content":{"rendered":"<p><img loading=\"lazy\" decoding=\"async\" class=\"alignnone wp-image-9232 size-full\" src=\"http:\/\/www.laprovidenciarecoleta.cl\/inicio\/wp-content\/uploads\/2020\/09\/Premiacion.png\" alt=\"\" width=\"1280\" height=\"720\" srcset=\"http:\/\/www.laprovidenciarecoleta.cl\/inicio\/wp-content\/uploads\/2020\/09\/Premiacion.png 1280w, http:\/\/www.laprovidenciarecoleta.cl\/inicio\/wp-content\/uploads\/2020\/09\/Premiacion-300x169.png 300w, http:\/\/www.laprovidenciarecoleta.cl\/inicio\/wp-content\/uploads\/2020\/09\/Premiacion-1024x576.png 1024w\" sizes=\"(max-width: 1280px) 100vw, 1280px\" \/><\/p>\n<p><!--more--><\/p>\n<p style=\"text-align: center;\"><strong>PREMIACIONES<\/strong><\/p>\n<p>A todos y todas nuestras estudiantes que fueron premiados\u00a0 en los concursos realizados durante la campa\u00f1a \u201cYo me pongo al d\u00eda\u201d, se les invita a recibir un reconocimiento el\u00a0 jueves 10 de Septiembre a las 11:30 hrs.<\/p>\n<p><strong>MEDIDAS DE SEGURIDAD PARA INGRESAR A LA ESCUELA:<\/strong><\/p>\n<ul>\n<li>Uso obligatorio de mascarilla y guantes.<\/li>\n<li>Mantener distancia social.<\/li>\n<li>Aplicar alcohol gel a la entrada.<\/li>\n<li>Control de temperatura, no pudiendo ingresar quienes tengan sobre 37,8\u00b0.<\/li>\n<li>Se ha habilitado una sala, previamente aseadas y sanitizadas para realizar la entrega del reconocimiento.<\/li>\n<li>La entrada general ser\u00e1 por calle El Roble y la salida por otra v\u00eda a confirmar.<\/li>\n<li>El estudiante debe asistir acompa\u00f1ado por un adulto, quienes actuar\u00e1n de acuerdo a las indicaciones del personal de la escuela y profesor encargado.<\/li>\n<li>Al terminar la premiaci\u00f3n, el estudiante y apoderado se retirar\u00e1n por el acceso de salida indicado por la escuela.<\/li>\n<\/ul>\n<p><em>Sean todos y todas invitados\u00a0 a recibir su premio de manera r\u00e1pida, ordenada \u00a0y segura.<\/em><\/p>\n<p>Rogamos a Dios Providencia para que cuide de todos. Se despide atte.<\/p>\n<p style=\"text-align: center;\">Equipo de Gesti\u00f3n<\/p>\n<h4><a href=\"http:\/\/www.laprovidenciarecoleta.cl\/escuela\/finalizamos-el-1semestre-destacando-a-estudiantes-que-participaron-en-concursos-y-desafios\/\" target=\"_blank\" rel=\"noopener noreferrer\">?N\u00f3mina de estudiantes premiados?<\/a><\/h4>\n","protected":false},"excerpt":{"rendered":"PREMIACIONES A todos y todas nuestras estudiantes que fueron premiados\u00a0 en los concursos realizados durante la campa\u00f1a \u201cYo me pongo al d\u00eda\u201d, se les invita a recibir un reconocimiento el\u00a0 jueves 10 de Septiembre a las 11:30 hrs. MEDIDAS DE SEGURIDAD PARA INGRESAR A LA ESCUELA: Uso obligatorio de mascarilla y guantes. Mantener distancia social. Aplicar alcohol gel a la&nbsp;<a href=\"http:\/\/www.laprovidenciarecoleta.cl\/inicio\/realizaremos-premiacion-de-la-campana-yo-me-pongo-al-dia\/\">&hellip;<\/a>","protected":false},"author":6,"featured_media":0,"comment_status":"open","ping_status":"open","sticky":false,"template":"","format":"standard","meta":{"footnotes":""},"categories":[16],"tags":[],"_links":{"self":[{"href":"http:\/\/www.laprovidenciarecoleta.cl\/inicio\/wp-json\/wp\/v2\/posts\/9231"}],"collection":[{"href":"http:\/\/www.laprovidenciarecoleta.cl\/inicio\/wp-json\/wp\/v2\/posts"}],"about":[{"href":"http:\/\/www.laprovidenciarecoleta.cl\/inicio\/wp-json\/wp\/v2\/types\/post"}],"author":[{"embeddable":true,"href":"http:\/\/www.laprovidenciarecoleta.cl\/inicio\/wp-json\/wp\/v2\/users\/6"}],"replies":[{"embeddable":true,"href":"http:\/\/www.laprovidenciarecoleta.cl\/inicio\/wp-json\/wp\/v2\/comments?post=9231"}],"version-history":[{"count":0,"href":"http:\/\/www.laprovidenciarecoleta.cl\/inicio\/wp-json\/wp\/v2\/posts\/9231\/revisions"}],"wp:attachment":[{"href":"http:\/\/www.laprovidenciarecoleta.cl\/inicio\/wp-json\/wp\/v2\/media?parent=9231"}],"wp:term":[{"taxonomy":"category","embeddable":true,"href":"http:\/\/www.laprovidenciarecoleta.cl\/inicio\/wp-json\/wp\/v2\/categories?post=9231"},{"taxonomy":"post_tag","embeddable":true,"href":"http:\/\/www.laprovidenciarecoleta.cl\/inicio\/wp-json\/wp\/v2\/tags?post=9231"}],"curies":[{"name":"wp","href":"https:\/\/api.w.org\/{rel}","templated":true}]}}