{"id":6475,"date":"2020-06-22T23:08:57","date_gmt":"2020-06-23T03:08:57","guid":{"rendered":"http:\/\/www.laprovidenciarecoleta.cl\/escuela\/?p=6475"},"modified":"2020-06-22T23:08:57","modified_gmt":"2020-06-23T03:08:57","slug":"los-ninos-as-y-el-uso-seguro-de-la-tecnologia-en-tiempos-de-pandemia","status":"publish","type":"post","link":"http:\/\/www.laprovidenciarecoleta.cl\/inicio\/los-ninos-as-y-el-uso-seguro-de-la-tecnologia-en-tiempos-de-pandemia\/","title":{"rendered":"\u201cLos ni\u00f1os\/as y el uso seguro de la tecnolog\u00eda en tiempos de pandemia\u201d"},"content":{"rendered":"<p><img loading=\"lazy\" decoding=\"async\" class=\"aligncenter size-full wp-image-6476\" src=\"http:\/\/www.laprovidenciarecoleta.cl\/inicio\/wp-content\/uploads\/2020\/06\/ninos-y-tecnologia-en-tiempos-de-pandemia.jpg\" alt=\"\" width=\"1280\" height=\"720\" srcset=\"http:\/\/www.laprovidenciarecoleta.cl\/inicio\/wp-content\/uploads\/2020\/06\/ninos-y-tecnologia-en-tiempos-de-pandemia.jpg 1280w, http:\/\/www.laprovidenciarecoleta.cl\/inicio\/wp-content\/uploads\/2020\/06\/ninos-y-tecnologia-en-tiempos-de-pandemia-300x169.jpg 300w, http:\/\/www.laprovidenciarecoleta.cl\/inicio\/wp-content\/uploads\/2020\/06\/ninos-y-tecnologia-en-tiempos-de-pandemia-1024x576.jpg 1024w\" sizes=\"(max-width: 1280px) 100vw, 1280px\" \/><\/p>\n<p><!--more--><\/p>\n<p><strong><em>\u00bfLa tecnolog\u00eda, un aliado o un enemigo en tiempos de pandemia?<\/em><\/strong><\/p>\n<p>Como todas las cosas en la vida, la tecnolog\u00eda, nos presenta pro y contras. Hoy en d\u00eda, donde casi todo se hace de forma \u201con line\u201d, la tecnolog\u00eda y los objetos tecnol\u00f3gicos nos han venido a ayudar a solucionar muchos asuntos; podemos trabajar, estudiar de manera especial durante estos meses, comprar, reunirnos con la familia, entretenernos, etc., haciendo uso de esta tecnolog\u00eda. Sin embargo, en el caso de los ni\u00f1os, ni\u00f1as y adolescentes, los padres deben estar muy atentos, al uso que se le est\u00e1 dando, por ejemplo, a las redes sociales, fundamentalmente.<\/p>\n<p>Es innegable que cada d\u00eda m\u00e1s, los ni\u00f1os y ni\u00f1as se est\u00e1n sumando al uso de ellas, ya que es una de las maneras que tienen de comunicarse con sus amigos, es la forma de socializaci\u00f3n que hoy en d\u00eda tienen, al no poder estar f\u00edsicamente con sus pares. Y es aqu\u00ed donde deben estar alertas, ya que el uso que se le da, no siempre podr\u00eda ser adecuado, o m\u00e1s bien, podr\u00edan ser v\u00edctimas de este mal uso; recordemos algunos conceptos, como por ejemplo el <strong>grooming<\/strong>, la cual es una pr\u00e1ctica de acoso y abuso sexual en contra de ni\u00f1os y j\u00f3venes, que sucede a trav\u00e9s de las redes sociales; tambi\u00e9n encontramos el <strong>ciberbullying<\/strong> o <strong>ciberacoso<\/strong> el cual es cuando hay una intenci\u00f3n de acosar psicol\u00f3gicamente (chantajes, insultos, etc) a un tercero, generalmente de una misma edad, donde comparten un contexto social y esto es llevado a cabo a trav\u00e9s de medios digitales; adem\u00e1s existe el <strong>sexting<\/strong> que consiste en el env\u00edo de contenidos de tipo sexual en im\u00e1genes o videos producidos por la propia persona para enviar a otra, a trav\u00e9s de dispositivos m\u00f3viles, chat o correo. Por otro lado, tambi\u00e9n, es importante saber, que el exceso de uso de tecnolog\u00eda puede traer problemas de <strong>dependencia<\/strong> en el ni\u00f1o\/a o adolescente, donde pueden llegar a obsesionarse con el uso de los dispositivos.<\/p>\n<p><img loading=\"lazy\" decoding=\"async\" class=\"aligncenter wp-image-6477 size-thumbnail\" src=\"http:\/\/www.laprovidenciarecoleta.cl\/inicio\/wp-content\/uploads\/2020\/06\/nino-y-tec.-pandemia-150x150.jpg\" alt=\"\" width=\"150\" height=\"150\" \/><\/p>\n<p>Es por todo esto, que los adultos responsables de los ni\u00f1os, ni\u00f1as y adolescentes, hoy en d\u00eda es donde m\u00e1s deben estar pendientes del uso que se le est\u00e1 dando a la tecnolog\u00eda y esto se hace, por ejemplo;<\/p>\n<p>-Monitoreando los contenidos que ven; las plataformas, videojuegos y p\u00e1ginas \u00a0que visitan, observando con qui\u00e9nes interact\u00faan virtualmente y cu\u00e1les son sus comportamientos en la red; procure que el objeto tecnol\u00f3gico est\u00e9 ubicado en una zona abierta donde el adulto responsable pueda ir monitoreando lo que el ni\u00f1o\/a est\u00e1 haciendo; establezca l\u00edmites, fijando horarios y tiempos definidos en la semana para su uso y lo m\u00e1s importante converse a diario con el ni\u00f1o\/a, adecuando el lenguaje, dependiendo de la edad, sobre los peligros de las redes sociales, de las reglas b\u00e1sicas de privacidad virtual y de las personas malintencionadas que rondan por internet.<\/p>\n<p>Finalmente, adem\u00e1s de todo lo mencionado anteriormente, debemos tener presente que tambi\u00e9n el excesivo uso de la tecnolog\u00eda nos quita la posibilidad del tiempo y espacio en familia, de mirarnos a los ojos, de conversar y compartir. Sabemos que, durante este per\u00edodo, ha sido imprescindible su uso, pero no debe ser m\u00e1s importante que el tiempo en familia.<\/p>\n<p><strong><em>\u2026Ustedes como familia, \u00bfc\u00f3mo est\u00e1n ayudando a sus hijos a hacer un buen uso de la tecnolog\u00eda?<\/em><\/strong><\/p>\n<p style=\"text-align: center;\">\n<p style=\"text-align: center;\">Isabel Hadad R.<\/p>\n<p style=\"text-align: center;\">Psic\u00f3loga<\/p>\n<p style=\"text-align: center;\">Escuela San Jos\u00e9<\/p>\n<p style=\"text-align: center;\">psicologia@laprovidenciarecoleta.cl<\/p>\n","protected":false},"excerpt":{"rendered":"\u00bfLa tecnolog\u00eda, un aliado o un enemigo en tiempos de pandemia? Como todas las cosas en la vida, la tecnolog\u00eda, nos presenta pro y contras. Hoy en d\u00eda, donde casi todo se hace de forma \u201con line\u201d, la tecnolog\u00eda y los objetos tecnol\u00f3gicos nos han venido a ayudar a solucionar muchos asuntos; podemos trabajar, estudiar de manera especial durante estos&nbsp;<a href=\"http:\/\/www.laprovidenciarecoleta.cl\/inicio\/los-ninos-as-y-el-uso-seguro-de-la-tecnologia-en-tiempos-de-pandemia\/\">&hellip;<\/a>","protected":false},"author":6,"featured_media":0,"comment_status":"open","ping_status":"open","sticky":false,"template":"","format":"standard","meta":{"footnotes":""},"categories":[16],"tags":[],"_links":{"self":[{"href":"http:\/\/www.laprovidenciarecoleta.cl\/inicio\/wp-json\/wp\/v2\/posts\/6475"}],"collection":[{"href":"http:\/\/www.laprovidenciarecoleta.cl\/inicio\/wp-json\/wp\/v2\/posts"}],"about":[{"href":"http:\/\/www.laprovidenciarecoleta.cl\/inicio\/wp-json\/wp\/v2\/types\/post"}],"author":[{"embeddable":true,"href":"http:\/\/www.laprovidenciarecoleta.cl\/inicio\/wp-json\/wp\/v2\/users\/6"}],"replies":[{"embeddable":true,"href":"http:\/\/www.laprovidenciarecoleta.cl\/inicio\/wp-json\/wp\/v2\/comments?post=6475"}],"version-history":[{"count":0,"href":"http:\/\/www.laprovidenciarecoleta.cl\/inicio\/wp-json\/wp\/v2\/posts\/6475\/revisions"}],"wp:attachment":[{"href":"http:\/\/www.laprovidenciarecoleta.cl\/inicio\/wp-json\/wp\/v2\/media?parent=6475"}],"wp:term":[{"taxonomy":"category","embeddable":true,"href":"http:\/\/www.laprovidenciarecoleta.cl\/inicio\/wp-json\/wp\/v2\/categories?post=6475"},{"taxonomy":"post_tag","embeddable":true,"href":"http:\/\/www.laprovidenciarecoleta.cl\/inicio\/wp-json\/wp\/v2\/tags?post=6475"}],"curies":[{"name":"wp","href":"https:\/\/api.w.org\/{rel}","templated":true}]}}