{"id":5936,"date":"2020-06-08T16:21:08","date_gmt":"2020-06-08T20:21:08","guid":{"rendered":"http:\/\/www.laprovidenciarecoleta.cl\/escuela\/?p=5936"},"modified":"2020-06-08T16:21:08","modified_gmt":"2020-06-08T20:21:08","slug":"5936-2","status":"publish","type":"post","link":"http:\/\/www.laprovidenciarecoleta.cl\/inicio\/5936-2\/","title":{"rendered":"El aprendizaje de habilidades socioemocionales en tiempos de pandemia"},"content":{"rendered":"<p><img loading=\"lazy\" decoding=\"async\" class=\"aligncenter size-full wp-image-5937\" src=\"http:\/\/www.laprovidenciarecoleta.cl\/inicio\/wp-content\/uploads\/2020\/06\/n\u00b011-el-ap-de-hab-socioemocionales-en-tpos-de-pandemiajpg.jpg\" alt=\"\" width=\"960\" height=\"720\" srcset=\"http:\/\/www.laprovidenciarecoleta.cl\/inicio\/wp-content\/uploads\/2020\/06\/n\u00b011-el-ap-de-hab-socioemocionales-en-tpos-de-pandemiajpg.jpg 960w, http:\/\/www.laprovidenciarecoleta.cl\/inicio\/wp-content\/uploads\/2020\/06\/n\u00b011-el-ap-de-hab-socioemocionales-en-tpos-de-pandemiajpg-300x225.jpg 300w\" sizes=\"(max-width: 960px) 100vw, 960px\" \/><\/p>\n<p><!--more--><\/p>\n<p>Hoy en d\u00eda, el concepto de habilidades socioemocionales cobra mucha relevancia, ya que al encontrarnos en un per\u00edodo de crisis, es una oportunidad de desarrollar y desplegar tales aprendizajes, que aportan al fortalecimiento de la convivencia, al actuar de un modo correcto y a relacionarse de forma adecuada en un ambiente de estr\u00e9s y de dificultades.<\/p>\n<p>A continuaci\u00f3n se expondr\u00e1n algunas habilidades socioemocionales y se ejemplificar\u00e1n formas concretas de practicarlas.<\/p>\n<h3><a href=\"https:\/\/drive.google.com\/file\/d\/1VBwB1oDE8mvIZVjmiJIDcG10FxpwshtW\/view?usp=sharing\" target=\"_blank\" rel=\"noopener noreferrer\"><span style=\"color: #0000ff;\">\u201cEl aprendizaje de habilidades socioemocionales en tiempos de pandemia\u201d<\/span> <img loading=\"lazy\" decoding=\"async\" class=\"wp-image-5939 aligncenter\" src=\"http:\/\/www.laprovidenciarecoleta.cl\/inicio\/wp-content\/uploads\/2020\/06\/click-aqui.png\" alt=\"\" width=\"26\" height=\"26\" srcset=\"http:\/\/www.laprovidenciarecoleta.cl\/inicio\/wp-content\/uploads\/2020\/06\/click-aqui.png 225w, http:\/\/www.laprovidenciarecoleta.cl\/inicio\/wp-content\/uploads\/2020\/06\/click-aqui-150x150.png 150w\" sizes=\"(max-width: 26px) 100vw, 26px\" \/><\/a><\/h3>\n<p>&nbsp;<\/p>\n<p>&nbsp;<\/p>\n<p>&nbsp;<\/p>\n","protected":false},"excerpt":{"rendered":"Hoy en d\u00eda, el concepto de habilidades socioemocionales cobra mucha relevancia, ya que al encontrarnos en un per\u00edodo de crisis, es una oportunidad de desarrollar y desplegar tales aprendizajes, que aportan al fortalecimiento de la convivencia, al actuar de un modo correcto y a relacionarse de forma adecuada en un ambiente de estr\u00e9s y de dificultades. A continuaci\u00f3n se expondr\u00e1n&nbsp;<a href=\"http:\/\/www.laprovidenciarecoleta.cl\/inicio\/5936-2\/\">&hellip;<\/a>","protected":false},"author":6,"featured_media":0,"comment_status":"open","ping_status":"open","sticky":false,"template":"","format":"standard","meta":{"footnotes":""},"categories":[16],"tags":[],"_links":{"self":[{"href":"http:\/\/www.laprovidenciarecoleta.cl\/inicio\/wp-json\/wp\/v2\/posts\/5936"}],"collection":[{"href":"http:\/\/www.laprovidenciarecoleta.cl\/inicio\/wp-json\/wp\/v2\/posts"}],"about":[{"href":"http:\/\/www.laprovidenciarecoleta.cl\/inicio\/wp-json\/wp\/v2\/types\/post"}],"author":[{"embeddable":true,"href":"http:\/\/www.laprovidenciarecoleta.cl\/inicio\/wp-json\/wp\/v2\/users\/6"}],"replies":[{"embeddable":true,"href":"http:\/\/www.laprovidenciarecoleta.cl\/inicio\/wp-json\/wp\/v2\/comments?post=5936"}],"version-history":[{"count":0,"href":"http:\/\/www.laprovidenciarecoleta.cl\/inicio\/wp-json\/wp\/v2\/posts\/5936\/revisions"}],"wp:attachment":[{"href":"http:\/\/www.laprovidenciarecoleta.cl\/inicio\/wp-json\/wp\/v2\/media?parent=5936"}],"wp:term":[{"taxonomy":"category","embeddable":true,"href":"http:\/\/www.laprovidenciarecoleta.cl\/inicio\/wp-json\/wp\/v2\/categories?post=5936"},{"taxonomy":"post_tag","embeddable":true,"href":"http:\/\/www.laprovidenciarecoleta.cl\/inicio\/wp-json\/wp\/v2\/tags?post=5936"}],"curies":[{"name":"wp","href":"https:\/\/api.w.org\/{rel}","templated":true}]}}