{"id":5668,"date":"2020-06-02T20:32:26","date_gmt":"2020-06-03T00:32:26","guid":{"rendered":"http:\/\/www.laprovidenciarecoleta.cl\/escuela\/?p=5668"},"modified":"2020-06-02T20:32:26","modified_gmt":"2020-06-03T00:32:26","slug":"la-escuela-una-nueva-forma-de-ensenanza-aprendizaje-a-raiz-de-la-pandemia","status":"publish","type":"post","link":"http:\/\/www.laprovidenciarecoleta.cl\/inicio\/la-escuela-una-nueva-forma-de-ensenanza-aprendizaje-a-raiz-de-la-pandemia\/","title":{"rendered":"\u201cLa escuela, una nueva forma de ense\u00f1anza\/ aprendizaje, a ra\u00edz de la pandemia\u201d"},"content":{"rendered":"<p><img loading=\"lazy\" decoding=\"async\" class=\"aligncenter size-full wp-image-5669\" src=\"http:\/\/www.laprovidenciarecoleta.cl\/inicio\/wp-content\/uploads\/2020\/06\/psicologia-2-junio.jpg\" alt=\"\" width=\"1280\" height=\"720\" srcset=\"http:\/\/www.laprovidenciarecoleta.cl\/inicio\/wp-content\/uploads\/2020\/06\/psicologia-2-junio.jpg 1280w, http:\/\/www.laprovidenciarecoleta.cl\/inicio\/wp-content\/uploads\/2020\/06\/psicologia-2-junio-300x169.jpg 300w, http:\/\/www.laprovidenciarecoleta.cl\/inicio\/wp-content\/uploads\/2020\/06\/psicologia-2-junio-1024x576.jpg 1024w\" sizes=\"(max-width: 1280px) 100vw, 1280px\" \/><\/p>\n<p><!--more--><\/p>\n<p>En los inicios de esta pandemia, muchas escuelas pensaron replicar el modelo educativo en los hogares de los ni\u00f1as y ni\u00f1as; pero a medida que fue pasando el tiempo, se observ\u00f3 que tal acci\u00f3n no pod\u00eda ser real, ya que las condiciones no eran propicias para hacerlo; muchos ni\u00f1os y ni\u00f1as no se encontraban en igualdad de condiciones para seguir adquiriendo aprendizajes formales en casa, de la misma manera c\u00f3mo lo hac\u00edan en la escuela, ya sea por diversos motivos y principalmente porque una pandemia, no lo permite, porque el nivel de estr\u00e9s que se genera en muchas familias, hace que las condiciones no sean favorables para replicar los aprendizajes escolares de la forma que se pretend\u00eda en un inicio. Sin embargo, las comunidades educativas siguen intentando y perseverando para llevar los conocimientos a los hogares de los ni\u00f1os y ni\u00f1as, conocimientos que son recibidos de distintas maneras, en cada caso particular. Sin embargo, el objetivo fundamental de la escuela, hoy en d\u00eda, adem\u00e1s de que los estudiantes sigan adquiriendo contenidos y aprendiendo, es la mantenci\u00f3n y el fortalecimiento del v\u00ednculo escuela-estudiante y apoderado, ya que el principal inter\u00e9s, m\u00e1s all\u00e1 que los estudiantes logren aprendizajes formales, es poder mantenerse en contacto con ellos y sus familias, conocer su situaci\u00f3n actual emocional, para buscar formas de apoyarlos y que sientan que la escuela no los ha dejado de lado, sino que todo lo contrario, que est\u00e1 presente para ayudarlos, fundamentalmente en sus necesidades actuales. Esta pandemia en muchos casos, ha sido una ocasi\u00f3n para fortalecer los v\u00ednculos de la escuela con sus estudiantes y apoderados.<\/p>\n<p>Para muchas personas, esta crisis, ha sido tambi\u00e9n, una oportunidad de resignificar (darle otro significado) su rol en la vida. La escuela ha tenido que re pensar el trabajo que realiza; los docentes, han tenido que reflexionar sobre nuevas formas de ense\u00f1ar y que el aprendizaje llegue a todos los ni\u00f1os y ni\u00f1as idealmente. \u00c9sta es una oportunidad de resignificar el sentido de la escuela como una instituci\u00f3n, que no s\u00f3lo traspasa conocimientos y aprendizajes formales, sino que tambi\u00e9n entrega apoyos emocionales y contenci\u00f3n a quienes lo necesiten, teniendo presente que primero ponemos a la persona y despu\u00e9s al rol.<\/p>\n<p>La invitaci\u00f3n es, a que como padres y apoderados, podamos promover esta nueva visi\u00f3n de escuela, haciendo lo posible por integrar no s\u00f3lo aprendizajes formales, sino que tambi\u00e9n permitiendo que se fomenten aprendizajes socioemocionales en los estudiantes, que son fundamentalmente los aprendizajes para la vida; por ejemplo, el manejo de las emociones, sentir y mostrar empat\u00eda por los dem\u00e1s, el trabajo en equipo, la resoluci\u00f3n de conflictos, entre otros.<\/p>\n<p><strong>\u00a0 Por \u00faltimo, decir, que esta pandemia, para todos; ni\u00f1os y adultos, es y ser\u00e1 una gran experiencia de vida, que sin duda, marcar\u00e1 nuestra historia y donde experimentaremos un tremendo aprendizaje, en el cual la escuela no ha quedado ajena, ya que siempre pretende estar presente, apoyando en los requerimientos de sus estudiantes y apoderados y desde ahora en adelante, haci\u00e9ndolo de una nueva forma.<\/strong><\/p>\n<p style=\"text-align: center;\">Isabel Hadad R.<\/p>\n<p style=\"text-align: center;\">Psic\u00f3loga<\/p>\n<p style=\"text-align: center;\">Escuela San Jos\u00e9<\/p>\n<p style=\"text-align: center;\">psicologia@laprovidenciarecoleta.cl<\/p>\n","protected":false},"excerpt":{"rendered":"En los inicios de esta pandemia, muchas escuelas pensaron replicar el modelo educativo en los hogares de los ni\u00f1as y ni\u00f1as; pero a medida que fue pasando el tiempo, se observ\u00f3 que tal acci\u00f3n no pod\u00eda ser real, ya que las condiciones no eran propicias para hacerlo; muchos ni\u00f1os y ni\u00f1as no se encontraban en igualdad de condiciones para seguir&nbsp;<a href=\"http:\/\/www.laprovidenciarecoleta.cl\/inicio\/la-escuela-una-nueva-forma-de-ensenanza-aprendizaje-a-raiz-de-la-pandemia\/\">&hellip;<\/a>","protected":false},"author":6,"featured_media":0,"comment_status":"open","ping_status":"open","sticky":false,"template":"","format":"standard","meta":{"footnotes":""},"categories":[16],"tags":[],"_links":{"self":[{"href":"http:\/\/www.laprovidenciarecoleta.cl\/inicio\/wp-json\/wp\/v2\/posts\/5668"}],"collection":[{"href":"http:\/\/www.laprovidenciarecoleta.cl\/inicio\/wp-json\/wp\/v2\/posts"}],"about":[{"href":"http:\/\/www.laprovidenciarecoleta.cl\/inicio\/wp-json\/wp\/v2\/types\/post"}],"author":[{"embeddable":true,"href":"http:\/\/www.laprovidenciarecoleta.cl\/inicio\/wp-json\/wp\/v2\/users\/6"}],"replies":[{"embeddable":true,"href":"http:\/\/www.laprovidenciarecoleta.cl\/inicio\/wp-json\/wp\/v2\/comments?post=5668"}],"version-history":[{"count":0,"href":"http:\/\/www.laprovidenciarecoleta.cl\/inicio\/wp-json\/wp\/v2\/posts\/5668\/revisions"}],"wp:attachment":[{"href":"http:\/\/www.laprovidenciarecoleta.cl\/inicio\/wp-json\/wp\/v2\/media?parent=5668"}],"wp:term":[{"taxonomy":"category","embeddable":true,"href":"http:\/\/www.laprovidenciarecoleta.cl\/inicio\/wp-json\/wp\/v2\/categories?post=5668"},{"taxonomy":"post_tag","embeddable":true,"href":"http:\/\/www.laprovidenciarecoleta.cl\/inicio\/wp-json\/wp\/v2\/tags?post=5668"}],"curies":[{"name":"wp","href":"https:\/\/api.w.org\/{rel}","templated":true}]}}