{"id":3204,"date":"2018-12-19T20:41:30","date_gmt":"2018-12-19T20:41:30","guid":{"rendered":"http:\/\/www.laprovidenciarecoleta.cl\/escuela\/?p=1983"},"modified":"2021-09-28T11:41:38","modified_gmt":"2021-09-28T14:41:38","slug":"licenciatura-de-octavos-anos-con-emocion-despedimos-a-la-generacion-2018","status":"publish","type":"post","link":"http:\/\/www.laprovidenciarecoleta.cl\/inicio\/licenciatura-de-octavos-anos-con-emocion-despedimos-a-la-generacion-2018\/","title":{"rendered":"Licenciatura de Octavos A\u00f1os: con emoci\u00f3n despedimos  la generaci\u00f3n 2018"},"content":{"rendered":"<p>&nbsp;<\/p>\n<p><a href=\"http:\/\/www.laprovidenciarecoleta.cl\/escuela\/wp-content\/uploads\/2018\/12\/Licenciatura.jpg\"><img loading=\"lazy\" decoding=\"async\" class=\"aligncenter wp-image-1981 size-large\" src=\"http:\/\/www.laprovidenciarecoleta.cl\/escuela\/wp-content\/uploads\/2018\/12\/Licenciatura-1024x536.jpg\" alt=\"\" width=\"1024\" height=\"536\" \/><\/a><\/p>\n<p><!--more--><\/p>\n<p>El lunes 10 de diciembre, en una solemne ceremonia, los estudiantes de octavo a\u00f1o obtuvieron la licencia de ense\u00f1anza b\u00e1sica.<\/p>\n<p>La licenciatura de 22 estudiantes de octavo A y 28 estudiantes de octavo B se realiz\u00f3 en el patio central de la escuela, especialmente ambientado para la ocasi\u00f3n.\u00a0 Al evento asistieron las hermanas del Consejo Provincial de la congregaci\u00f3n hna. Jaquelina Ju\u00e1rez y hna. Gloria Garc\u00eda, directivos, profesores, asistentes, representantes del centro de padres, asociadas Providencia, padres y apoderados.<\/p>\n<p>Durante la ceremonia fueron premiados los estudiantes que se destacaron por su rendimiento acad\u00e9mico, asistencia, esfuerzo y superaci\u00f3n, Esp\u00edritu Providente y permanencia en la escuela.<\/p>\n<p>Los estudiantes del taller de guitarra avanzada, a cargo del profesor Francisco Garrido, amenizaron el momento con una impecable presentaci\u00f3n.<\/p>\n<p>Los estudiantes de octavo se despidieron con un emotivo discurso, en donde recordaron su trayectoria en la escuela y los fuertes lazos que generaron entre pares. Tambi\u00e9n agradecieron a los profesores la paciencia, preocupaci\u00f3n, protecci\u00f3n y ense\u00f1anza recibida.<\/p>\n<p>El director sr. Ricardo Osorio Rojas, en su mensaje, dirigi\u00f3 unas palabras a los padres y apoderados, a los docentes y a los estudiantes que egresan.<\/p>\n<p>&nbsp;<\/p>\n<p>A continuaci\u00f3n, se adjunta el mensaje presentado por el director del establecimiento.<\/p>\n<p><span style=\"color: #000000;\"><em><a style=\"color: #000000;\" href=\"http:\/\/www.laprovidenciarecoleta.cl\/escuela\/wp-content\/uploads\/2018\/12\/Mensaje-de-Despedida-Licenciatura-2018.pdf\" target=\"_blank\" rel=\"noopener noreferrer\">Mensaje de Despedida Licenciatura 2018<\/a><\/em><\/span><\/p>\n\n\t\t<style type=\"text\/css\">\n\t\t\t#gallery-1 {\n\t\t\t\tmargin: auto;\n\t\t\t}\n\t\t\t#gallery-1 .gallery-item {\n\t\t\t\tfloat: left;\n\t\t\t\tmargin-top: 10px;\n\t\t\t\ttext-align: center;\n\t\t\t\twidth: 50%;\n\t\t\t}\n\t\t\t#gallery-1 img {\n\t\t\t\tborder: 2px solid #cfcfcf;\n\t\t\t}\n\t\t\t#gallery-1 .gallery-caption {\n\t\t\t\tmargin-left: 0;\n\t\t\t}\n\t\t\t\/* see gallery_shortcode() in wp-includes\/media.php *\/\n\t\t<\/style>\n\t\t<div id='gallery-1' class='gallery galleryid-3204 gallery-columns-2 gallery-size-medium'><dl class='gallery-item'>\n\t\t\t<dt class='gallery-icon landscape'>\n\t\t\t\t<a href='http:\/\/www.laprovidenciarecoleta.cl\/inicio\/wp-content\/uploads\/2018\/12\/Licenciatura_-scaled.jpg'><img loading=\"lazy\" decoding=\"async\" width=\"300\" height=\"199\" src=\"http:\/\/www.laprovidenciarecoleta.cl\/inicio\/wp-content\/uploads\/2018\/12\/Licenciatura_-300x199.jpg\" class=\"attachment-medium size-medium\" alt=\"\" aria-describedby=\"gallery-1-1982\" srcset=\"http:\/\/www.laprovidenciarecoleta.cl\/inicio\/wp-content\/uploads\/2018\/12\/Licenciatura_-300x199.jpg 300w, http:\/\/www.laprovidenciarecoleta.cl\/inicio\/wp-content\/uploads\/2018\/12\/Licenciatura_-1024x680.jpg 1024w, http:\/\/www.laprovidenciarecoleta.cl\/inicio\/wp-content\/uploads\/2018\/12\/Licenciatura_-768x510.jpg 768w, http:\/\/www.laprovidenciarecoleta.cl\/inicio\/wp-content\/uploads\/2018\/12\/Licenciatura_-1536x1020.jpg 1536w, http:\/\/www.laprovidenciarecoleta.cl\/inicio\/wp-content\/uploads\/2018\/12\/Licenciatura_-2048x1360.jpg 2048w, http:\/\/www.laprovidenciarecoleta.cl\/inicio\/wp-content\/uploads\/2018\/12\/Licenciatura_-150x100.jpg 150w, http:\/\/www.laprovidenciarecoleta.cl\/inicio\/wp-content\/uploads\/2018\/12\/Licenciatura_-scaled-420x279.jpg 420w\" sizes=\"(max-width: 300px) 100vw, 300px\" \/><\/a>\n\t\t\t<\/dt>\n\t\t\t\t<dd class='wp-caption-text gallery-caption' id='gallery-1-1982'>\n\t\t\t\tLicenciatura\n\t\t\t\t<\/dd><\/dl><dl class='gallery-item'>\n\t\t\t<dt class='gallery-icon landscape'>\n\t\t\t\t<a href='http:\/\/www.laprovidenciarecoleta.cl\/inicio\/wp-content\/uploads\/2018\/12\/3-2-scaled.jpg'><img loading=\"lazy\" decoding=\"async\" width=\"300\" height=\"169\" src=\"http:\/\/www.laprovidenciarecoleta.cl\/inicio\/wp-content\/uploads\/2018\/12\/3-2-300x169.jpg\" class=\"attachment-medium size-medium\" alt=\"\" srcset=\"http:\/\/www.laprovidenciarecoleta.cl\/inicio\/wp-content\/uploads\/2018\/12\/3-2-300x169.jpg 300w, http:\/\/www.laprovidenciarecoleta.cl\/inicio\/wp-content\/uploads\/2018\/12\/3-2-1024x576.jpg 1024w, http:\/\/www.laprovidenciarecoleta.cl\/inicio\/wp-content\/uploads\/2018\/12\/3-2-768x432.jpg 768w, http:\/\/www.laprovidenciarecoleta.cl\/inicio\/wp-content\/uploads\/2018\/12\/3-2-1536x864.jpg 1536w, http:\/\/www.laprovidenciarecoleta.cl\/inicio\/wp-content\/uploads\/2018\/12\/3-2-2048x1152.jpg 2048w, http:\/\/www.laprovidenciarecoleta.cl\/inicio\/wp-content\/uploads\/2018\/12\/3-2-150x84.jpg 150w\" sizes=\"(max-width: 300px) 100vw, 300px\" \/><\/a>\n\t\t\t<\/dt><\/dl><br style=\"clear: both\" \/><dl class='gallery-item'>\n\t\t\t<dt class='gallery-icon landscape'>\n\t\t\t\t<a href='http:\/\/www.laprovidenciarecoleta.cl\/inicio\/wp-content\/uploads\/2018\/12\/6-1-scaled.jpg'><img loading=\"lazy\" decoding=\"async\" width=\"300\" height=\"169\" src=\"http:\/\/www.laprovidenciarecoleta.cl\/inicio\/wp-content\/uploads\/2018\/12\/6-1-300x169.jpg\" class=\"attachment-medium size-medium\" alt=\"\" srcset=\"http:\/\/www.laprovidenciarecoleta.cl\/inicio\/wp-content\/uploads\/2018\/12\/6-1-300x169.jpg 300w, http:\/\/www.laprovidenciarecoleta.cl\/inicio\/wp-content\/uploads\/2018\/12\/6-1-1024x576.jpg 1024w, http:\/\/www.laprovidenciarecoleta.cl\/inicio\/wp-content\/uploads\/2018\/12\/6-1-768x432.jpg 768w, http:\/\/www.laprovidenciarecoleta.cl\/inicio\/wp-content\/uploads\/2018\/12\/6-1-1536x864.jpg 1536w, http:\/\/www.laprovidenciarecoleta.cl\/inicio\/wp-content\/uploads\/2018\/12\/6-1-2048x1152.jpg 2048w, http:\/\/www.laprovidenciarecoleta.cl\/inicio\/wp-content\/uploads\/2018\/12\/6-1-150x84.jpg 150w\" sizes=\"(max-width: 300px) 100vw, 300px\" \/><\/a>\n\t\t\t<\/dt><\/dl><dl class='gallery-item'>\n\t\t\t<dt class='gallery-icon landscape'>\n\t\t\t\t<a href='http:\/\/www.laprovidenciarecoleta.cl\/inicio\/wp-content\/uploads\/2018\/12\/17-1-scaled.jpg'><img loading=\"lazy\" decoding=\"async\" width=\"300\" height=\"199\" src=\"http:\/\/www.laprovidenciarecoleta.cl\/inicio\/wp-content\/uploads\/2018\/12\/17-1-300x199.jpg\" class=\"attachment-medium size-medium\" alt=\"\" srcset=\"http:\/\/www.laprovidenciarecoleta.cl\/inicio\/wp-content\/uploads\/2018\/12\/17-1-300x199.jpg 300w, http:\/\/www.laprovidenciarecoleta.cl\/inicio\/wp-content\/uploads\/2018\/12\/17-1-1024x680.jpg 1024w, http:\/\/www.laprovidenciarecoleta.cl\/inicio\/wp-content\/uploads\/2018\/12\/17-1-768x510.jpg 768w, http:\/\/www.laprovidenciarecoleta.cl\/inicio\/wp-content\/uploads\/2018\/12\/17-1-1536x1020.jpg 1536w, http:\/\/www.laprovidenciarecoleta.cl\/inicio\/wp-content\/uploads\/2018\/12\/17-1-2048x1360.jpg 2048w, http:\/\/www.laprovidenciarecoleta.cl\/inicio\/wp-content\/uploads\/2018\/12\/17-1-150x100.jpg 150w\" sizes=\"(max-width: 300px) 100vw, 300px\" \/><\/a>\n\t\t\t<\/dt><\/dl><br style=\"clear: both\" \/><dl class='gallery-item'>\n\t\t\t<dt class='gallery-icon landscape'>\n\t\t\t\t<a href='http:\/\/www.laprovidenciarecoleta.cl\/inicio\/wp-content\/uploads\/2018\/12\/15-1-scaled.jpg'><img loading=\"lazy\" decoding=\"async\" width=\"300\" height=\"169\" src=\"http:\/\/www.laprovidenciarecoleta.cl\/inicio\/wp-content\/uploads\/2018\/12\/15-1-300x169.jpg\" class=\"attachment-medium size-medium\" alt=\"\" srcset=\"http:\/\/www.laprovidenciarecoleta.cl\/inicio\/wp-content\/uploads\/2018\/12\/15-1-300x169.jpg 300w, http:\/\/www.laprovidenciarecoleta.cl\/inicio\/wp-content\/uploads\/2018\/12\/15-1-1024x576.jpg 1024w, http:\/\/www.laprovidenciarecoleta.cl\/inicio\/wp-content\/uploads\/2018\/12\/15-1-768x432.jpg 768w, http:\/\/www.laprovidenciarecoleta.cl\/inicio\/wp-content\/uploads\/2018\/12\/15-1-1536x864.jpg 1536w, http:\/\/www.laprovidenciarecoleta.cl\/inicio\/wp-content\/uploads\/2018\/12\/15-1-2048x1152.jpg 2048w, http:\/\/www.laprovidenciarecoleta.cl\/inicio\/wp-content\/uploads\/2018\/12\/15-1-150x84.jpg 150w\" sizes=\"(max-width: 300px) 100vw, 300px\" \/><\/a>\n\t\t\t<\/dt><\/dl><dl class='gallery-item'>\n\t\t\t<dt class='gallery-icon portrait'>\n\t\t\t\t<a href='http:\/\/www.laprovidenciarecoleta.cl\/inicio\/wp-content\/uploads\/2018\/12\/14-1-scaled.jpg'><img loading=\"lazy\" decoding=\"async\" width=\"199\" height=\"300\" src=\"http:\/\/www.laprovidenciarecoleta.cl\/inicio\/wp-content\/uploads\/2018\/12\/14-1-199x300.jpg\" class=\"attachment-medium size-medium\" alt=\"\" srcset=\"http:\/\/www.laprovidenciarecoleta.cl\/inicio\/wp-content\/uploads\/2018\/12\/14-1-199x300.jpg 199w, http:\/\/www.laprovidenciarecoleta.cl\/inicio\/wp-content\/uploads\/2018\/12\/14-1-680x1024.jpg 680w, http:\/\/www.laprovidenciarecoleta.cl\/inicio\/wp-content\/uploads\/2018\/12\/14-1-768x1156.jpg 768w, http:\/\/www.laprovidenciarecoleta.cl\/inicio\/wp-content\/uploads\/2018\/12\/14-1-1020x1536.jpg 1020w, http:\/\/www.laprovidenciarecoleta.cl\/inicio\/wp-content\/uploads\/2018\/12\/14-1-1360x2048.jpg 1360w, http:\/\/www.laprovidenciarecoleta.cl\/inicio\/wp-content\/uploads\/2018\/12\/14-1-100x150.jpg 100w, http:\/\/www.laprovidenciarecoleta.cl\/inicio\/wp-content\/uploads\/2018\/12\/14-1-scaled.jpg 1700w\" sizes=\"(max-width: 199px) 100vw, 199px\" \/><\/a>\n\t\t\t<\/dt><\/dl><br style=\"clear: both\" \/><dl class='gallery-item'>\n\t\t\t<dt class='gallery-icon portrait'>\n\t\t\t\t<a href='http:\/\/www.laprovidenciarecoleta.cl\/inicio\/wp-content\/uploads\/2018\/12\/9-1-scaled.jpg'><img loading=\"lazy\" decoding=\"async\" width=\"199\" height=\"300\" src=\"http:\/\/www.laprovidenciarecoleta.cl\/inicio\/wp-content\/uploads\/2018\/12\/9-1-199x300.jpg\" class=\"attachment-medium size-medium\" alt=\"\" srcset=\"http:\/\/www.laprovidenciarecoleta.cl\/inicio\/wp-content\/uploads\/2018\/12\/9-1-199x300.jpg 199w, http:\/\/www.laprovidenciarecoleta.cl\/inicio\/wp-content\/uploads\/2018\/12\/9-1-680x1024.jpg 680w, http:\/\/www.laprovidenciarecoleta.cl\/inicio\/wp-content\/uploads\/2018\/12\/9-1-768x1156.jpg 768w, http:\/\/www.laprovidenciarecoleta.cl\/inicio\/wp-content\/uploads\/2018\/12\/9-1-1020x1536.jpg 1020w, http:\/\/www.laprovidenciarecoleta.cl\/inicio\/wp-content\/uploads\/2018\/12\/9-1-1360x2048.jpg 1360w, http:\/\/www.laprovidenciarecoleta.cl\/inicio\/wp-content\/uploads\/2018\/12\/9-1-100x150.jpg 100w, http:\/\/www.laprovidenciarecoleta.cl\/inicio\/wp-content\/uploads\/2018\/12\/9-1-scaled.jpg 1700w\" sizes=\"(max-width: 199px) 100vw, 199px\" \/><\/a>\n\t\t\t<\/dt><\/dl><dl class='gallery-item'>\n\t\t\t<dt class='gallery-icon landscape'>\n\t\t\t\t<a href='http:\/\/www.laprovidenciarecoleta.cl\/inicio\/wp-content\/uploads\/2018\/12\/10-1-scaled.jpg'><img loading=\"lazy\" decoding=\"async\" width=\"300\" height=\"199\" src=\"http:\/\/www.laprovidenciarecoleta.cl\/inicio\/wp-content\/uploads\/2018\/12\/10-1-300x199.jpg\" class=\"attachment-medium size-medium\" alt=\"\" srcset=\"http:\/\/www.laprovidenciarecoleta.cl\/inicio\/wp-content\/uploads\/2018\/12\/10-1-300x199.jpg 300w, http:\/\/www.laprovidenciarecoleta.cl\/inicio\/wp-content\/uploads\/2018\/12\/10-1-1024x680.jpg 1024w, http:\/\/www.laprovidenciarecoleta.cl\/inicio\/wp-content\/uploads\/2018\/12\/10-1-768x510.jpg 768w, http:\/\/www.laprovidenciarecoleta.cl\/inicio\/wp-content\/uploads\/2018\/12\/10-1-1536x1020.jpg 1536w, http:\/\/www.laprovidenciarecoleta.cl\/inicio\/wp-content\/uploads\/2018\/12\/10-1-2048x1360.jpg 2048w, http:\/\/www.laprovidenciarecoleta.cl\/inicio\/wp-content\/uploads\/2018\/12\/10-1-150x100.jpg 150w\" sizes=\"(max-width: 300px) 100vw, 300px\" \/><\/a>\n\t\t\t<\/dt><\/dl><br style=\"clear: both\" \/><dl class='gallery-item'>\n\t\t\t<dt class='gallery-icon landscape'>\n\t\t\t\t<a href='http:\/\/www.laprovidenciarecoleta.cl\/inicio\/wp-content\/uploads\/2018\/12\/11-1-scaled.jpg'><img loading=\"lazy\" decoding=\"async\" width=\"300\" height=\"199\" src=\"http:\/\/www.laprovidenciarecoleta.cl\/inicio\/wp-content\/uploads\/2018\/12\/11-1-300x199.jpg\" class=\"attachment-medium size-medium\" alt=\"\" srcset=\"http:\/\/www.laprovidenciarecoleta.cl\/inicio\/wp-content\/uploads\/2018\/12\/11-1-300x199.jpg 300w, http:\/\/www.laprovidenciarecoleta.cl\/inicio\/wp-content\/uploads\/2018\/12\/11-1-1024x680.jpg 1024w, http:\/\/www.laprovidenciarecoleta.cl\/inicio\/wp-content\/uploads\/2018\/12\/11-1-768x510.jpg 768w, http:\/\/www.laprovidenciarecoleta.cl\/inicio\/wp-content\/uploads\/2018\/12\/11-1-1536x1020.jpg 1536w, http:\/\/www.laprovidenciarecoleta.cl\/inicio\/wp-content\/uploads\/2018\/12\/11-1-2048x1360.jpg 2048w, http:\/\/www.laprovidenciarecoleta.cl\/inicio\/wp-content\/uploads\/2018\/12\/11-1-150x100.jpg 150w\" sizes=\"(max-width: 300px) 100vw, 300px\" \/><\/a>\n\t\t\t<\/dt><\/dl><dl class='gallery-item'>\n\t\t\t<dt class='gallery-icon landscape'>\n\t\t\t\t<a href='http:\/\/www.laprovidenciarecoleta.cl\/inicio\/wp-content\/uploads\/2018\/12\/12-1-scaled.jpg'><img loading=\"lazy\" decoding=\"async\" width=\"300\" height=\"169\" src=\"http:\/\/www.laprovidenciarecoleta.cl\/inicio\/wp-content\/uploads\/2018\/12\/12-1-300x169.jpg\" class=\"attachment-medium size-medium\" alt=\"\" srcset=\"http:\/\/www.laprovidenciarecoleta.cl\/inicio\/wp-content\/uploads\/2018\/12\/12-1-300x169.jpg 300w, http:\/\/www.laprovidenciarecoleta.cl\/inicio\/wp-content\/uploads\/2018\/12\/12-1-1024x576.jpg 1024w, http:\/\/www.laprovidenciarecoleta.cl\/inicio\/wp-content\/uploads\/2018\/12\/12-1-768x432.jpg 768w, http:\/\/www.laprovidenciarecoleta.cl\/inicio\/wp-content\/uploads\/2018\/12\/12-1-1536x864.jpg 1536w, http:\/\/www.laprovidenciarecoleta.cl\/inicio\/wp-content\/uploads\/2018\/12\/12-1-2048x1152.jpg 2048w, http:\/\/www.laprovidenciarecoleta.cl\/inicio\/wp-content\/uploads\/2018\/12\/12-1-150x84.jpg 150w\" sizes=\"(max-width: 300px) 100vw, 300px\" \/><\/a>\n\t\t\t<\/dt><\/dl><br style=\"clear: both\" \/><dl class='gallery-item'>\n\t\t\t<dt class='gallery-icon landscape'>\n\t\t\t\t<a href='http:\/\/www.laprovidenciarecoleta.cl\/inicio\/wp-content\/uploads\/2018\/12\/13-1-scaled.jpg'><img loading=\"lazy\" decoding=\"async\" width=\"300\" height=\"169\" src=\"http:\/\/www.laprovidenciarecoleta.cl\/inicio\/wp-content\/uploads\/2018\/12\/13-1-300x169.jpg\" class=\"attachment-medium size-medium\" alt=\"\" srcset=\"http:\/\/www.laprovidenciarecoleta.cl\/inicio\/wp-content\/uploads\/2018\/12\/13-1-300x169.jpg 300w, http:\/\/www.laprovidenciarecoleta.cl\/inicio\/wp-content\/uploads\/2018\/12\/13-1-1024x576.jpg 1024w, http:\/\/www.laprovidenciarecoleta.cl\/inicio\/wp-content\/uploads\/2018\/12\/13-1-768x432.jpg 768w, http:\/\/www.laprovidenciarecoleta.cl\/inicio\/wp-content\/uploads\/2018\/12\/13-1-1536x864.jpg 1536w, http:\/\/www.laprovidenciarecoleta.cl\/inicio\/wp-content\/uploads\/2018\/12\/13-1-2048x1152.jpg 2048w, http:\/\/www.laprovidenciarecoleta.cl\/inicio\/wp-content\/uploads\/2018\/12\/13-1-150x84.jpg 150w\" sizes=\"(max-width: 300px) 100vw, 300px\" \/><\/a>\n\t\t\t<\/dt><\/dl><dl class='gallery-item'>\n\t\t\t<dt class='gallery-icon landscape'>\n\t\t\t\t<a href='http:\/\/www.laprovidenciarecoleta.cl\/inicio\/wp-content\/uploads\/2018\/12\/Licenciatura-scaled.jpg'><img loading=\"lazy\" decoding=\"async\" width=\"300\" height=\"157\" src=\"http:\/\/www.laprovidenciarecoleta.cl\/inicio\/wp-content\/uploads\/2018\/12\/Licenciatura-300x157.jpg\" class=\"attachment-medium size-medium\" alt=\"\" srcset=\"http:\/\/www.laprovidenciarecoleta.cl\/inicio\/wp-content\/uploads\/2018\/12\/Licenciatura-300x157.jpg 300w, http:\/\/www.laprovidenciarecoleta.cl\/inicio\/wp-content\/uploads\/2018\/12\/Licenciatura-1024x536.jpg 1024w, http:\/\/www.laprovidenciarecoleta.cl\/inicio\/wp-content\/uploads\/2018\/12\/Licenciatura-768x402.jpg 768w, http:\/\/www.laprovidenciarecoleta.cl\/inicio\/wp-content\/uploads\/2018\/12\/Licenciatura-1536x804.jpg 1536w, http:\/\/www.laprovidenciarecoleta.cl\/inicio\/wp-content\/uploads\/2018\/12\/Licenciatura-2048x1072.jpg 2048w, http:\/\/www.laprovidenciarecoleta.cl\/inicio\/wp-content\/uploads\/2018\/12\/Licenciatura-150x79.jpg 150w\" sizes=\"(max-width: 300px) 100vw, 300px\" \/><\/a>\n\t\t\t<\/dt><\/dl><br style=\"clear: both\" \/><dl class='gallery-item'>\n\t\t\t<dt class='gallery-icon landscape'>\n\t\t\t\t<a href='http:\/\/www.laprovidenciarecoleta.cl\/inicio\/wp-content\/uploads\/2018\/12\/16-1-scaled.jpg'><img loading=\"lazy\" decoding=\"async\" width=\"300\" height=\"169\" src=\"http:\/\/www.laprovidenciarecoleta.cl\/inicio\/wp-content\/uploads\/2018\/12\/16-1-300x169.jpg\" class=\"attachment-medium size-medium\" alt=\"\" srcset=\"http:\/\/www.laprovidenciarecoleta.cl\/inicio\/wp-content\/uploads\/2018\/12\/16-1-300x169.jpg 300w, http:\/\/www.laprovidenciarecoleta.cl\/inicio\/wp-content\/uploads\/2018\/12\/16-1-1024x576.jpg 1024w, http:\/\/www.laprovidenciarecoleta.cl\/inicio\/wp-content\/uploads\/2018\/12\/16-1-768x432.jpg 768w, http:\/\/www.laprovidenciarecoleta.cl\/inicio\/wp-content\/uploads\/2018\/12\/16-1-1536x864.jpg 1536w, http:\/\/www.laprovidenciarecoleta.cl\/inicio\/wp-content\/uploads\/2018\/12\/16-1-2048x1152.jpg 2048w, http:\/\/www.laprovidenciarecoleta.cl\/inicio\/wp-content\/uploads\/2018\/12\/16-1-150x84.jpg 150w\" sizes=\"(max-width: 300px) 100vw, 300px\" \/><\/a>\n\t\t\t<\/dt><\/dl><dl class='gallery-item'>\n\t\t\t<dt class='gallery-icon landscape'>\n\t\t\t\t<a href='http:\/\/www.laprovidenciarecoleta.cl\/inicio\/wp-content\/uploads\/2018\/12\/2-2-scaled.jpg'><img loading=\"lazy\" decoding=\"async\" width=\"300\" height=\"169\" src=\"http:\/\/www.laprovidenciarecoleta.cl\/inicio\/wp-content\/uploads\/2018\/12\/2-2-300x169.jpg\" class=\"attachment-medium size-medium\" alt=\"\" srcset=\"http:\/\/www.laprovidenciarecoleta.cl\/inicio\/wp-content\/uploads\/2018\/12\/2-2-300x169.jpg 300w, http:\/\/www.laprovidenciarecoleta.cl\/inicio\/wp-content\/uploads\/2018\/12\/2-2-1024x576.jpg 1024w, http:\/\/www.laprovidenciarecoleta.cl\/inicio\/wp-content\/uploads\/2018\/12\/2-2-768x432.jpg 768w, http:\/\/www.laprovidenciarecoleta.cl\/inicio\/wp-content\/uploads\/2018\/12\/2-2-1536x864.jpg 1536w, http:\/\/www.laprovidenciarecoleta.cl\/inicio\/wp-content\/uploads\/2018\/12\/2-2-2048x1152.jpg 2048w, http:\/\/www.laprovidenciarecoleta.cl\/inicio\/wp-content\/uploads\/2018\/12\/2-2-150x84.jpg 150w\" sizes=\"(max-width: 300px) 100vw, 300px\" \/><\/a>\n\t\t\t<\/dt><\/dl><br style=\"clear: both\" \/><dl class='gallery-item'>\n\t\t\t<dt class='gallery-icon landscape'>\n\t\t\t\t<a href='http:\/\/www.laprovidenciarecoleta.cl\/inicio\/wp-content\/uploads\/2018\/12\/5-1-scaled.jpg'><img loading=\"lazy\" decoding=\"async\" width=\"300\" height=\"169\" src=\"http:\/\/www.laprovidenciarecoleta.cl\/inicio\/wp-content\/uploads\/2018\/12\/5-1-300x169.jpg\" class=\"attachment-medium size-medium\" alt=\"\" srcset=\"http:\/\/www.laprovidenciarecoleta.cl\/inicio\/wp-content\/uploads\/2018\/12\/5-1-300x169.jpg 300w, http:\/\/www.laprovidenciarecoleta.cl\/inicio\/wp-content\/uploads\/2018\/12\/5-1-1024x576.jpg 1024w, http:\/\/www.laprovidenciarecoleta.cl\/inicio\/wp-content\/uploads\/2018\/12\/5-1-768x432.jpg 768w, http:\/\/www.laprovidenciarecoleta.cl\/inicio\/wp-content\/uploads\/2018\/12\/5-1-1536x864.jpg 1536w, http:\/\/www.laprovidenciarecoleta.cl\/inicio\/wp-content\/uploads\/2018\/12\/5-1-2048x1152.jpg 2048w, http:\/\/www.laprovidenciarecoleta.cl\/inicio\/wp-content\/uploads\/2018\/12\/5-1-150x84.jpg 150w\" sizes=\"(max-width: 300px) 100vw, 300px\" \/><\/a>\n\t\t\t<\/dt><\/dl><dl class='gallery-item'>\n\t\t\t<dt class='gallery-icon landscape'>\n\t\t\t\t<a href='http:\/\/www.laprovidenciarecoleta.cl\/inicio\/wp-content\/uploads\/2018\/12\/7-1-scaled.jpg'><img loading=\"lazy\" decoding=\"async\" width=\"300\" height=\"169\" src=\"http:\/\/www.laprovidenciarecoleta.cl\/inicio\/wp-content\/uploads\/2018\/12\/7-1-300x169.jpg\" class=\"attachment-medium size-medium\" alt=\"\" srcset=\"http:\/\/www.laprovidenciarecoleta.cl\/inicio\/wp-content\/uploads\/2018\/12\/7-1-300x169.jpg 300w, http:\/\/www.laprovidenciarecoleta.cl\/inicio\/wp-content\/uploads\/2018\/12\/7-1-1024x576.jpg 1024w, http:\/\/www.laprovidenciarecoleta.cl\/inicio\/wp-content\/uploads\/2018\/12\/7-1-768x432.jpg 768w, http:\/\/www.laprovidenciarecoleta.cl\/inicio\/wp-content\/uploads\/2018\/12\/7-1-1536x864.jpg 1536w, http:\/\/www.laprovidenciarecoleta.cl\/inicio\/wp-content\/uploads\/2018\/12\/7-1-2048x1152.jpg 2048w, http:\/\/www.laprovidenciarecoleta.cl\/inicio\/wp-content\/uploads\/2018\/12\/7-1-150x84.jpg 150w\" sizes=\"(max-width: 300px) 100vw, 300px\" \/><\/a>\n\t\t\t<\/dt><\/dl><br style=\"clear: both\" \/><dl class='gallery-item'>\n\t\t\t<dt class='gallery-icon landscape'>\n\t\t\t\t<a href='http:\/\/www.laprovidenciarecoleta.cl\/inicio\/wp-content\/uploads\/2018\/12\/8-1-scaled.jpg'><img loading=\"lazy\" decoding=\"async\" width=\"300\" height=\"188\" src=\"http:\/\/www.laprovidenciarecoleta.cl\/inicio\/wp-content\/uploads\/2018\/12\/8-1-300x188.jpg\" class=\"attachment-medium size-medium\" alt=\"\" srcset=\"http:\/\/www.laprovidenciarecoleta.cl\/inicio\/wp-content\/uploads\/2018\/12\/8-1-300x188.jpg 300w, http:\/\/www.laprovidenciarecoleta.cl\/inicio\/wp-content\/uploads\/2018\/12\/8-1-1024x642.jpg 1024w, http:\/\/www.laprovidenciarecoleta.cl\/inicio\/wp-content\/uploads\/2018\/12\/8-1-768x482.jpg 768w, http:\/\/www.laprovidenciarecoleta.cl\/inicio\/wp-content\/uploads\/2018\/12\/8-1-1536x964.jpg 1536w, http:\/\/www.laprovidenciarecoleta.cl\/inicio\/wp-content\/uploads\/2018\/12\/8-1-2048x1285.jpg 2048w, http:\/\/www.laprovidenciarecoleta.cl\/inicio\/wp-content\/uploads\/2018\/12\/8-1-150x94.jpg 150w\" sizes=\"(max-width: 300px) 100vw, 300px\" \/><\/a>\n\t\t\t<\/dt><\/dl><dl class='gallery-item'>\n\t\t\t<dt class='gallery-icon portrait'>\n\t\t\t\t<a href='http:\/\/www.laprovidenciarecoleta.cl\/inicio\/wp-content\/uploads\/2018\/12\/1-1-scaled.jpg'><img loading=\"lazy\" decoding=\"async\" width=\"199\" height=\"300\" src=\"http:\/\/www.laprovidenciarecoleta.cl\/inicio\/wp-content\/uploads\/2018\/12\/1-1-199x300.jpg\" class=\"attachment-medium size-medium\" alt=\"\" srcset=\"http:\/\/www.laprovidenciarecoleta.cl\/inicio\/wp-content\/uploads\/2018\/12\/1-1-199x300.jpg 199w, http:\/\/www.laprovidenciarecoleta.cl\/inicio\/wp-content\/uploads\/2018\/12\/1-1-680x1024.jpg 680w, http:\/\/www.laprovidenciarecoleta.cl\/inicio\/wp-content\/uploads\/2018\/12\/1-1-768x1156.jpg 768w, http:\/\/www.laprovidenciarecoleta.cl\/inicio\/wp-content\/uploads\/2018\/12\/1-1-1020x1536.jpg 1020w, http:\/\/www.laprovidenciarecoleta.cl\/inicio\/wp-content\/uploads\/2018\/12\/1-1-1360x2048.jpg 1360w, http:\/\/www.laprovidenciarecoleta.cl\/inicio\/wp-content\/uploads\/2018\/12\/1-1-100x150.jpg 100w, http:\/\/www.laprovidenciarecoleta.cl\/inicio\/wp-content\/uploads\/2018\/12\/1-1-scaled.jpg 1700w\" sizes=\"(max-width: 199px) 100vw, 199px\" \/><\/a>\n\t\t\t<\/dt><\/dl><br style=\"clear: both\" \/>\n\t\t<\/div>\n\n<p>&nbsp;<\/p>\n<p>&nbsp;<\/p>\n<p>&nbsp;<\/p>\n<p>&nbsp;<\/p>\n<p>&nbsp;<\/p>\n","protected":false},"excerpt":{"rendered":"<p>&nbsp;<\/p>\n","protected":false},"author":6,"featured_media":0,"comment_status":"closed","ping_status":"closed","sticky":false,"template":"","format":"standard","meta":{"footnotes":""},"categories":[16],"tags":[50,77,78,79],"_links":{"self":[{"href":"http:\/\/www.laprovidenciarecoleta.cl\/inicio\/wp-json\/wp\/v2\/posts\/3204"}],"collection":[{"href":"http:\/\/www.laprovidenciarecoleta.cl\/inicio\/wp-json\/wp\/v2\/posts"}],"about":[{"href":"http:\/\/www.laprovidenciarecoleta.cl\/inicio\/wp-json\/wp\/v2\/types\/post"}],"author":[{"embeddable":true,"href":"http:\/\/www.laprovidenciarecoleta.cl\/inicio\/wp-json\/wp\/v2\/users\/6"}],"replies":[{"embeddable":true,"href":"http:\/\/www.laprovidenciarecoleta.cl\/inicio\/wp-json\/wp\/v2\/comments?post=3204"}],"version-history":[{"count":4,"href":"http:\/\/www.laprovidenciarecoleta.cl\/inicio\/wp-json\/wp\/v2\/posts\/3204\/revisions"}],"predecessor-version":[{"id":13257,"href":"http:\/\/www.laprovidenciarecoleta.cl\/inicio\/wp-json\/wp\/v2\/posts\/3204\/revisions\/13257"}],"wp:attachment":[{"href":"http:\/\/www.laprovidenciarecoleta.cl\/inicio\/wp-json\/wp\/v2\/media?parent=3204"}],"wp:term":[{"taxonomy":"category","embeddable":true,"href":"http:\/\/www.laprovidenciarecoleta.cl\/inicio\/wp-json\/wp\/v2\/categories?post=3204"},{"taxonomy":"post_tag","embeddable":true,"href":"http:\/\/www.laprovidenciarecoleta.cl\/inicio\/wp-json\/wp\/v2\/tags?post=3204"}],"curies":[{"name":"wp","href":"https:\/\/api.w.org\/{rel}","templated":true}]}}