{"id":3200,"date":"2018-11-13T19:38:24","date_gmt":"2018-11-13T19:38:24","guid":{"rendered":"http:\/\/www.laprovidenciarecoleta.cl\/escuela\/?p=1763"},"modified":"2021-09-28T11:29:51","modified_gmt":"2021-09-28T14:29:51","slug":"realizamos-con-exito-la-ix-feria-cientifica","status":"publish","type":"post","link":"http:\/\/www.laprovidenciarecoleta.cl\/inicio\/realizamos-con-exito-la-ix-feria-cientifica\/","title":{"rendered":"Realizamos con \u00e9xito la IX Feria Cient\u00edfica"},"content":{"rendered":"<p><a href=\"http:\/\/www.laprovidenciarecoleta.cl\/escuela\/wp-content\/uploads\/2018\/11\/FeriaCient\u00edfica-1.jpg\"><img loading=\"lazy\" decoding=\"async\" class=\"aligncenter wp-image-1766 size-large\" src=\"http:\/\/www.laprovidenciarecoleta.cl\/escuela\/wp-content\/uploads\/2018\/11\/FeriaCient\u00edfica-1-1024x457.jpg\" alt=\"\" width=\"1024\" height=\"457\" \/><\/a><\/p>\n<p>Con gran \u00e9xito se llev\u00f3 a cabo, en el gimnasio de la escuela, una nueva versi\u00f3n de la \u201cFeria Cient\u00edfica\u201d.\u00a0<!--more--><\/p>\n<p>Todos los cursos respondieron a l<span class=\"text_exposed_show\">a convocatoria de presentar un experimento o proyecto cient\u00edfico. El tema esta vez fue \u201cEl a\u00f1o de los por qu\u00e9\u201d. La exposici\u00f3n se realiz\u00f3 el mi\u00e9rcoles 31 de octubre de 9:00 a 12:00 horas.<br \/>\nCon esta experiencia queremos estimular a nuestros estudiantes a indagar, investigar, crear y exponer, fomentando una cultura cient\u00edfica.<br \/>\nLos objetivos propuestos para esta muestra fueron: &#8211; Generar espacios de intercambio de conocimientos y experiencias en torno a un proyecto cient\u00edfico, as\u00ed como tambi\u00e9n, &#8211; Promover el trabajo en equipo, la responsabilidad y el compromiso.<\/span><\/p>\n<p>Agradecemos a los docentes de la asignatura de Ciencias y tambi\u00e9n a los padres y apoderados de los estudiantes expositores por el apoyo brindado a sus hijos.<\/p>\n\n\t\t<style type=\"text\/css\">\n\t\t\t#gallery-1 {\n\t\t\t\tmargin: auto;\n\t\t\t}\n\t\t\t#gallery-1 .gallery-item {\n\t\t\t\tfloat: left;\n\t\t\t\tmargin-top: 10px;\n\t\t\t\ttext-align: center;\n\t\t\t\twidth: 33%;\n\t\t\t}\n\t\t\t#gallery-1 img {\n\t\t\t\tborder: 2px solid #cfcfcf;\n\t\t\t}\n\t\t\t#gallery-1 .gallery-caption {\n\t\t\t\tmargin-left: 0;\n\t\t\t}\n\t\t\t\/* see gallery_shortcode() in wp-includes\/media.php *\/\n\t\t<\/style>\n\t\t<div id='gallery-1' class='gallery galleryid-3200 gallery-columns-3 gallery-size-medium'><dl class='gallery-item'>\n\t\t\t<dt class='gallery-icon landscape'>\n\t\t\t\t<a href='http:\/\/www.laprovidenciarecoleta.cl\/inicio\/wp-content\/uploads\/2018\/11\/FeriaCient\u00edfica-27-scaled.jpg'><img loading=\"lazy\" decoding=\"async\" width=\"300\" height=\"169\" src=\"http:\/\/www.laprovidenciarecoleta.cl\/inicio\/wp-content\/uploads\/2018\/11\/FeriaCient\u00edfica-27-300x169.jpg\" class=\"attachment-medium size-medium\" alt=\"\" srcset=\"http:\/\/www.laprovidenciarecoleta.cl\/inicio\/wp-content\/uploads\/2018\/11\/FeriaCient\u00edfica-27-300x169.jpg 300w, http:\/\/www.laprovidenciarecoleta.cl\/inicio\/wp-content\/uploads\/2018\/11\/FeriaCient\u00edfica-27-1024x576.jpg 1024w, http:\/\/www.laprovidenciarecoleta.cl\/inicio\/wp-content\/uploads\/2018\/11\/FeriaCient\u00edfica-27-768x432.jpg 768w, http:\/\/www.laprovidenciarecoleta.cl\/inicio\/wp-content\/uploads\/2018\/11\/FeriaCient\u00edfica-27-1536x864.jpg 1536w, http:\/\/www.laprovidenciarecoleta.cl\/inicio\/wp-content\/uploads\/2018\/11\/FeriaCient\u00edfica-27-2048x1152.jpg 2048w, http:\/\/www.laprovidenciarecoleta.cl\/inicio\/wp-content\/uploads\/2018\/11\/FeriaCient\u00edfica-27-150x84.jpg 150w\" sizes=\"(max-width: 300px) 100vw, 300px\" \/><\/a>\n\t\t\t<\/dt><\/dl><dl class='gallery-item'>\n\t\t\t<dt class='gallery-icon landscape'>\n\t\t\t\t<a href='http:\/\/www.laprovidenciarecoleta.cl\/inicio\/wp-content\/uploads\/2018\/11\/FeriaCient\u00edfica-45-scaled.jpg'><img loading=\"lazy\" decoding=\"async\" width=\"300\" height=\"169\" src=\"http:\/\/www.laprovidenciarecoleta.cl\/inicio\/wp-content\/uploads\/2018\/11\/FeriaCient\u00edfica-45-300x169.jpg\" class=\"attachment-medium size-medium\" alt=\"\" srcset=\"http:\/\/www.laprovidenciarecoleta.cl\/inicio\/wp-content\/uploads\/2018\/11\/FeriaCient\u00edfica-45-300x169.jpg 300w, http:\/\/www.laprovidenciarecoleta.cl\/inicio\/wp-content\/uploads\/2018\/11\/FeriaCient\u00edfica-45-1024x576.jpg 1024w, http:\/\/www.laprovidenciarecoleta.cl\/inicio\/wp-content\/uploads\/2018\/11\/FeriaCient\u00edfica-45-768x432.jpg 768w, http:\/\/www.laprovidenciarecoleta.cl\/inicio\/wp-content\/uploads\/2018\/11\/FeriaCient\u00edfica-45-1536x864.jpg 1536w, http:\/\/www.laprovidenciarecoleta.cl\/inicio\/wp-content\/uploads\/2018\/11\/FeriaCient\u00edfica-45-2048x1152.jpg 2048w, http:\/\/www.laprovidenciarecoleta.cl\/inicio\/wp-content\/uploads\/2018\/11\/FeriaCient\u00edfica-45-150x84.jpg 150w\" sizes=\"(max-width: 300px) 100vw, 300px\" \/><\/a>\n\t\t\t<\/dt><\/dl><dl class='gallery-item'>\n\t\t\t<dt class='gallery-icon landscape'>\n\t\t\t\t<a href='http:\/\/www.laprovidenciarecoleta.cl\/inicio\/wp-content\/uploads\/2018\/11\/FeriaCient\u00edfica-11-scaled.jpg'><img loading=\"lazy\" decoding=\"async\" width=\"300\" height=\"169\" src=\"http:\/\/www.laprovidenciarecoleta.cl\/inicio\/wp-content\/uploads\/2018\/11\/FeriaCient\u00edfica-11-300x169.jpg\" class=\"attachment-medium size-medium\" alt=\"\" srcset=\"http:\/\/www.laprovidenciarecoleta.cl\/inicio\/wp-content\/uploads\/2018\/11\/FeriaCient\u00edfica-11-300x169.jpg 300w, http:\/\/www.laprovidenciarecoleta.cl\/inicio\/wp-content\/uploads\/2018\/11\/FeriaCient\u00edfica-11-1024x576.jpg 1024w, http:\/\/www.laprovidenciarecoleta.cl\/inicio\/wp-content\/uploads\/2018\/11\/FeriaCient\u00edfica-11-768x432.jpg 768w, http:\/\/www.laprovidenciarecoleta.cl\/inicio\/wp-content\/uploads\/2018\/11\/FeriaCient\u00edfica-11-1536x864.jpg 1536w, http:\/\/www.laprovidenciarecoleta.cl\/inicio\/wp-content\/uploads\/2018\/11\/FeriaCient\u00edfica-11-2048x1152.jpg 2048w, http:\/\/www.laprovidenciarecoleta.cl\/inicio\/wp-content\/uploads\/2018\/11\/FeriaCient\u00edfica-11-150x84.jpg 150w\" sizes=\"(max-width: 300px) 100vw, 300px\" \/><\/a>\n\t\t\t<\/dt><\/dl><br style=\"clear: both\" \/><dl class='gallery-item'>\n\t\t\t<dt class='gallery-icon landscape'>\n\t\t\t\t<a href='http:\/\/www.laprovidenciarecoleta.cl\/inicio\/wp-content\/uploads\/2018\/11\/FeriaCient\u00edfica-12-scaled.jpg'><img loading=\"lazy\" decoding=\"async\" width=\"300\" height=\"169\" src=\"http:\/\/www.laprovidenciarecoleta.cl\/inicio\/wp-content\/uploads\/2018\/11\/FeriaCient\u00edfica-12-300x169.jpg\" class=\"attachment-medium size-medium\" alt=\"\" srcset=\"http:\/\/www.laprovidenciarecoleta.cl\/inicio\/wp-content\/uploads\/2018\/11\/FeriaCient\u00edfica-12-300x169.jpg 300w, http:\/\/www.laprovidenciarecoleta.cl\/inicio\/wp-content\/uploads\/2018\/11\/FeriaCient\u00edfica-12-1024x576.jpg 1024w, http:\/\/www.laprovidenciarecoleta.cl\/inicio\/wp-content\/uploads\/2018\/11\/FeriaCient\u00edfica-12-768x432.jpg 768w, http:\/\/www.laprovidenciarecoleta.cl\/inicio\/wp-content\/uploads\/2018\/11\/FeriaCient\u00edfica-12-1536x864.jpg 1536w, http:\/\/www.laprovidenciarecoleta.cl\/inicio\/wp-content\/uploads\/2018\/11\/FeriaCient\u00edfica-12-2048x1152.jpg 2048w, http:\/\/www.laprovidenciarecoleta.cl\/inicio\/wp-content\/uploads\/2018\/11\/FeriaCient\u00edfica-12-150x84.jpg 150w\" sizes=\"(max-width: 300px) 100vw, 300px\" \/><\/a>\n\t\t\t<\/dt><\/dl><dl class='gallery-item'>\n\t\t\t<dt class='gallery-icon landscape'>\n\t\t\t\t<a href='http:\/\/www.laprovidenciarecoleta.cl\/inicio\/wp-content\/uploads\/2018\/11\/FeriaCient\u00edfica-13-scaled.jpg'><img loading=\"lazy\" decoding=\"async\" width=\"300\" height=\"169\" src=\"http:\/\/www.laprovidenciarecoleta.cl\/inicio\/wp-content\/uploads\/2018\/11\/FeriaCient\u00edfica-13-300x169.jpg\" class=\"attachment-medium size-medium\" alt=\"\" srcset=\"http:\/\/www.laprovidenciarecoleta.cl\/inicio\/wp-content\/uploads\/2018\/11\/FeriaCient\u00edfica-13-300x169.jpg 300w, http:\/\/www.laprovidenciarecoleta.cl\/inicio\/wp-content\/uploads\/2018\/11\/FeriaCient\u00edfica-13-1024x576.jpg 1024w, http:\/\/www.laprovidenciarecoleta.cl\/inicio\/wp-content\/uploads\/2018\/11\/FeriaCient\u00edfica-13-768x432.jpg 768w, http:\/\/www.laprovidenciarecoleta.cl\/inicio\/wp-content\/uploads\/2018\/11\/FeriaCient\u00edfica-13-1536x864.jpg 1536w, http:\/\/www.laprovidenciarecoleta.cl\/inicio\/wp-content\/uploads\/2018\/11\/FeriaCient\u00edfica-13-2048x1152.jpg 2048w, http:\/\/www.laprovidenciarecoleta.cl\/inicio\/wp-content\/uploads\/2018\/11\/FeriaCient\u00edfica-13-150x84.jpg 150w\" sizes=\"(max-width: 300px) 100vw, 300px\" \/><\/a>\n\t\t\t<\/dt><\/dl><dl class='gallery-item'>\n\t\t\t<dt class='gallery-icon landscape'>\n\t\t\t\t<a href='http:\/\/www.laprovidenciarecoleta.cl\/inicio\/wp-content\/uploads\/2018\/11\/FeriaCient\u00edfica-14-scaled.jpg'><img loading=\"lazy\" decoding=\"async\" width=\"300\" height=\"169\" src=\"http:\/\/www.laprovidenciarecoleta.cl\/inicio\/wp-content\/uploads\/2018\/11\/FeriaCient\u00edfica-14-300x169.jpg\" class=\"attachment-medium size-medium\" alt=\"\" srcset=\"http:\/\/www.laprovidenciarecoleta.cl\/inicio\/wp-content\/uploads\/2018\/11\/FeriaCient\u00edfica-14-300x169.jpg 300w, http:\/\/www.laprovidenciarecoleta.cl\/inicio\/wp-content\/uploads\/2018\/11\/FeriaCient\u00edfica-14-1024x576.jpg 1024w, http:\/\/www.laprovidenciarecoleta.cl\/inicio\/wp-content\/uploads\/2018\/11\/FeriaCient\u00edfica-14-768x432.jpg 768w, http:\/\/www.laprovidenciarecoleta.cl\/inicio\/wp-content\/uploads\/2018\/11\/FeriaCient\u00edfica-14-1536x864.jpg 1536w, http:\/\/www.laprovidenciarecoleta.cl\/inicio\/wp-content\/uploads\/2018\/11\/FeriaCient\u00edfica-14-2048x1152.jpg 2048w, http:\/\/www.laprovidenciarecoleta.cl\/inicio\/wp-content\/uploads\/2018\/11\/FeriaCient\u00edfica-14-150x84.jpg 150w\" sizes=\"(max-width: 300px) 100vw, 300px\" \/><\/a>\n\t\t\t<\/dt><\/dl><br style=\"clear: both\" \/><dl class='gallery-item'>\n\t\t\t<dt class='gallery-icon landscape'>\n\t\t\t\t<a href='http:\/\/www.laprovidenciarecoleta.cl\/inicio\/wp-content\/uploads\/2018\/11\/FeriaCient\u00edfica-34-scaled.jpg'><img loading=\"lazy\" decoding=\"async\" width=\"300\" height=\"169\" src=\"http:\/\/www.laprovidenciarecoleta.cl\/inicio\/wp-content\/uploads\/2018\/11\/FeriaCient\u00edfica-34-300x169.jpg\" class=\"attachment-medium size-medium\" alt=\"\" srcset=\"http:\/\/www.laprovidenciarecoleta.cl\/inicio\/wp-content\/uploads\/2018\/11\/FeriaCient\u00edfica-34-300x169.jpg 300w, http:\/\/www.laprovidenciarecoleta.cl\/inicio\/wp-content\/uploads\/2018\/11\/FeriaCient\u00edfica-34-1024x576.jpg 1024w, http:\/\/www.laprovidenciarecoleta.cl\/inicio\/wp-content\/uploads\/2018\/11\/FeriaCient\u00edfica-34-768x432.jpg 768w, http:\/\/www.laprovidenciarecoleta.cl\/inicio\/wp-content\/uploads\/2018\/11\/FeriaCient\u00edfica-34-1536x864.jpg 1536w, http:\/\/www.laprovidenciarecoleta.cl\/inicio\/wp-content\/uploads\/2018\/11\/FeriaCient\u00edfica-34-2048x1152.jpg 2048w, http:\/\/www.laprovidenciarecoleta.cl\/inicio\/wp-content\/uploads\/2018\/11\/FeriaCient\u00edfica-34-150x84.jpg 150w\" sizes=\"(max-width: 300px) 100vw, 300px\" \/><\/a>\n\t\t\t<\/dt><\/dl><dl class='gallery-item'>\n\t\t\t<dt class='gallery-icon landscape'>\n\t\t\t\t<a href='http:\/\/www.laprovidenciarecoleta.cl\/inicio\/wp-content\/uploads\/2018\/11\/FeriaCient\u00edfica-18-scaled.jpg'><img loading=\"lazy\" decoding=\"async\" width=\"300\" height=\"169\" src=\"http:\/\/www.laprovidenciarecoleta.cl\/inicio\/wp-content\/uploads\/2018\/11\/FeriaCient\u00edfica-18-300x169.jpg\" class=\"attachment-medium size-medium\" alt=\"\" srcset=\"http:\/\/www.laprovidenciarecoleta.cl\/inicio\/wp-content\/uploads\/2018\/11\/FeriaCient\u00edfica-18-300x169.jpg 300w, http:\/\/www.laprovidenciarecoleta.cl\/inicio\/wp-content\/uploads\/2018\/11\/FeriaCient\u00edfica-18-1024x576.jpg 1024w, http:\/\/www.laprovidenciarecoleta.cl\/inicio\/wp-content\/uploads\/2018\/11\/FeriaCient\u00edfica-18-768x432.jpg 768w, http:\/\/www.laprovidenciarecoleta.cl\/inicio\/wp-content\/uploads\/2018\/11\/FeriaCient\u00edfica-18-1536x864.jpg 1536w, http:\/\/www.laprovidenciarecoleta.cl\/inicio\/wp-content\/uploads\/2018\/11\/FeriaCient\u00edfica-18-2048x1152.jpg 2048w, http:\/\/www.laprovidenciarecoleta.cl\/inicio\/wp-content\/uploads\/2018\/11\/FeriaCient\u00edfica-18-150x84.jpg 150w\" sizes=\"(max-width: 300px) 100vw, 300px\" \/><\/a>\n\t\t\t<\/dt><\/dl><dl class='gallery-item'>\n\t\t\t<dt class='gallery-icon landscape'>\n\t\t\t\t<a href='http:\/\/www.laprovidenciarecoleta.cl\/inicio\/wp-content\/uploads\/2018\/11\/FeriaCient\u00edfica-19-scaled.jpg'><img loading=\"lazy\" decoding=\"async\" width=\"300\" height=\"169\" src=\"http:\/\/www.laprovidenciarecoleta.cl\/inicio\/wp-content\/uploads\/2018\/11\/FeriaCient\u00edfica-19-300x169.jpg\" class=\"attachment-medium size-medium\" alt=\"\" srcset=\"http:\/\/www.laprovidenciarecoleta.cl\/inicio\/wp-content\/uploads\/2018\/11\/FeriaCient\u00edfica-19-300x169.jpg 300w, http:\/\/www.laprovidenciarecoleta.cl\/inicio\/wp-content\/uploads\/2018\/11\/FeriaCient\u00edfica-19-1024x576.jpg 1024w, http:\/\/www.laprovidenciarecoleta.cl\/inicio\/wp-content\/uploads\/2018\/11\/FeriaCient\u00edfica-19-768x432.jpg 768w, http:\/\/www.laprovidenciarecoleta.cl\/inicio\/wp-content\/uploads\/2018\/11\/FeriaCient\u00edfica-19-1536x864.jpg 1536w, http:\/\/www.laprovidenciarecoleta.cl\/inicio\/wp-content\/uploads\/2018\/11\/FeriaCient\u00edfica-19-2048x1152.jpg 2048w, http:\/\/www.laprovidenciarecoleta.cl\/inicio\/wp-content\/uploads\/2018\/11\/FeriaCient\u00edfica-19-150x84.jpg 150w\" sizes=\"(max-width: 300px) 100vw, 300px\" \/><\/a>\n\t\t\t<\/dt><\/dl><br style=\"clear: both\" \/><dl class='gallery-item'>\n\t\t\t<dt class='gallery-icon landscape'>\n\t\t\t\t<a href='http:\/\/www.laprovidenciarecoleta.cl\/inicio\/wp-content\/uploads\/2018\/11\/FeriaCient\u00edfica-20-scaled.jpg'><img loading=\"lazy\" decoding=\"async\" width=\"300\" height=\"169\" src=\"http:\/\/www.laprovidenciarecoleta.cl\/inicio\/wp-content\/uploads\/2018\/11\/FeriaCient\u00edfica-20-300x169.jpg\" class=\"attachment-medium size-medium\" alt=\"\" srcset=\"http:\/\/www.laprovidenciarecoleta.cl\/inicio\/wp-content\/uploads\/2018\/11\/FeriaCient\u00edfica-20-300x169.jpg 300w, http:\/\/www.laprovidenciarecoleta.cl\/inicio\/wp-content\/uploads\/2018\/11\/FeriaCient\u00edfica-20-1024x576.jpg 1024w, http:\/\/www.laprovidenciarecoleta.cl\/inicio\/wp-content\/uploads\/2018\/11\/FeriaCient\u00edfica-20-768x432.jpg 768w, http:\/\/www.laprovidenciarecoleta.cl\/inicio\/wp-content\/uploads\/2018\/11\/FeriaCient\u00edfica-20-1536x864.jpg 1536w, http:\/\/www.laprovidenciarecoleta.cl\/inicio\/wp-content\/uploads\/2018\/11\/FeriaCient\u00edfica-20-2048x1152.jpg 2048w, http:\/\/www.laprovidenciarecoleta.cl\/inicio\/wp-content\/uploads\/2018\/11\/FeriaCient\u00edfica-20-150x84.jpg 150w\" sizes=\"(max-width: 300px) 100vw, 300px\" \/><\/a>\n\t\t\t<\/dt><\/dl><dl class='gallery-item'>\n\t\t\t<dt class='gallery-icon landscape'>\n\t\t\t\t<a href='http:\/\/www.laprovidenciarecoleta.cl\/inicio\/wp-content\/uploads\/2018\/11\/FeriaCient\u00edfica-25-scaled.jpg'><img loading=\"lazy\" decoding=\"async\" width=\"300\" height=\"169\" src=\"http:\/\/www.laprovidenciarecoleta.cl\/inicio\/wp-content\/uploads\/2018\/11\/FeriaCient\u00edfica-25-300x169.jpg\" class=\"attachment-medium size-medium\" alt=\"\" srcset=\"http:\/\/www.laprovidenciarecoleta.cl\/inicio\/wp-content\/uploads\/2018\/11\/FeriaCient\u00edfica-25-300x169.jpg 300w, http:\/\/www.laprovidenciarecoleta.cl\/inicio\/wp-content\/uploads\/2018\/11\/FeriaCient\u00edfica-25-1024x576.jpg 1024w, http:\/\/www.laprovidenciarecoleta.cl\/inicio\/wp-content\/uploads\/2018\/11\/FeriaCient\u00edfica-25-768x432.jpg 768w, http:\/\/www.laprovidenciarecoleta.cl\/inicio\/wp-content\/uploads\/2018\/11\/FeriaCient\u00edfica-25-1536x864.jpg 1536w, http:\/\/www.laprovidenciarecoleta.cl\/inicio\/wp-content\/uploads\/2018\/11\/FeriaCient\u00edfica-25-2048x1152.jpg 2048w, http:\/\/www.laprovidenciarecoleta.cl\/inicio\/wp-content\/uploads\/2018\/11\/FeriaCient\u00edfica-25-150x84.jpg 150w\" sizes=\"(max-width: 300px) 100vw, 300px\" \/><\/a>\n\t\t\t<\/dt><\/dl><dl class='gallery-item'>\n\t\t\t<dt class='gallery-icon landscape'>\n\t\t\t\t<a href='http:\/\/www.laprovidenciarecoleta.cl\/inicio\/wp-content\/uploads\/2018\/11\/FeriaCient\u00edfica-26-scaled.jpg'><img loading=\"lazy\" decoding=\"async\" width=\"300\" height=\"169\" src=\"http:\/\/www.laprovidenciarecoleta.cl\/inicio\/wp-content\/uploads\/2018\/11\/FeriaCient\u00edfica-26-300x169.jpg\" class=\"attachment-medium size-medium\" alt=\"\" srcset=\"http:\/\/www.laprovidenciarecoleta.cl\/inicio\/wp-content\/uploads\/2018\/11\/FeriaCient\u00edfica-26-300x169.jpg 300w, http:\/\/www.laprovidenciarecoleta.cl\/inicio\/wp-content\/uploads\/2018\/11\/FeriaCient\u00edfica-26-1024x576.jpg 1024w, http:\/\/www.laprovidenciarecoleta.cl\/inicio\/wp-content\/uploads\/2018\/11\/FeriaCient\u00edfica-26-768x432.jpg 768w, http:\/\/www.laprovidenciarecoleta.cl\/inicio\/wp-content\/uploads\/2018\/11\/FeriaCient\u00edfica-26-1536x864.jpg 1536w, http:\/\/www.laprovidenciarecoleta.cl\/inicio\/wp-content\/uploads\/2018\/11\/FeriaCient\u00edfica-26-2048x1152.jpg 2048w, http:\/\/www.laprovidenciarecoleta.cl\/inicio\/wp-content\/uploads\/2018\/11\/FeriaCient\u00edfica-26-150x84.jpg 150w\" sizes=\"(max-width: 300px) 100vw, 300px\" \/><\/a>\n\t\t\t<\/dt><\/dl><br style=\"clear: both\" \/><dl class='gallery-item'>\n\t\t\t<dt class='gallery-icon landscape'>\n\t\t\t\t<a href='http:\/\/www.laprovidenciarecoleta.cl\/inicio\/wp-content\/uploads\/2018\/11\/FeriaCient\u00edfica-28-scaled.jpg'><img loading=\"lazy\" decoding=\"async\" width=\"300\" height=\"169\" src=\"http:\/\/www.laprovidenciarecoleta.cl\/inicio\/wp-content\/uploads\/2018\/11\/FeriaCient\u00edfica-28-300x169.jpg\" class=\"attachment-medium size-medium\" alt=\"\" srcset=\"http:\/\/www.laprovidenciarecoleta.cl\/inicio\/wp-content\/uploads\/2018\/11\/FeriaCient\u00edfica-28-300x169.jpg 300w, http:\/\/www.laprovidenciarecoleta.cl\/inicio\/wp-content\/uploads\/2018\/11\/FeriaCient\u00edfica-28-1024x576.jpg 1024w, http:\/\/www.laprovidenciarecoleta.cl\/inicio\/wp-content\/uploads\/2018\/11\/FeriaCient\u00edfica-28-768x432.jpg 768w, http:\/\/www.laprovidenciarecoleta.cl\/inicio\/wp-content\/uploads\/2018\/11\/FeriaCient\u00edfica-28-1536x864.jpg 1536w, http:\/\/www.laprovidenciarecoleta.cl\/inicio\/wp-content\/uploads\/2018\/11\/FeriaCient\u00edfica-28-2048x1152.jpg 2048w, http:\/\/www.laprovidenciarecoleta.cl\/inicio\/wp-content\/uploads\/2018\/11\/FeriaCient\u00edfica-28-150x84.jpg 150w\" sizes=\"(max-width: 300px) 100vw, 300px\" \/><\/a>\n\t\t\t<\/dt><\/dl><dl class='gallery-item'>\n\t\t\t<dt class='gallery-icon landscape'>\n\t\t\t\t<a href='http:\/\/www.laprovidenciarecoleta.cl\/inicio\/wp-content\/uploads\/2018\/11\/FeriaCient\u00edfica-29-scaled.jpg'><img loading=\"lazy\" decoding=\"async\" width=\"300\" height=\"169\" src=\"http:\/\/www.laprovidenciarecoleta.cl\/inicio\/wp-content\/uploads\/2018\/11\/FeriaCient\u00edfica-29-300x169.jpg\" class=\"attachment-medium size-medium\" alt=\"\" srcset=\"http:\/\/www.laprovidenciarecoleta.cl\/inicio\/wp-content\/uploads\/2018\/11\/FeriaCient\u00edfica-29-300x169.jpg 300w, http:\/\/www.laprovidenciarecoleta.cl\/inicio\/wp-content\/uploads\/2018\/11\/FeriaCient\u00edfica-29-1024x576.jpg 1024w, http:\/\/www.laprovidenciarecoleta.cl\/inicio\/wp-content\/uploads\/2018\/11\/FeriaCient\u00edfica-29-768x432.jpg 768w, http:\/\/www.laprovidenciarecoleta.cl\/inicio\/wp-content\/uploads\/2018\/11\/FeriaCient\u00edfica-29-1536x864.jpg 1536w, http:\/\/www.laprovidenciarecoleta.cl\/inicio\/wp-content\/uploads\/2018\/11\/FeriaCient\u00edfica-29-2048x1152.jpg 2048w, http:\/\/www.laprovidenciarecoleta.cl\/inicio\/wp-content\/uploads\/2018\/11\/FeriaCient\u00edfica-29-150x84.jpg 150w\" sizes=\"(max-width: 300px) 100vw, 300px\" \/><\/a>\n\t\t\t<\/dt><\/dl><dl class='gallery-item'>\n\t\t\t<dt class='gallery-icon landscape'>\n\t\t\t\t<a href='http:\/\/www.laprovidenciarecoleta.cl\/inicio\/wp-content\/uploads\/2018\/11\/FeriaCient\u00edfica-30-scaled.jpg'><img loading=\"lazy\" decoding=\"async\" width=\"300\" height=\"169\" src=\"http:\/\/www.laprovidenciarecoleta.cl\/inicio\/wp-content\/uploads\/2018\/11\/FeriaCient\u00edfica-30-300x169.jpg\" class=\"attachment-medium size-medium\" alt=\"\" srcset=\"http:\/\/www.laprovidenciarecoleta.cl\/inicio\/wp-content\/uploads\/2018\/11\/FeriaCient\u00edfica-30-300x169.jpg 300w, http:\/\/www.laprovidenciarecoleta.cl\/inicio\/wp-content\/uploads\/2018\/11\/FeriaCient\u00edfica-30-1024x576.jpg 1024w, http:\/\/www.laprovidenciarecoleta.cl\/inicio\/wp-content\/uploads\/2018\/11\/FeriaCient\u00edfica-30-768x432.jpg 768w, http:\/\/www.laprovidenciarecoleta.cl\/inicio\/wp-content\/uploads\/2018\/11\/FeriaCient\u00edfica-30-1536x864.jpg 1536w, http:\/\/www.laprovidenciarecoleta.cl\/inicio\/wp-content\/uploads\/2018\/11\/FeriaCient\u00edfica-30-2048x1152.jpg 2048w, http:\/\/www.laprovidenciarecoleta.cl\/inicio\/wp-content\/uploads\/2018\/11\/FeriaCient\u00edfica-30-150x84.jpg 150w\" sizes=\"(max-width: 300px) 100vw, 300px\" \/><\/a>\n\t\t\t<\/dt><\/dl><br style=\"clear: both\" \/><dl class='gallery-item'>\n\t\t\t<dt class='gallery-icon landscape'>\n\t\t\t\t<a href='http:\/\/www.laprovidenciarecoleta.cl\/inicio\/wp-content\/uploads\/2018\/11\/FeriaCient\u00edfica-31-scaled.jpg'><img loading=\"lazy\" decoding=\"async\" width=\"300\" height=\"169\" src=\"http:\/\/www.laprovidenciarecoleta.cl\/inicio\/wp-content\/uploads\/2018\/11\/FeriaCient\u00edfica-31-300x169.jpg\" class=\"attachment-medium size-medium\" alt=\"\" srcset=\"http:\/\/www.laprovidenciarecoleta.cl\/inicio\/wp-content\/uploads\/2018\/11\/FeriaCient\u00edfica-31-300x169.jpg 300w, http:\/\/www.laprovidenciarecoleta.cl\/inicio\/wp-content\/uploads\/2018\/11\/FeriaCient\u00edfica-31-1024x576.jpg 1024w, http:\/\/www.laprovidenciarecoleta.cl\/inicio\/wp-content\/uploads\/2018\/11\/FeriaCient\u00edfica-31-768x432.jpg 768w, http:\/\/www.laprovidenciarecoleta.cl\/inicio\/wp-content\/uploads\/2018\/11\/FeriaCient\u00edfica-31-1536x864.jpg 1536w, http:\/\/www.laprovidenciarecoleta.cl\/inicio\/wp-content\/uploads\/2018\/11\/FeriaCient\u00edfica-31-2048x1152.jpg 2048w, http:\/\/www.laprovidenciarecoleta.cl\/inicio\/wp-content\/uploads\/2018\/11\/FeriaCient\u00edfica-31-150x84.jpg 150w\" sizes=\"(max-width: 300px) 100vw, 300px\" \/><\/a>\n\t\t\t<\/dt><\/dl><dl class='gallery-item'>\n\t\t\t<dt class='gallery-icon landscape'>\n\t\t\t\t<a href='http:\/\/www.laprovidenciarecoleta.cl\/inicio\/wp-content\/uploads\/2018\/11\/FeriaCient\u00edfica-32-scaled.jpg'><img loading=\"lazy\" decoding=\"async\" width=\"300\" height=\"169\" src=\"http:\/\/www.laprovidenciarecoleta.cl\/inicio\/wp-content\/uploads\/2018\/11\/FeriaCient\u00edfica-32-300x169.jpg\" class=\"attachment-medium size-medium\" alt=\"\" srcset=\"http:\/\/www.laprovidenciarecoleta.cl\/inicio\/wp-content\/uploads\/2018\/11\/FeriaCient\u00edfica-32-300x169.jpg 300w, http:\/\/www.laprovidenciarecoleta.cl\/inicio\/wp-content\/uploads\/2018\/11\/FeriaCient\u00edfica-32-1024x576.jpg 1024w, http:\/\/www.laprovidenciarecoleta.cl\/inicio\/wp-content\/uploads\/2018\/11\/FeriaCient\u00edfica-32-768x432.jpg 768w, http:\/\/www.laprovidenciarecoleta.cl\/inicio\/wp-content\/uploads\/2018\/11\/FeriaCient\u00edfica-32-1536x864.jpg 1536w, http:\/\/www.laprovidenciarecoleta.cl\/inicio\/wp-content\/uploads\/2018\/11\/FeriaCient\u00edfica-32-2048x1152.jpg 2048w, http:\/\/www.laprovidenciarecoleta.cl\/inicio\/wp-content\/uploads\/2018\/11\/FeriaCient\u00edfica-32-150x84.jpg 150w\" sizes=\"(max-width: 300px) 100vw, 300px\" \/><\/a>\n\t\t\t<\/dt><\/dl><dl class='gallery-item'>\n\t\t\t<dt class='gallery-icon landscape'>\n\t\t\t\t<a href='http:\/\/www.laprovidenciarecoleta.cl\/inicio\/wp-content\/uploads\/2018\/11\/FeriaCient\u00edfica-33-scaled.jpg'><img loading=\"lazy\" decoding=\"async\" width=\"300\" height=\"169\" src=\"http:\/\/www.laprovidenciarecoleta.cl\/inicio\/wp-content\/uploads\/2018\/11\/FeriaCient\u00edfica-33-300x169.jpg\" class=\"attachment-medium size-medium\" alt=\"\" srcset=\"http:\/\/www.laprovidenciarecoleta.cl\/inicio\/wp-content\/uploads\/2018\/11\/FeriaCient\u00edfica-33-300x169.jpg 300w, http:\/\/www.laprovidenciarecoleta.cl\/inicio\/wp-content\/uploads\/2018\/11\/FeriaCient\u00edfica-33-1024x576.jpg 1024w, http:\/\/www.laprovidenciarecoleta.cl\/inicio\/wp-content\/uploads\/2018\/11\/FeriaCient\u00edfica-33-768x432.jpg 768w, http:\/\/www.laprovidenciarecoleta.cl\/inicio\/wp-content\/uploads\/2018\/11\/FeriaCient\u00edfica-33-1536x864.jpg 1536w, http:\/\/www.laprovidenciarecoleta.cl\/inicio\/wp-content\/uploads\/2018\/11\/FeriaCient\u00edfica-33-2048x1152.jpg 2048w, http:\/\/www.laprovidenciarecoleta.cl\/inicio\/wp-content\/uploads\/2018\/11\/FeriaCient\u00edfica-33-150x84.jpg 150w\" sizes=\"(max-width: 300px) 100vw, 300px\" \/><\/a>\n\t\t\t<\/dt><\/dl><br style=\"clear: both\" \/><dl class='gallery-item'>\n\t\t\t<dt class='gallery-icon landscape'>\n\t\t\t\t<a href='http:\/\/www.laprovidenciarecoleta.cl\/inicio\/wp-content\/uploads\/2018\/11\/FeriaCient\u00edfica-34-1-scaled.jpg'><img loading=\"lazy\" decoding=\"async\" width=\"300\" height=\"169\" src=\"http:\/\/www.laprovidenciarecoleta.cl\/inicio\/wp-content\/uploads\/2018\/11\/FeriaCient\u00edfica-34-1-300x169.jpg\" class=\"attachment-medium size-medium\" alt=\"\" srcset=\"http:\/\/www.laprovidenciarecoleta.cl\/inicio\/wp-content\/uploads\/2018\/11\/FeriaCient\u00edfica-34-1-300x169.jpg 300w, http:\/\/www.laprovidenciarecoleta.cl\/inicio\/wp-content\/uploads\/2018\/11\/FeriaCient\u00edfica-34-1-1024x576.jpg 1024w, http:\/\/www.laprovidenciarecoleta.cl\/inicio\/wp-content\/uploads\/2018\/11\/FeriaCient\u00edfica-34-1-768x432.jpg 768w, http:\/\/www.laprovidenciarecoleta.cl\/inicio\/wp-content\/uploads\/2018\/11\/FeriaCient\u00edfica-34-1-1536x864.jpg 1536w, http:\/\/www.laprovidenciarecoleta.cl\/inicio\/wp-content\/uploads\/2018\/11\/FeriaCient\u00edfica-34-1-2048x1152.jpg 2048w, http:\/\/www.laprovidenciarecoleta.cl\/inicio\/wp-content\/uploads\/2018\/11\/FeriaCient\u00edfica-34-1-150x84.jpg 150w\" sizes=\"(max-width: 300px) 100vw, 300px\" \/><\/a>\n\t\t\t<\/dt><\/dl><dl class='gallery-item'>\n\t\t\t<dt class='gallery-icon landscape'>\n\t\t\t\t<a href='http:\/\/www.laprovidenciarecoleta.cl\/inicio\/wp-content\/uploads\/2018\/11\/FeriaCient\u00edfica-1-scaled.jpg'><img loading=\"lazy\" decoding=\"async\" width=\"300\" height=\"134\" src=\"http:\/\/www.laprovidenciarecoleta.cl\/inicio\/wp-content\/uploads\/2018\/11\/FeriaCient\u00edfica-1-300x134.jpg\" class=\"attachment-medium size-medium\" alt=\"\" srcset=\"http:\/\/www.laprovidenciarecoleta.cl\/inicio\/wp-content\/uploads\/2018\/11\/FeriaCient\u00edfica-1-300x134.jpg 300w, http:\/\/www.laprovidenciarecoleta.cl\/inicio\/wp-content\/uploads\/2018\/11\/FeriaCient\u00edfica-1-1024x457.jpg 1024w, http:\/\/www.laprovidenciarecoleta.cl\/inicio\/wp-content\/uploads\/2018\/11\/FeriaCient\u00edfica-1-768x343.jpg 768w, http:\/\/www.laprovidenciarecoleta.cl\/inicio\/wp-content\/uploads\/2018\/11\/FeriaCient\u00edfica-1-1536x686.jpg 1536w, http:\/\/www.laprovidenciarecoleta.cl\/inicio\/wp-content\/uploads\/2018\/11\/FeriaCient\u00edfica-1-2048x914.jpg 2048w, http:\/\/www.laprovidenciarecoleta.cl\/inicio\/wp-content\/uploads\/2018\/11\/FeriaCient\u00edfica-1-150x67.jpg 150w\" sizes=\"(max-width: 300px) 100vw, 300px\" \/><\/a>\n\t\t\t<\/dt><\/dl>\n\t\t\t<br style='clear: both' \/>\n\t\t<\/div>\n\n<p>&nbsp;<\/p>\n<p>&nbsp;<\/p>\n<p>&nbsp;<\/p>\n<p>&nbsp;<\/p>\n","protected":false},"excerpt":{"rendered":"<p>Con gran \u00e9xito se llev\u00f3 a cabo, en el gimnasio de la escuela, una nueva versi\u00f3n de la \u201cFeria Cient\u00edfica\u201d.\u00a0<\/p>\n","protected":false},"author":6,"featured_media":0,"comment_status":"closed","ping_status":"closed","sticky":false,"template":"","format":"standard","meta":{"footnotes":""},"categories":[16],"tags":[50,45,72],"_links":{"self":[{"href":"http:\/\/www.laprovidenciarecoleta.cl\/inicio\/wp-json\/wp\/v2\/posts\/3200"}],"collection":[{"href":"http:\/\/www.laprovidenciarecoleta.cl\/inicio\/wp-json\/wp\/v2\/posts"}],"about":[{"href":"http:\/\/www.laprovidenciarecoleta.cl\/inicio\/wp-json\/wp\/v2\/types\/post"}],"author":[{"embeddable":true,"href":"http:\/\/www.laprovidenciarecoleta.cl\/inicio\/wp-json\/wp\/v2\/users\/6"}],"replies":[{"embeddable":true,"href":"http:\/\/www.laprovidenciarecoleta.cl\/inicio\/wp-json\/wp\/v2\/comments?post=3200"}],"version-history":[{"count":3,"href":"http:\/\/www.laprovidenciarecoleta.cl\/inicio\/wp-json\/wp\/v2\/posts\/3200\/revisions"}],"predecessor-version":[{"id":13254,"href":"http:\/\/www.laprovidenciarecoleta.cl\/inicio\/wp-json\/wp\/v2\/posts\/3200\/revisions\/13254"}],"wp:attachment":[{"href":"http:\/\/www.laprovidenciarecoleta.cl\/inicio\/wp-json\/wp\/v2\/media?parent=3200"}],"wp:term":[{"taxonomy":"category","embeddable":true,"href":"http:\/\/www.laprovidenciarecoleta.cl\/inicio\/wp-json\/wp\/v2\/categories?post=3200"},{"taxonomy":"post_tag","embeddable":true,"href":"http:\/\/www.laprovidenciarecoleta.cl\/inicio\/wp-json\/wp\/v2\/tags?post=3200"}],"curies":[{"name":"wp","href":"https:\/\/api.w.org\/{rel}","templated":true}]}}