{"id":16585,"date":"2026-09-02T21:56:16","date_gmt":"2026-09-03T01:56:16","guid":{"rendered":"https:\/\/www.laprovidenciarecoleta.cl\/inicio\/?p=16585"},"modified":"2026-09-02T22:31:28","modified_gmt":"2026-09-03T02:31:28","slug":"cosechando-futuro-en-la-semana-ambiental","status":"publish","type":"post","link":"http:\/\/www.laprovidenciarecoleta.cl\/inicio\/cosechando-futuro-en-la-semana-ambiental\/","title":{"rendered":"Comunidad escolar celebr\u00f3 con \u00e9xito la Semana Ambiental 2026 &#8220;Cosechando el futuro&#8221;"},"content":{"rendered":"<p><span style=\"font-weight: 400;\">Entre el lunes 3 y el viernes 7 de agosto de 2026, la comunidad educativa llev\u00f3 a cabo una primera edici\u00f3n de la <\/span><b>Semana Ambiental &#8220;Cosechando el futuro&#8221;<\/b><span style=\"font-weight: 400;\">, una iniciativa enfocada en fortalecer la conciencia ecol\u00f3gica, promover el hermoseamiento del establecimiento y visibilizar los aprendizajes sobre econom\u00eda circular logrados durante el primer semestre.<\/span><\/p>\n<h3><b>Pasarela de reciclaje y arte<\/b><\/h3>\n<p><span style=\"font-weight: 400;\">Las actividades iniciaron el <\/span><b>lunes 3 de agosto<\/b><span style=\"font-weight: 400;\"> durante el segundo recreo con un concurrido <\/span><b>Desfile de vestimenta con materiales reutilizados<\/b><span style=\"font-weight: 400;\">, abierto a toda la comunidad presente. La presentaci\u00f3n estuvo liderada por la profesora Raquel Lepe desde la asignatura de Artes Visuales y cont\u00f3 con el protagonismo de los estudiantes de 8\u00b0 b\u00e1sico, quienes mostraron creativos dise\u00f1os confeccionados a partir de residuos reutilizables.<\/span><\/p>\n<h3><b>Muestra de proyectos sobre econom\u00eda circular<\/b><\/h3>\n<p><span style=\"font-weight: 400;\">El <\/span><b>martes 4 de agosto<\/b><span style=\"font-weight: 400;\"> se celebr\u00f3 la <\/span><b>Feria Ambiental<\/b><span style=\"font-weight: 400;\">, espacio donde los niveles desde K\u00ednder hasta 7\u00b0 b\u00e1sico instalaron <\/span><i><span style=\"font-weight: 400;\">stands<\/span><\/i><span style=\"font-weight: 400;\"> expositivos para presentar los proyectos trabajados a lo largo del primer semestre. Todas las muestras estuvieron centradas en el cuidado del entorno y la econom\u00eda circular, consolidando el trabajo pedag\u00f3gico del proyecto institucional <\/span><i><span style=\"font-weight: 400;\">&#8220;Cosechadores del Futuro&#8221;<\/span><\/i><span style=\"font-weight: 400;\">.<\/span><\/p>\n<h3><b>Transformaci\u00f3n verde de la escuela<\/b><\/h3>\n<p><span style=\"font-weight: 400;\">El <\/span><b>jueves 6 y viernes 7 de agosto<\/b><span style=\"font-weight: 400;\"> se llevaron a cabo las <\/span><b>Jornadas de trasplante masivo<\/b><span style=\"font-weight: 400;\">, convirti\u00e9ndose en el hito m\u00e1s significativo de la semana. Durante ambos d\u00edas, todos los cursos del establecimiento, acompa\u00f1ados por los docentes y con la participaci\u00f3n de apoderadas y apoderados convocados por el Centro de Padres y Apoderados (CEPA), trasplantaron diversas especies vegetales en las jardineras interiores, el frontis de la escuela, jardineras verticales, bancales de terrazas y bancales alargados.<\/span><\/p>\n<p><span style=\"font-weight: 400;\">La jornada comunitaria dej\u00f3 una profunda huella en los estudiantes, expresada en emotivas reflexiones como:<\/span><\/p>\n<ul>\n<li style=\"font-weight: 400;\" aria-level=\"1\"><i><span style=\"font-weight: 400;\">&#8220;Trasplant\u00e9 junto a mi amiga y eso simboliz\u00f3 el cuidado de nuestra amistad.&#8221;<\/span><\/i><\/li>\n<li style=\"font-weight: 400;\" aria-level=\"1\"><i><span style=\"font-weight: 400;\">&#8220;Ahora siento que la escuela est\u00e1 m\u00e1s bonita.&#8221;<\/span><\/i><\/li>\n<li style=\"font-weight: 400;\" aria-level=\"1\"><i><span style=\"font-weight: 400;\">&#8220;Mi planta es la m\u00e1s bonita y la cuidar\u00e9.&#8221;<\/span><\/i><\/li>\n<\/ul>\n<p><span style=\"font-weight: 400;\">Con el desarrollo de estas jornadas, la escuela reafirma su compromiso con el cuidado de la casa com\u00fan, la sustentabilidad y el fortalecimiento de la vida en comunidad.<\/span><\/p>\n<p>&nbsp;<\/p>\n<p>\u00c1lbumes de fotos :<\/p>\n<p style=\"text-align: center;\"><a href=\"https:\/\/photos.app.goo.gl\/gd3Ge4zaNjc5jdLT6\" target=\"_blank\" rel=\"noopener\">1. Desfile de vestimenta con materiales reutilizados. Im\u00e1genes<\/a><\/p>\n<p style=\"text-align: center;\"><a href=\"https:\/\/photos.app.goo.gl\/znKjFPX1faNQHBmZ9\" target=\"_blank\" rel=\"noopener\">2.Feria Ambiental. Im\u00e1genes<\/a><\/p>\n<p style=\"text-align: center;\"><a href=\"https:\/\/photos.app.goo.gl\/imeoynLefRvjAEp27\" target=\"_blank\" rel=\"noopener\">3.Jornadas de trasplante. Im\u00e1genes<\/a><\/p>\n<p style=\"text-align: center;\">\n","protected":false},"excerpt":{"rendered":"<p>Entre el lunes 3 y el viernes 7 de agosto de 2026, la comunidad educativa llev\u00f3 a cabo una primera edici\u00f3n de la Semana Ambiental &#8220;Cosechando el futuro&#8221;, una iniciativa enfocada en fortalecer la conciencia ecol\u00f3gica, promover el hermoseamiento del establecimiento y visibilizar los aprendizajes sobre econom\u00eda circular logrados durante el primer semestre. Pasarela de reciclaje y arte Las actividades&nbsp;<a href=\"http:\/\/www.laprovidenciarecoleta.cl\/inicio\/cosechando-futuro-en-la-semana-ambiental\/\">&hellip;<\/a><\/p>\n","protected":false},"author":6,"featured_media":16590,"comment_status":"closed","ping_status":"closed","sticky":false,"template":"","format":"standard","meta":{"footnotes":""},"categories":[16],"tags":[],"_links":{"self":[{"href":"http:\/\/www.laprovidenciarecoleta.cl\/inicio\/wp-json\/wp\/v2\/posts\/16585"}],"collection":[{"href":"http:\/\/www.laprovidenciarecoleta.cl\/inicio\/wp-json\/wp\/v2\/posts"}],"about":[{"href":"http:\/\/www.laprovidenciarecoleta.cl\/inicio\/wp-json\/wp\/v2\/types\/post"}],"author":[{"embeddable":true,"href":"http:\/\/www.laprovidenciarecoleta.cl\/inicio\/wp-json\/wp\/v2\/users\/6"}],"replies":[{"embeddable":true,"href":"http:\/\/www.laprovidenciarecoleta.cl\/inicio\/wp-json\/wp\/v2\/comments?post=16585"}],"version-history":[{"count":6,"href":"http:\/\/www.laprovidenciarecoleta.cl\/inicio\/wp-json\/wp\/v2\/posts\/16585\/revisions"}],"predecessor-version":[{"id":16592,"href":"http:\/\/www.laprovidenciarecoleta.cl\/inicio\/wp-json\/wp\/v2\/posts\/16585\/revisions\/16592"}],"wp:featuredmedia":[{"embeddable":true,"href":"http:\/\/www.laprovidenciarecoleta.cl\/inicio\/wp-json\/wp\/v2\/media\/16590"}],"wp:attachment":[{"href":"http:\/\/www.laprovidenciarecoleta.cl\/inicio\/wp-json\/wp\/v2\/media?parent=16585"}],"wp:term":[{"taxonomy":"category","embeddable":true,"href":"http:\/\/www.laprovidenciarecoleta.cl\/inicio\/wp-json\/wp\/v2\/categories?post=16585"},{"taxonomy":"post_tag","embeddable":true,"href":"http:\/\/www.laprovidenciarecoleta.cl\/inicio\/wp-json\/wp\/v2\/tags?post=16585"}],"curies":[{"name":"wp","href":"https:\/\/api.w.org\/{rel}","templated":true}]}}