{"id":16243,"date":"2026-03-13T09:11:55","date_gmt":"2026-03-13T12:11:55","guid":{"rendered":"https:\/\/www.laprovidenciarecoleta.cl\/inicio\/?p=16243"},"modified":"2026-03-13T09:11:55","modified_gmt":"2026-03-13T12:11:55","slug":"resultados-simce-2025","status":"publish","type":"post","link":"http:\/\/www.laprovidenciarecoleta.cl\/inicio\/resultados-simce-2025\/","title":{"rendered":"Resultados Simce 2025"},"content":{"rendered":"<p>Comunidad Educativa:<br \/>\nQueremos felicitar y reconocer con mucho orgullo el esfuerzo y dedicaci\u00f3n que han demostrado durante el proceso del SIMCE 2025\u00a0 los 4\u00b0 y 8\u00b0 B\u00e1sicos. Los resultados obtenidos este a\u00f1o reflejan el compromiso tanto de los estudiantes como de sus profesoras, quienes d\u00eda a d\u00eda entregan lo mejor de s\u00ed para alcanzar metas importantes.<\/p>\n<p>Un reconocimiento muy especial para los 4\u00b0 B\u00e1sicos, quienes lograron un puntaje hist\u00f3rico para la Escuela San Jos\u00e9. Este resultado no solo es m\u00e9rito de su talento y esfuerzo, sino tambi\u00e9n de la gu\u00eda, vocaci\u00f3n y entrega de sus docentes, quienes han sabido motivarlos y apoyarlos en este camino de aprendizaje.<\/p>\n<p>Por otro lado, los resultados de 8\u00b0 B\u00e1sico nos presentan un nuevo desaf\u00edo: la invitaci\u00f3n a revisar, reflexionar y buscar juntos nuevas pr\u00e1cticas pedag\u00f3gicas que permitan impulsar a\u00fan m\u00e1s el aprendizaje y desarrollo de todos nuestros<br \/>\nestudiantes. Este es el momento de renovar nuestro compromiso, trabajar colaborativamente y continuar mejorando d\u00eda a d\u00eda.<\/p>\n<p>A todos, \u00a1muchas felicidades por el trabajo realizado! Juntos, seguiremos creciendo y logrando grandes cosas para nuestra escuela.<\/p>\n<p style=\"text-align: left;\">\u00a0 \u00a0 \u00a0 \u00a0 \u00a0 \u00a0 \u00a0 \u00a0 \u00a0 \u00a0 \u00a0 \u00a0 \u00a0 \u00a0 \u00a0 \u00a0 \u00a0 \u00a0 \u00a0 \u00a0 \u00a0 \u00a0 \u00a0 \u00a0 \u00a0 \u00a0 \u00a0 \u00a0 \u00a0 \u00a0 Rodrigo Arancibia<\/p>\n<p style=\"text-align: left;\">\u00a0 \u00a0 \u00a0 \u00a0 \u00a0 \u00a0 \u00a0 \u00a0 \u00a0 \u00a0 \u00a0 \u00a0 \u00a0 \u00a0 \u00a0 \u00a0 \u00a0 \u00a0 \u00a0 \u00a0 \u00a0 \u00a0 \u00a0 \u00a0 \u00a0 \u00a0 \u00a0 \u00a0 \u00a0 \u00a0 \u00a0 \u00a0 \u00a0 \u00a0 \u00a0director<\/p>\n<table>\n<tbody>\n<tr>\n<td><b>4\u00b0 B\u00e1sico<\/b><\/td>\n<td><b>Puntaje Escuela<\/b><\/td>\n<td><b>Puntaje Promedio Nacional<\/b><\/td>\n<\/tr>\n<tr>\n<td><span style=\"font-weight: 400;\">Lenguaje<\/span><\/td>\n<td>\n<p style=\"text-align: center;\"><span style=\"font-weight: 400;\">284 (+26)<\/span><\/p>\n<p><span style=\"font-weight: 400;\">Mejor puntaje Hist\u00f3rico<\/span><\/td>\n<td>\n<p style=\"text-align: center;\"><span style=\"font-weight: 400;\">276<\/span><\/p>\n<\/td>\n<\/tr>\n<tr>\n<td><span style=\"font-weight: 400;\">Matem\u00e1ticas<\/span><\/td>\n<td>\n<p style=\"text-align: center;\"><span style=\"font-weight: 400;\">275(+19)<\/span><\/p>\n<p><span style=\"font-weight: 400;\">Mejor puntaje Hist\u00f3rico<\/span><\/td>\n<td>\n<p style=\"text-align: center;\"><span style=\"font-weight: 400;\">260<\/span><\/p>\n<\/td>\n<\/tr>\n<\/tbody>\n<\/table>\n<p>&nbsp;<\/p>\n<table>\n<tbody>\n<tr>\n<td><b>8\u00b0 B\u00e1sico<\/b><\/td>\n<td><b>\u00a0Puntaje Escuela<\/b><\/td>\n<td><b>\u00a0Puntaje Promedio Nacional<\/b><\/td>\n<\/tr>\n<tr>\n<td><span style=\"font-weight: 400;\">Lenguaje<\/span><\/td>\n<td>\n<p style=\"text-align: center;\"><span style=\"font-weight: 400;\">239<\/span><\/p>\n<\/td>\n<td style=\"text-align: center;\"><span style=\"font-weight: 400;\">237<\/span><\/td>\n<\/tr>\n<tr>\n<td><span style=\"font-weight: 400;\">Matem\u00e1ticas<\/span><\/td>\n<td>\n<p style=\"text-align: center;\"><span style=\"font-weight: 400;\">282<\/span><\/p>\n<\/td>\n<td>\n<p style=\"text-align: center;\"><span style=\"font-weight: 400;\">256<\/span><\/p>\n<\/td>\n<\/tr>\n<tr>\n<td style=\"text-align: left;\"><span style=\"font-weight: 400;\">Hist. G. C.S.<\/span><\/td>\n<td style=\"text-align: center;\"><span style=\"font-weight: 400;\">255<\/span><\/td>\n<td>\n<p style=\"text-align: center;\"><span style=\"font-weight: 400;\">248<\/span><\/p>\n<\/td>\n<\/tr>\n<\/tbody>\n<\/table>\n<p>&nbsp;<\/p>\n<p><a href=\"http:\/\/www.laprovidenciarecoleta.cl\/inicio\/wp-content\/uploads\/2026\/03\/ProfesorasSIMCE-2025-scaled.jpg\"><img loading=\"lazy\" decoding=\"async\" class=\"aligncenter size-large wp-image-16244\" src=\"http:\/\/www.laprovidenciarecoleta.cl\/inicio\/wp-content\/uploads\/2026\/03\/ProfesorasSIMCE-2025-scaled-1024x478.jpg\" alt=\"\" width=\"1024\" height=\"478\" srcset=\"http:\/\/www.laprovidenciarecoleta.cl\/inicio\/wp-content\/uploads\/2026\/03\/ProfesorasSIMCE-2025-scaled-1024x478.jpg 1024w, http:\/\/www.laprovidenciarecoleta.cl\/inicio\/wp-content\/uploads\/2026\/03\/ProfesorasSIMCE-2025-scaled-300x140.jpg 300w\" sizes=\"(max-width: 1024px) 100vw, 1024px\" \/><\/a><\/p>\n<p>&nbsp;<\/p>\n","protected":false},"excerpt":{"rendered":"<p>Comunidad Educativa: Queremos felicitar y reconocer con mucho orgullo el esfuerzo y dedicaci\u00f3n que han demostrado durante el proceso del SIMCE 2025\u00a0 los 4\u00b0 y 8\u00b0 B\u00e1sicos. Los resultados obtenidos este a\u00f1o reflejan el compromiso tanto de los estudiantes como de sus profesoras, quienes d\u00eda a d\u00eda entregan lo mejor de s\u00ed para alcanzar metas importantes. Un reconocimiento muy especial&nbsp;<a href=\"http:\/\/www.laprovidenciarecoleta.cl\/inicio\/resultados-simce-2025\/\">&hellip;<\/a><\/p>\n","protected":false},"author":6,"featured_media":4450,"comment_status":"closed","ping_status":"closed","sticky":false,"template":"","format":"standard","meta":{"footnotes":""},"categories":[113,16],"tags":[],"_links":{"self":[{"href":"http:\/\/www.laprovidenciarecoleta.cl\/inicio\/wp-json\/wp\/v2\/posts\/16243"}],"collection":[{"href":"http:\/\/www.laprovidenciarecoleta.cl\/inicio\/wp-json\/wp\/v2\/posts"}],"about":[{"href":"http:\/\/www.laprovidenciarecoleta.cl\/inicio\/wp-json\/wp\/v2\/types\/post"}],"author":[{"embeddable":true,"href":"http:\/\/www.laprovidenciarecoleta.cl\/inicio\/wp-json\/wp\/v2\/users\/6"}],"replies":[{"embeddable":true,"href":"http:\/\/www.laprovidenciarecoleta.cl\/inicio\/wp-json\/wp\/v2\/comments?post=16243"}],"version-history":[{"count":2,"href":"http:\/\/www.laprovidenciarecoleta.cl\/inicio\/wp-json\/wp\/v2\/posts\/16243\/revisions"}],"predecessor-version":[{"id":16246,"href":"http:\/\/www.laprovidenciarecoleta.cl\/inicio\/wp-json\/wp\/v2\/posts\/16243\/revisions\/16246"}],"wp:featuredmedia":[{"embeddable":true,"href":"http:\/\/www.laprovidenciarecoleta.cl\/inicio\/wp-json\/wp\/v2\/media\/4450"}],"wp:attachment":[{"href":"http:\/\/www.laprovidenciarecoleta.cl\/inicio\/wp-json\/wp\/v2\/media?parent=16243"}],"wp:term":[{"taxonomy":"category","embeddable":true,"href":"http:\/\/www.laprovidenciarecoleta.cl\/inicio\/wp-json\/wp\/v2\/categories?post=16243"},{"taxonomy":"post_tag","embeddable":true,"href":"http:\/\/www.laprovidenciarecoleta.cl\/inicio\/wp-json\/wp\/v2\/tags?post=16243"}],"curies":[{"name":"wp","href":"https:\/\/api.w.org\/{rel}","templated":true}]}}