{"id":16219,"date":"2026-03-10T08:58:29","date_gmt":"2026-03-10T11:58:29","guid":{"rendered":"https:\/\/www.laprovidenciarecoleta.cl\/inicio\/?p=16219"},"modified":"2026-03-11T09:18:51","modified_gmt":"2026-03-11T12:18:51","slug":"conmemoramos-el-dia-internacional-de-la-mujer-con-el-acto-derechos-y-justicia-para-todas","status":"publish","type":"post","link":"http:\/\/www.laprovidenciarecoleta.cl\/inicio\/conmemoramos-el-dia-internacional-de-la-mujer-con-el-acto-derechos-y-justicia-para-todas\/","title":{"rendered":"Conmemoramos el D\u00eda Internacional de la Mujer con el Acto &#8220;Derechos y Justicia para Todas&#8221;"},"content":{"rendered":"<p><span style=\"font-weight: 400;\">En una jornada marcada por la reflexi\u00f3n y el reconocimiento, la Comunidad San Jos\u00e9 llev\u00f3 a cabo el acto conmemorativo del <\/span><b>D\u00eda Internacional de la Mujer 2026<\/b><span style=\"font-weight: 400;\">. Bajo el lema <\/span><b>&#8220;Derechos y Justicia para Todas&#8221;<\/b><span style=\"font-weight: 400;\"> , la ceremonia organizada por el Centro de Estudiantes y el cuerpo docente busc\u00f3 transformar esta fecha en un espacio para pensar la justicia y recordar que los derechos actuales son una conquista que debe ser protegida.<\/span><\/p>\n<p><span style=\"font-weight: 400;\">Uno de los momentos m\u00e1s significativos fue la presentaci\u00f3n de las <\/span><b>&#8220;L\u00edderes de Nuestra Tierra&#8221;<\/b><span style=\"font-weight: 400;\"> y las <\/span><b>&#8220;Valientes del Siglo XXI&#8221;<\/b><span style=\"font-weight: 400;\">. En estas secciones, diversas <\/span><b>profesoras de la instituci\u00f3n personificaron<\/b><span style=\"font-weight: 400;\"> a figuras fundamentales que han abierto caminos hacia la igualdad. Entre las representaciones nacionales se destac\u00f3 el legado de:<\/span><\/p>\n<ul>\n<li style=\"font-weight: 400;\" aria-level=\"1\"><b>Elo\u00edsa D\u00edaz<\/b><span style=\"font-weight: 400;\">: Primera m\u00e9dica de Chile.<\/span><\/li>\n<li style=\"font-weight: 400;\" aria-level=\"1\"><b>Gabriela Mistral<\/b><span style=\"font-weight: 400;\">: Premio Nobel de Literatura.<\/span><\/li>\n<li style=\"font-weight: 400;\" aria-level=\"1\"><b>Amanda Labarca<\/b><span style=\"font-weight: 400;\">: Impulsora del derecho a la educaci\u00f3n universitaria.<\/span><\/li>\n<li style=\"font-weight: 400;\" aria-level=\"1\"><b>Elena Caffarena y Flor Heredia<\/b><span style=\"font-weight: 400;\">: Pioneras del sufragio femenino.<\/span><\/li>\n<li style=\"font-weight: 400;\" aria-level=\"1\"><b>Violeta Parra<\/b><span style=\"font-weight: 400;\">: Referente del arte y la cultura popular.<\/span><\/li>\n<li style=\"font-weight: 400;\" aria-level=\"1\"><b>Michelle Bachelet<\/b><span style=\"font-weight: 400;\">: Primera mujer Presidenta de Chile.<\/span><\/li>\n<\/ul>\n<p><span style=\"font-weight: 400;\">Asimismo, se rindi\u00f3 homenaje a la valent\u00eda joven a trav\u00e9s de las figuras internacionales de <\/span><b>Malala Yousafzai<\/b><span style=\"font-weight: 400;\">, defensora de la educaci\u00f3n; <\/span><b>Nadia Murad<\/b><span style=\"font-weight: 400;\">, activista contra la violencia en guerras; y <\/span><b>Greta Thunberg<\/b><span style=\"font-weight: 400;\">, quien desde los 15 a\u00f1os ha exigido leyes para proteger el planeta, recordando que no hay justicia posible sin un futuro ambiental seguro.<\/span><\/p>\n<p><span style=\"font-weight: 400;\">El acto tambi\u00e9n incluy\u00f3 un espacio solemne para la <\/span><b>rese\u00f1a de la Madre Bernarda Mor\u00edn<\/b><span style=\"font-weight: 400;\"> , fundadora cuyo ejemplo de servicio sigue siendo el motor de la comunidad. Como parte del tributo, la profesora <\/span><b>Valeska Souza declam\u00f3 un soneto de su autor\u00eda<\/b><span style=\"font-weight: 400;\">, reforzando el mensaje de esperanza y dignidad. La jornada concluy\u00f3 con un llamado a estudiantes y trabajadores a caminar juntos por un futuro donde el g\u00e9nero no dicte l\u00edmites, bajo el lema institucional: <\/span><b>\u201cAprender con Fe, Esperanza y Amor\u201d<\/b><span style=\"font-weight: 400;\">.<\/span><\/p>\n<p>&nbsp;<\/p>\n<p style=\"text-align: center;\">profesora Josefina Artasa<\/p>\n<p style=\"text-align: center;\">Coordinadora Centro Estudiantil<\/p>\n<p><a href=\"http:\/\/www.laprovidenciarecoleta.cl\/inicio\/wp-content\/uploads\/2026\/03\/20260309_095806-scaled.jpg\"><img loading=\"lazy\" decoding=\"async\" class=\"aligncenter size-large wp-image-16221\" src=\"http:\/\/www.laprovidenciarecoleta.cl\/inicio\/wp-content\/uploads\/2026\/03\/20260309_095806-scaled-1024x478.jpg\" alt=\"\" width=\"1024\" height=\"478\" srcset=\"http:\/\/www.laprovidenciarecoleta.cl\/inicio\/wp-content\/uploads\/2026\/03\/20260309_095806-scaled-1024x478.jpg 1024w, http:\/\/www.laprovidenciarecoleta.cl\/inicio\/wp-content\/uploads\/2026\/03\/20260309_095806-scaled-300x140.jpg 300w\" sizes=\"(max-width: 1024px) 100vw, 1024px\" \/><\/a> <a href=\"http:\/\/www.laprovidenciarecoleta.cl\/inicio\/wp-content\/uploads\/2026\/03\/20260309_095657-scaled.jpg\"><img loading=\"lazy\" decoding=\"async\" class=\"aligncenter size-large wp-image-16222\" src=\"http:\/\/www.laprovidenciarecoleta.cl\/inicio\/wp-content\/uploads\/2026\/03\/20260309_095657-scaled-1024x478.jpg\" alt=\"\" width=\"1024\" height=\"478\" srcset=\"http:\/\/www.laprovidenciarecoleta.cl\/inicio\/wp-content\/uploads\/2026\/03\/20260309_095657-scaled-1024x478.jpg 1024w, http:\/\/www.laprovidenciarecoleta.cl\/inicio\/wp-content\/uploads\/2026\/03\/20260309_095657-scaled-300x140.jpg 300w\" sizes=\"(max-width: 1024px) 100vw, 1024px\" \/><\/a><\/p>\n<p>Soneto para Madre Bernarda<\/p>\n<p style=\"text-align: center;\">En el valle feudal de lluvias y campanario<br \/>\nLleg\u00f3 madre Bernarda con mirada fehaciente,<br \/>\nque trajo en sus dos manos simplemente<br \/>\nla que transforma al mundo en solidario.<\/p>\n<p style=\"text-align: center;\">Fund\u00f3 el hogar, el hospital y el santuario<br \/>\nDonde vio el dolor fecund\u00f3 pan suficiente;<br \/>\ny alz\u00f3 su tono \u2014muy tranquila y persistente\u2014<br \/>\ncontra el sino obtuso y secundario.<\/p>\n<p style=\"text-align: center;\">Porque fue una mujer en r\u00edos y piedras silentes<br \/>\nfue llama inagotable, caudal que no cede,<br \/>\ntejiendo dignidad contra la miseria.<\/p>\n<p style=\"text-align: center;\">Hoy, ocho de marzo, el tiempo se mueve<br \/>\nQue en cada batalla viva su presencia:<br \/>\nBernarda es toda una mujer que se atreve.<\/p>\n<p>&nbsp;<\/p>\n<p style=\"text-align: center;\">Realizado por Valeska Souza,encargada CRA<\/p>\n","protected":false},"excerpt":{"rendered":"<p>En una jornada marcada por la reflexi\u00f3n y el reconocimiento, la Comunidad San Jos\u00e9 llev\u00f3 a cabo el acto conmemorativo del D\u00eda Internacional de la Mujer 2026. Bajo el lema &#8220;Derechos y Justicia para Todas&#8221; , la ceremonia organizada por el Centro de Estudiantes y el cuerpo docente busc\u00f3 transformar esta fecha en un espacio para pensar la justicia y&nbsp;<a href=\"http:\/\/www.laprovidenciarecoleta.cl\/inicio\/conmemoramos-el-dia-internacional-de-la-mujer-con-el-acto-derechos-y-justicia-para-todas\/\">&hellip;<\/a><\/p>\n","protected":false},"author":6,"featured_media":16220,"comment_status":"closed","ping_status":"closed","sticky":false,"template":"","format":"standard","meta":{"footnotes":""},"categories":[16],"tags":[],"_links":{"self":[{"href":"http:\/\/www.laprovidenciarecoleta.cl\/inicio\/wp-json\/wp\/v2\/posts\/16219"}],"collection":[{"href":"http:\/\/www.laprovidenciarecoleta.cl\/inicio\/wp-json\/wp\/v2\/posts"}],"about":[{"href":"http:\/\/www.laprovidenciarecoleta.cl\/inicio\/wp-json\/wp\/v2\/types\/post"}],"author":[{"embeddable":true,"href":"http:\/\/www.laprovidenciarecoleta.cl\/inicio\/wp-json\/wp\/v2\/users\/6"}],"replies":[{"embeddable":true,"href":"http:\/\/www.laprovidenciarecoleta.cl\/inicio\/wp-json\/wp\/v2\/comments?post=16219"}],"version-history":[{"count":3,"href":"http:\/\/www.laprovidenciarecoleta.cl\/inicio\/wp-json\/wp\/v2\/posts\/16219\/revisions"}],"predecessor-version":[{"id":16225,"href":"http:\/\/www.laprovidenciarecoleta.cl\/inicio\/wp-json\/wp\/v2\/posts\/16219\/revisions\/16225"}],"wp:featuredmedia":[{"embeddable":true,"href":"http:\/\/www.laprovidenciarecoleta.cl\/inicio\/wp-json\/wp\/v2\/media\/16220"}],"wp:attachment":[{"href":"http:\/\/www.laprovidenciarecoleta.cl\/inicio\/wp-json\/wp\/v2\/media?parent=16219"}],"wp:term":[{"taxonomy":"category","embeddable":true,"href":"http:\/\/www.laprovidenciarecoleta.cl\/inicio\/wp-json\/wp\/v2\/categories?post=16219"},{"taxonomy":"post_tag","embeddable":true,"href":"http:\/\/www.laprovidenciarecoleta.cl\/inicio\/wp-json\/wp\/v2\/tags?post=16219"}],"curies":[{"name":"wp","href":"https:\/\/api.w.org\/{rel}","templated":true}]}}