{"id":16207,"date":"2026-01-20T20:40:10","date_gmt":"2026-01-20T23:40:10","guid":{"rendered":"https:\/\/www.laprovidenciarecoleta.cl\/inicio\/?p=16207"},"modified":"2026-01-20T20:40:10","modified_gmt":"2026-01-20T23:40:10","slug":"campana-solidaria-para-apoyar-a-familias-damnificadas-por-los-incendios","status":"publish","type":"post","link":"http:\/\/www.laprovidenciarecoleta.cl\/inicio\/campana-solidaria-para-apoyar-a-familias-damnificadas-por-los-incendios\/","title":{"rendered":"Campa\u00f1a Solidaria para apoyar a familias damnificadas por los incendios"},"content":{"rendered":"<p data-path-to-node=\"3\">Ante la grave emergencia desatada por los recientes incendios en la zona sur, el Colegio Providencia Concepci\u00f3n ha comunicado con profundo pesar una dolorosa realidad: once familias de su comunidad educativa lo han perdido todo.<\/p>\n<p data-path-to-node=\"3\">Frente a esta situaci\u00f3n, y movidos por el esp\u00edritu de unidad, solidaridad y fraternidad que caracteriza a la familia Providencia, se ha activado una<strong> campa\u00f1a de ayuda inmediata<\/strong>. Para canalizar la colaboraci\u00f3n de manera eficiente, se ha habilitado una cuenta bancaria institucional. Esta v\u00eda permitir\u00e1 adquirir insumos de primera necesidad, respondiendo as\u00ed con rapidez a las urgencias del momento.<\/p>\n<p data-path-to-node=\"5\">Asimismo, la Congregaci\u00f3n proyecta que los fondos recaudados permitan dar el puntapi\u00e9 inicial a la construcci\u00f3n de viviendas progresivas.\u00a0 Recordamos que en el a\u00f1o 2014, gracias a la inmensa generosidad y compromiso de muchos,\u00a0 tras el incendio de Valpara\u00edso, fue posible levantar 36 viviendas.\u00a0 Hoy, confiamos en repetir esa gesta solidaria.<\/p>\n<p>Invitamos a nuestros padres, apoderados y funcionarios,\u00a0 a sumarse a esta campa\u00f1a y agradecemos de coraz\u00f3n sus oraciones y su generosidad. Unidos en la Providencia, lograremos ayudar a los que lo necesitan ahora.<\/p>\n<p>&nbsp;<\/p>\n<p style=\"text-align: center;\">Los datos para transferencia son:<\/p>\n<p style=\"text-align: center;\">Cuenta\u00a0 corriente N.\u00ba 000-52120-05<br \/>\nBanco de Chile<br \/>\nA nombre de: Congregaci\u00f3n Hermanas de la Providencia<br \/>\nRUT 81.374.800-2<br \/>\nEnviar comprobante de transferencia al email: pbazan@providenciasp.cl<\/p>\n<p>&nbsp;<\/p>\n<p><a href=\"http:\/\/www.laprovidenciarecoleta.cl\/inicio\/wp-content\/uploads\/2026\/01\/Como-Familia-Providencia-nos-unimos-para-ayudar.png\"><img loading=\"lazy\" decoding=\"async\" class=\"aligncenter size-large wp-image-16209\" src=\"http:\/\/www.laprovidenciarecoleta.cl\/inicio\/wp-content\/uploads\/2026\/01\/Como-Familia-Providencia-nos-unimos-para-ayudar-682x1024.png\" alt=\"\" width=\"682\" height=\"1024\" srcset=\"http:\/\/www.laprovidenciarecoleta.cl\/inicio\/wp-content\/uploads\/2026\/01\/Como-Familia-Providencia-nos-unimos-para-ayudar-682x1024.png 682w, http:\/\/www.laprovidenciarecoleta.cl\/inicio\/wp-content\/uploads\/2026\/01\/Como-Familia-Providencia-nos-unimos-para-ayudar-200x300.png 200w, http:\/\/www.laprovidenciarecoleta.cl\/inicio\/wp-content\/uploads\/2026\/01\/Como-Familia-Providencia-nos-unimos-para-ayudar.png 1476w\" sizes=\"(max-width: 682px) 100vw, 682px\" \/><\/a><\/p>\n<p>&nbsp;<\/p>\n<p>&nbsp;<\/p>\n<p>&nbsp;<\/p>\n","protected":false},"excerpt":{"rendered":"<p>Ante la grave emergencia desatada por los recientes incendios en la zona sur, el Colegio Providencia Concepci\u00f3n ha comunicado con profundo pesar una dolorosa realidad: once familias de su comunidad educativa lo han perdido todo. Frente a esta situaci\u00f3n, y movidos por el esp\u00edritu de unidad, solidaridad y fraternidad que caracteriza a la familia Providencia, se ha activado una campa\u00f1a&nbsp;<a href=\"http:\/\/www.laprovidenciarecoleta.cl\/inicio\/campana-solidaria-para-apoyar-a-familias-damnificadas-por-los-incendios\/\">&hellip;<\/a><\/p>\n","protected":false},"author":6,"featured_media":16208,"comment_status":"closed","ping_status":"closed","sticky":false,"template":"","format":"standard","meta":{"footnotes":""},"categories":[113],"tags":[],"_links":{"self":[{"href":"http:\/\/www.laprovidenciarecoleta.cl\/inicio\/wp-json\/wp\/v2\/posts\/16207"}],"collection":[{"href":"http:\/\/www.laprovidenciarecoleta.cl\/inicio\/wp-json\/wp\/v2\/posts"}],"about":[{"href":"http:\/\/www.laprovidenciarecoleta.cl\/inicio\/wp-json\/wp\/v2\/types\/post"}],"author":[{"embeddable":true,"href":"http:\/\/www.laprovidenciarecoleta.cl\/inicio\/wp-json\/wp\/v2\/users\/6"}],"replies":[{"embeddable":true,"href":"http:\/\/www.laprovidenciarecoleta.cl\/inicio\/wp-json\/wp\/v2\/comments?post=16207"}],"version-history":[{"count":2,"href":"http:\/\/www.laprovidenciarecoleta.cl\/inicio\/wp-json\/wp\/v2\/posts\/16207\/revisions"}],"predecessor-version":[{"id":16211,"href":"http:\/\/www.laprovidenciarecoleta.cl\/inicio\/wp-json\/wp\/v2\/posts\/16207\/revisions\/16211"}],"wp:featuredmedia":[{"embeddable":true,"href":"http:\/\/www.laprovidenciarecoleta.cl\/inicio\/wp-json\/wp\/v2\/media\/16208"}],"wp:attachment":[{"href":"http:\/\/www.laprovidenciarecoleta.cl\/inicio\/wp-json\/wp\/v2\/media?parent=16207"}],"wp:term":[{"taxonomy":"category","embeddable":true,"href":"http:\/\/www.laprovidenciarecoleta.cl\/inicio\/wp-json\/wp\/v2\/categories?post=16207"},{"taxonomy":"post_tag","embeddable":true,"href":"http:\/\/www.laprovidenciarecoleta.cl\/inicio\/wp-json\/wp\/v2\/tags?post=16207"}],"curies":[{"name":"wp","href":"https:\/\/api.w.org\/{rel}","templated":true}]}}