{"id":16161,"date":"2025-12-12T13:44:54","date_gmt":"2025-12-12T16:44:54","guid":{"rendered":"https:\/\/www.laprovidenciarecoleta.cl\/inicio\/?p=16161"},"modified":"2025-12-12T13:44:54","modified_gmt":"2025-12-12T16:44:54","slug":"citacion-a-reunion-equipo-pie","status":"publish","type":"post","link":"http:\/\/www.laprovidenciarecoleta.cl\/inicio\/citacion-a-reunion-equipo-pie\/","title":{"rendered":"Citaci\u00f3n a Reuni\u00f3n Equipo PIE"},"content":{"rendered":"<p style=\"font-weight: 400;\">Estimado\/a apoderado\/a:<\/p>\n<p style=\"font-weight: 400;\">Junto con saludar cordialmente, y esperando que se encuentren muy bien, nos dirigimos a ustedes para invitarles a la<strong> reuni\u00f3n de cierre del a\u00f1o escolar de nuestro Programa de Integraci\u00f3n Escolar (PIE).<\/strong><\/p>\n<p style=\"font-weight: 400;\">Su rol es fundamental en el proceso educativo de sus hijos e hijas. Esta instancia nos permitir\u00e1 compartir los avances logrados durante el a\u00f1o a trav\u00e9s de la entrega de los informes a la familia, de los diferentes profesionales que apoyan a los estudiantes seg\u00fan NEE que presentan, revisar los principales desaf\u00edos y proyectar el trabajo para el pr\u00f3ximo periodo acad\u00e9mico.<\/p>\n<p style=\"font-weight: 400;\">Los detalles de la reuni\u00f3n son los siguientes:<\/p>\n<ul style=\"font-weight: 400;\">\n<li><strong>Fecha:<\/strong>\u00a0Martes 16 de diciembre de 2025<\/li>\n<li><strong>Hora:<\/strong>\u00a0 16:00 hrs.<\/li>\n<li><strong>Lugar:<\/strong>\u00a0Casino Escuela San Jos\u00e9 de la Providencia<\/li>\n<li><strong>Dirigido a:<\/strong>\u00a0Apoderados\/as de estudiantes que participan del PIE.<\/li>\n<\/ul>\n<p style=\"font-weight: 400;\"><strong>Temas a tratar :<\/strong><\/p>\n<ol style=\"font-weight: 400;\">\n<li>Logros y progreso de los estudiantes en el marco del PIE.<\/li>\n<li>Proyecciones y planificaci\u00f3n para el a\u00f1o 2026.<\/li>\n<li>Ronda de preguntas y cierre.<\/li>\n<\/ol>\n<p style=\"font-weight: 400;\">Agradecer\u00edamos enormemente contar con su presencia para finalizar este ciclo de manera colaborativa.<\/p>\n<p style=\"font-weight: 400;\">Su participaci\u00f3n es vital para el \u00e9xito continuo del programa.<\/p>\n<p style=\"font-weight: 400;\">Saludos cordiales<\/p>\n<p style=\"font-weight: 400; text-align: center;\">Equipo PIE<\/p>\n","protected":false},"excerpt":{"rendered":"<p>Estimado\/a apoderado\/a: Junto con saludar cordialmente, y esperando que se encuentren muy bien, nos dirigimos a ustedes para invitarles a la reuni\u00f3n de cierre del a\u00f1o escolar de nuestro Programa de Integraci\u00f3n Escolar (PIE). Su rol es fundamental en el proceso educativo de sus hijos e hijas. Esta instancia nos permitir\u00e1 compartir los avances logrados durante el a\u00f1o a trav\u00e9s&nbsp;<a href=\"http:\/\/www.laprovidenciarecoleta.cl\/inicio\/citacion-a-reunion-equipo-pie\/\">&hellip;<\/a><\/p>\n","protected":false},"author":6,"featured_media":4450,"comment_status":"closed","ping_status":"closed","sticky":false,"template":"","format":"standard","meta":{"footnotes":""},"categories":[113],"tags":[],"_links":{"self":[{"href":"http:\/\/www.laprovidenciarecoleta.cl\/inicio\/wp-json\/wp\/v2\/posts\/16161"}],"collection":[{"href":"http:\/\/www.laprovidenciarecoleta.cl\/inicio\/wp-json\/wp\/v2\/posts"}],"about":[{"href":"http:\/\/www.laprovidenciarecoleta.cl\/inicio\/wp-json\/wp\/v2\/types\/post"}],"author":[{"embeddable":true,"href":"http:\/\/www.laprovidenciarecoleta.cl\/inicio\/wp-json\/wp\/v2\/users\/6"}],"replies":[{"embeddable":true,"href":"http:\/\/www.laprovidenciarecoleta.cl\/inicio\/wp-json\/wp\/v2\/comments?post=16161"}],"version-history":[{"count":1,"href":"http:\/\/www.laprovidenciarecoleta.cl\/inicio\/wp-json\/wp\/v2\/posts\/16161\/revisions"}],"predecessor-version":[{"id":16162,"href":"http:\/\/www.laprovidenciarecoleta.cl\/inicio\/wp-json\/wp\/v2\/posts\/16161\/revisions\/16162"}],"wp:featuredmedia":[{"embeddable":true,"href":"http:\/\/www.laprovidenciarecoleta.cl\/inicio\/wp-json\/wp\/v2\/media\/4450"}],"wp:attachment":[{"href":"http:\/\/www.laprovidenciarecoleta.cl\/inicio\/wp-json\/wp\/v2\/media?parent=16161"}],"wp:term":[{"taxonomy":"category","embeddable":true,"href":"http:\/\/www.laprovidenciarecoleta.cl\/inicio\/wp-json\/wp\/v2\/categories?post=16161"},{"taxonomy":"post_tag","embeddable":true,"href":"http:\/\/www.laprovidenciarecoleta.cl\/inicio\/wp-json\/wp\/v2\/tags?post=16161"}],"curies":[{"name":"wp","href":"https:\/\/api.w.org\/{rel}","templated":true}]}}