{"id":16157,"date":"2025-12-12T13:39:47","date_gmt":"2025-12-12T16:39:47","guid":{"rendered":"https:\/\/www.laprovidenciarecoleta.cl\/inicio\/?p=16157"},"modified":"2025-12-12T13:39:47","modified_gmt":"2025-12-12T16:39:47","slug":"kinder-2025","status":"publish","type":"post","link":"http:\/\/www.laprovidenciarecoleta.cl\/inicio\/kinder-2025\/","title":{"rendered":"Kinder 2025"},"content":{"rendered":"<p>Con mucha alegr\u00eda compartimos el <a href=\"https:\/\/drive.google.com\/file\/d\/1pNQBdKKReu66zRhOx6P34ItFBxsakNxO\/view?usp=sharing\" target=\"_blank\" rel=\"noopener\">video<\/a> de despedida de nuestro Kinder, un recuerdo que celebra el crecimiento, aprendizaje y cari\u00f1o construido durante este a\u00f1o. A trav\u00e9s de estas im\u00e1genes vemos a nuestros ni\u00f1os y ni\u00f1as cerrar una etapa importante, llenos de entusiasmo por los nuevos desaf\u00edos que los esperan. Agradecemos el compromiso de las familias y les deseamos unas muy felices fiestas de fin de a\u00f1o.<\/p>\n<p style=\"text-align: center;\">Les saluda atentamente ,<\/p>\n<p style=\"text-align: center;\">Equipo Kinder.<\/p>\n<p>&nbsp;<\/p>\n<p><a href=\"https:\/\/youtu.be\/-cVxwPntEVo?si=3yrxhWnh5z4GE4jx\" target=\"_blank\" rel=\"noopener\">Video Kinder 2025<\/a><\/p>\n<p>&nbsp;<\/p>\n","protected":false},"excerpt":{"rendered":"<p>Con mucha alegr\u00eda compartimos el video de despedida de nuestro Kinder, un recuerdo que celebra el crecimiento, aprendizaje y cari\u00f1o construido durante este a\u00f1o. A trav\u00e9s de estas im\u00e1genes vemos a nuestros ni\u00f1os y ni\u00f1as cerrar una etapa importante, llenos de entusiasmo por los nuevos desaf\u00edos que los esperan. Agradecemos el compromiso de las familias y les deseamos unas muy&nbsp;<a href=\"http:\/\/www.laprovidenciarecoleta.cl\/inicio\/kinder-2025\/\">&hellip;<\/a><\/p>\n","protected":false},"author":6,"featured_media":4450,"comment_status":"closed","ping_status":"closed","sticky":false,"template":"","format":"standard","meta":{"footnotes":""},"categories":[113],"tags":[],"_links":{"self":[{"href":"http:\/\/www.laprovidenciarecoleta.cl\/inicio\/wp-json\/wp\/v2\/posts\/16157"}],"collection":[{"href":"http:\/\/www.laprovidenciarecoleta.cl\/inicio\/wp-json\/wp\/v2\/posts"}],"about":[{"href":"http:\/\/www.laprovidenciarecoleta.cl\/inicio\/wp-json\/wp\/v2\/types\/post"}],"author":[{"embeddable":true,"href":"http:\/\/www.laprovidenciarecoleta.cl\/inicio\/wp-json\/wp\/v2\/users\/6"}],"replies":[{"embeddable":true,"href":"http:\/\/www.laprovidenciarecoleta.cl\/inicio\/wp-json\/wp\/v2\/comments?post=16157"}],"version-history":[{"count":2,"href":"http:\/\/www.laprovidenciarecoleta.cl\/inicio\/wp-json\/wp\/v2\/posts\/16157\/revisions"}],"predecessor-version":[{"id":16160,"href":"http:\/\/www.laprovidenciarecoleta.cl\/inicio\/wp-json\/wp\/v2\/posts\/16157\/revisions\/16160"}],"wp:featuredmedia":[{"embeddable":true,"href":"http:\/\/www.laprovidenciarecoleta.cl\/inicio\/wp-json\/wp\/v2\/media\/4450"}],"wp:attachment":[{"href":"http:\/\/www.laprovidenciarecoleta.cl\/inicio\/wp-json\/wp\/v2\/media?parent=16157"}],"wp:term":[{"taxonomy":"category","embeddable":true,"href":"http:\/\/www.laprovidenciarecoleta.cl\/inicio\/wp-json\/wp\/v2\/categories?post=16157"},{"taxonomy":"post_tag","embeddable":true,"href":"http:\/\/www.laprovidenciarecoleta.cl\/inicio\/wp-json\/wp\/v2\/tags?post=16157"}],"curies":[{"name":"wp","href":"https:\/\/api.w.org\/{rel}","templated":true}]}}