{"id":16136,"date":"2025-12-10T21:14:34","date_gmt":"2025-12-11T00:14:34","guid":{"rendered":"https:\/\/www.laprovidenciarecoleta.cl\/inicio\/?p=16136"},"modified":"2025-12-11T21:33:32","modified_gmt":"2025-12-12T00:33:32","slug":"centro-de-padres-sorprende-a-la-comunidad-escolar-con-una-entretenida-manana-recreativa","status":"publish","type":"post","link":"http:\/\/www.laprovidenciarecoleta.cl\/inicio\/centro-de-padres-sorprende-a-la-comunidad-escolar-con-una-entretenida-manana-recreativa\/","title":{"rendered":"Centro de Padres sorprende a la comunidad escolar con una entretenida ma\u00f1ana recreativa"},"content":{"rendered":"<p data-path-to-node=\"4\">Gracias a una iniciativa organizada por el <b>Centro de Padres,<\/b> con el objetivo de brindar a los estudiantes\u00a0 un cierre de a\u00f1o memorable, el mi\u00e9rcoles 10 de diciembre, se llev\u00f3 a cabo una gran ma\u00f1ana recreativa que rompi\u00f3 con la rutina escolar.<\/p>\n<p data-path-to-node=\"5\">Desde temprano, los estudiantes fueron sorprendidos con un despliegue de actividades pensadas para sus intereses. El patio se llen\u00f3 de color con <b>juegos inflables<\/b> gigantes, mientras que los fan\u00e1ticos de la tecnolog\u00eda pudieron disfrutar de una zona de <b>videojuegos<\/b>, generando gran aceptaci\u00f3n entre los m\u00e1s grandes.<\/p>\n<p data-path-to-node=\"6\">Otro de los puntos de inter\u00e9s de la jornada fue la instalaci\u00f3n de una <b>c\u00e1mara 360<\/b>, la cual se convirti\u00f3 en la atracci\u00f3n favorita de ni\u00f1os y ni\u00f1as.<\/p>\n<p data-path-to-node=\"8\">Para finalizar la actividad con la energ\u00eda al m\u00e1ximo, la jornada concluy\u00f3 con la presentaci\u00f3n sorpresa de una <b>batucada,\u00a0 <\/b>ideada especialmente para la interacci\u00f3n de los octavos b\u00e1sicos.\u00a0 El retumbar de los tambores y el ritmo contagioso invitaron a profesores y j\u00f3venes a bailar y celebrar, creando un ambiente festivo y emotivo para cerrar este ciclo escolar y despedir a la generaci\u00f3n de octavo\u00a0 A y B 2025.<\/p>\n<p data-path-to-node=\"9\">Esta iniciativa del Centro de Padres no solo busc\u00f3 entretener a toda la comunidad, sino tambi\u00e9n fortalecer los lazos de pertenencia y generar un recuerdo imborrable para los estudiantes que hoy comienzan a despedirse de su ense\u00f1anza b\u00e1sica.<\/p>\n\n\t\t<style type=\"text\/css\">\n\t\t\t#gallery-1 {\n\t\t\t\tmargin: auto;\n\t\t\t}\n\t\t\t#gallery-1 .gallery-item {\n\t\t\t\tfloat: left;\n\t\t\t\tmargin-top: 10px;\n\t\t\t\ttext-align: center;\n\t\t\t\twidth: 100%;\n\t\t\t}\n\t\t\t#gallery-1 img {\n\t\t\t\tborder: 2px solid #cfcfcf;\n\t\t\t}\n\t\t\t#gallery-1 .gallery-caption {\n\t\t\t\tmargin-left: 0;\n\t\t\t}\n\t\t\t\/* see gallery_shortcode() in wp-includes\/media.php *\/\n\t\t<\/style>\n\t\t<div id='gallery-1' class='gallery galleryid-16136 gallery-columns-1 gallery-size-large'><dl class='gallery-item'>\n\t\t\t<dt class='gallery-icon landscape'>\n\t\t\t\t<a href='http:\/\/www.laprovidenciarecoleta.cl\/inicio\/wp-content\/uploads\/2025\/12\/20251210_111630-1-scaled.jpg'><img loading=\"lazy\" decoding=\"async\" width=\"1024\" height=\"478\" src=\"http:\/\/www.laprovidenciarecoleta.cl\/inicio\/wp-content\/uploads\/2025\/12\/20251210_111630-1-scaled-1024x478.jpg\" class=\"attachment-large size-large\" alt=\"\" srcset=\"http:\/\/www.laprovidenciarecoleta.cl\/inicio\/wp-content\/uploads\/2025\/12\/20251210_111630-1-scaled-1024x478.jpg 1024w, http:\/\/www.laprovidenciarecoleta.cl\/inicio\/wp-content\/uploads\/2025\/12\/20251210_111630-1-scaled-300x140.jpg 300w\" sizes=\"(max-width: 1024px) 100vw, 1024px\" \/><\/a>\n\t\t\t<\/dt><\/dl><br style=\"clear: both\" \/><dl class='gallery-item'>\n\t\t\t<dt class='gallery-icon landscape'>\n\t\t\t\t<a href='http:\/\/www.laprovidenciarecoleta.cl\/inicio\/wp-content\/uploads\/2025\/12\/20251210_111724-1-scaled.jpg'><img loading=\"lazy\" decoding=\"async\" width=\"1024\" height=\"478\" src=\"http:\/\/www.laprovidenciarecoleta.cl\/inicio\/wp-content\/uploads\/2025\/12\/20251210_111724-1-scaled-1024x478.jpg\" class=\"attachment-large size-large\" alt=\"\" srcset=\"http:\/\/www.laprovidenciarecoleta.cl\/inicio\/wp-content\/uploads\/2025\/12\/20251210_111724-1-scaled-1024x478.jpg 1024w, http:\/\/www.laprovidenciarecoleta.cl\/inicio\/wp-content\/uploads\/2025\/12\/20251210_111724-1-scaled-300x140.jpg 300w\" sizes=\"(max-width: 1024px) 100vw, 1024px\" \/><\/a>\n\t\t\t<\/dt><\/dl><br style=\"clear: both\" \/><dl class='gallery-item'>\n\t\t\t<dt class='gallery-icon landscape'>\n\t\t\t\t<a href='http:\/\/www.laprovidenciarecoleta.cl\/inicio\/wp-content\/uploads\/2025\/12\/20251210_112058-1-scaled.jpg'><img loading=\"lazy\" decoding=\"async\" width=\"1024\" height=\"478\" src=\"http:\/\/www.laprovidenciarecoleta.cl\/inicio\/wp-content\/uploads\/2025\/12\/20251210_112058-1-scaled-1024x478.jpg\" class=\"attachment-large size-large\" alt=\"\" srcset=\"http:\/\/www.laprovidenciarecoleta.cl\/inicio\/wp-content\/uploads\/2025\/12\/20251210_112058-1-scaled-1024x478.jpg 1024w, http:\/\/www.laprovidenciarecoleta.cl\/inicio\/wp-content\/uploads\/2025\/12\/20251210_112058-1-scaled-300x140.jpg 300w\" sizes=\"(max-width: 1024px) 100vw, 1024px\" \/><\/a>\n\t\t\t<\/dt><\/dl><br style=\"clear: both\" \/><dl class='gallery-item'>\n\t\t\t<dt class='gallery-icon landscape'>\n\t\t\t\t<a href='http:\/\/www.laprovidenciarecoleta.cl\/inicio\/wp-content\/uploads\/2025\/12\/20251210_112222-1-scaled.jpg'><img loading=\"lazy\" decoding=\"async\" width=\"1024\" height=\"478\" src=\"http:\/\/www.laprovidenciarecoleta.cl\/inicio\/wp-content\/uploads\/2025\/12\/20251210_112222-1-scaled-1024x478.jpg\" class=\"attachment-large size-large\" alt=\"\" srcset=\"http:\/\/www.laprovidenciarecoleta.cl\/inicio\/wp-content\/uploads\/2025\/12\/20251210_112222-1-scaled-1024x478.jpg 1024w, http:\/\/www.laprovidenciarecoleta.cl\/inicio\/wp-content\/uploads\/2025\/12\/20251210_112222-1-scaled-300x140.jpg 300w\" sizes=\"(max-width: 1024px) 100vw, 1024px\" \/><\/a>\n\t\t\t<\/dt><\/dl><br style=\"clear: both\" \/><dl class='gallery-item'>\n\t\t\t<dt class='gallery-icon landscape'>\n\t\t\t\t<a href='http:\/\/www.laprovidenciarecoleta.cl\/inicio\/wp-content\/uploads\/2025\/12\/20251210_112120-1-scaled.jpg'><img loading=\"lazy\" decoding=\"async\" width=\"1024\" height=\"478\" src=\"http:\/\/www.laprovidenciarecoleta.cl\/inicio\/wp-content\/uploads\/2025\/12\/20251210_112120-1-scaled-1024x478.jpg\" class=\"attachment-large size-large\" alt=\"\" srcset=\"http:\/\/www.laprovidenciarecoleta.cl\/inicio\/wp-content\/uploads\/2025\/12\/20251210_112120-1-scaled-1024x478.jpg 1024w, http:\/\/www.laprovidenciarecoleta.cl\/inicio\/wp-content\/uploads\/2025\/12\/20251210_112120-1-scaled-300x140.jpg 300w\" sizes=\"(max-width: 1024px) 100vw, 1024px\" \/><\/a>\n\t\t\t<\/dt><\/dl><br style=\"clear: both\" \/><dl class='gallery-item'>\n\t\t\t<dt class='gallery-icon landscape'>\n\t\t\t\t<a href='http:\/\/www.laprovidenciarecoleta.cl\/inicio\/wp-content\/uploads\/2025\/12\/20251210_112206-1-scaled.jpg'><img loading=\"lazy\" decoding=\"async\" width=\"1024\" height=\"478\" src=\"http:\/\/www.laprovidenciarecoleta.cl\/inicio\/wp-content\/uploads\/2025\/12\/20251210_112206-1-scaled-1024x478.jpg\" class=\"attachment-large size-large\" alt=\"\" srcset=\"http:\/\/www.laprovidenciarecoleta.cl\/inicio\/wp-content\/uploads\/2025\/12\/20251210_112206-1-scaled-1024x478.jpg 1024w, http:\/\/www.laprovidenciarecoleta.cl\/inicio\/wp-content\/uploads\/2025\/12\/20251210_112206-1-scaled-300x140.jpg 300w\" sizes=\"(max-width: 1024px) 100vw, 1024px\" \/><\/a>\n\t\t\t<\/dt><\/dl><br style=\"clear: both\" \/><dl class='gallery-item'>\n\t\t\t<dt class='gallery-icon landscape'>\n\t\t\t\t<a href='http:\/\/www.laprovidenciarecoleta.cl\/inicio\/wp-content\/uploads\/2025\/12\/20251210_112157-1-scaled.jpg'><img loading=\"lazy\" decoding=\"async\" width=\"1024\" height=\"478\" src=\"http:\/\/www.laprovidenciarecoleta.cl\/inicio\/wp-content\/uploads\/2025\/12\/20251210_112157-1-scaled-1024x478.jpg\" class=\"attachment-large size-large\" alt=\"\" srcset=\"http:\/\/www.laprovidenciarecoleta.cl\/inicio\/wp-content\/uploads\/2025\/12\/20251210_112157-1-scaled-1024x478.jpg 1024w, http:\/\/www.laprovidenciarecoleta.cl\/inicio\/wp-content\/uploads\/2025\/12\/20251210_112157-1-scaled-300x140.jpg 300w\" sizes=\"(max-width: 1024px) 100vw, 1024px\" \/><\/a>\n\t\t\t<\/dt><\/dl><br style=\"clear: both\" \/><dl class='gallery-item'>\n\t\t\t<dt class='gallery-icon landscape'>\n\t\t\t\t<a href='http:\/\/www.laprovidenciarecoleta.cl\/inicio\/wp-content\/uploads\/2025\/12\/20251210_123710-1-scaled.jpg'><img loading=\"lazy\" decoding=\"async\" width=\"1024\" height=\"478\" src=\"http:\/\/www.laprovidenciarecoleta.cl\/inicio\/wp-content\/uploads\/2025\/12\/20251210_123710-1-scaled-1024x478.jpg\" class=\"attachment-large size-large\" alt=\"\" srcset=\"http:\/\/www.laprovidenciarecoleta.cl\/inicio\/wp-content\/uploads\/2025\/12\/20251210_123710-1-scaled-1024x478.jpg 1024w, http:\/\/www.laprovidenciarecoleta.cl\/inicio\/wp-content\/uploads\/2025\/12\/20251210_123710-1-scaled-300x140.jpg 300w, http:\/\/www.laprovidenciarecoleta.cl\/inicio\/wp-content\/uploads\/2025\/12\/20251210_123710-1-scaled-150x70.jpg 150w\" sizes=\"(max-width: 1024px) 100vw, 1024px\" \/><\/a>\n\t\t\t<\/dt><\/dl><br style=\"clear: both\" \/><dl class='gallery-item'>\n\t\t\t<dt class='gallery-icon landscape'>\n\t\t\t\t<a href='http:\/\/www.laprovidenciarecoleta.cl\/inicio\/wp-content\/uploads\/2025\/12\/20251210_124404-1-scaled.jpg'><img loading=\"lazy\" decoding=\"async\" width=\"1024\" height=\"478\" src=\"http:\/\/www.laprovidenciarecoleta.cl\/inicio\/wp-content\/uploads\/2025\/12\/20251210_124404-1-scaled-1024x478.jpg\" class=\"attachment-large size-large\" alt=\"\" srcset=\"http:\/\/www.laprovidenciarecoleta.cl\/inicio\/wp-content\/uploads\/2025\/12\/20251210_124404-1-scaled-1024x478.jpg 1024w, http:\/\/www.laprovidenciarecoleta.cl\/inicio\/wp-content\/uploads\/2025\/12\/20251210_124404-1-scaled-300x140.jpg 300w\" sizes=\"(max-width: 1024px) 100vw, 1024px\" \/><\/a>\n\t\t\t<\/dt><\/dl><br style=\"clear: both\" \/><dl class='gallery-item'>\n\t\t\t<dt class='gallery-icon landscape'>\n\t\t\t\t<a href='http:\/\/www.laprovidenciarecoleta.cl\/inicio\/wp-content\/uploads\/2025\/12\/20251210_125015-1-scaled.jpg'><img loading=\"lazy\" decoding=\"async\" width=\"1024\" height=\"478\" src=\"http:\/\/www.laprovidenciarecoleta.cl\/inicio\/wp-content\/uploads\/2025\/12\/20251210_125015-1-scaled-1024x478.jpg\" class=\"attachment-large size-large\" alt=\"\" srcset=\"http:\/\/www.laprovidenciarecoleta.cl\/inicio\/wp-content\/uploads\/2025\/12\/20251210_125015-1-scaled-1024x478.jpg 1024w, http:\/\/www.laprovidenciarecoleta.cl\/inicio\/wp-content\/uploads\/2025\/12\/20251210_125015-1-scaled-300x140.jpg 300w\" sizes=\"(max-width: 1024px) 100vw, 1024px\" \/><\/a>\n\t\t\t<\/dt><\/dl><br style=\"clear: both\" \/><dl class='gallery-item'>\n\t\t\t<dt class='gallery-icon landscape'>\n\t\t\t\t<a href='http:\/\/www.laprovidenciarecoleta.cl\/inicio\/wp-content\/uploads\/2025\/12\/20251210_125039-1-scaled.jpg'><img loading=\"lazy\" decoding=\"async\" width=\"1024\" height=\"478\" src=\"http:\/\/www.laprovidenciarecoleta.cl\/inicio\/wp-content\/uploads\/2025\/12\/20251210_125039-1-scaled-1024x478.jpg\" class=\"attachment-large size-large\" alt=\"\" srcset=\"http:\/\/www.laprovidenciarecoleta.cl\/inicio\/wp-content\/uploads\/2025\/12\/20251210_125039-1-scaled-1024x478.jpg 1024w, http:\/\/www.laprovidenciarecoleta.cl\/inicio\/wp-content\/uploads\/2025\/12\/20251210_125039-1-scaled-300x140.jpg 300w\" sizes=\"(max-width: 1024px) 100vw, 1024px\" \/><\/a>\n\t\t\t<\/dt><\/dl><br style=\"clear: both\" \/><dl class='gallery-item'>\n\t\t\t<dt class='gallery-icon landscape'>\n\t\t\t\t<a href='http:\/\/www.laprovidenciarecoleta.cl\/inicio\/wp-content\/uploads\/2025\/12\/20251210_130254-1-scaled.jpg'><img loading=\"lazy\" decoding=\"async\" width=\"1024\" height=\"478\" src=\"http:\/\/www.laprovidenciarecoleta.cl\/inicio\/wp-content\/uploads\/2025\/12\/20251210_130254-1-scaled-1024x478.jpg\" class=\"attachment-large size-large\" alt=\"\" srcset=\"http:\/\/www.laprovidenciarecoleta.cl\/inicio\/wp-content\/uploads\/2025\/12\/20251210_130254-1-scaled-1024x478.jpg 1024w, http:\/\/www.laprovidenciarecoleta.cl\/inicio\/wp-content\/uploads\/2025\/12\/20251210_130254-1-scaled-300x140.jpg 300w\" sizes=\"(max-width: 1024px) 100vw, 1024px\" \/><\/a>\n\t\t\t<\/dt><\/dl><br style=\"clear: both\" \/><dl class='gallery-item'>\n\t\t\t<dt class='gallery-icon landscape'>\n\t\t\t\t<a href='http:\/\/www.laprovidenciarecoleta.cl\/inicio\/wp-content\/uploads\/2025\/12\/20251210_130149-1-scaled.jpg'><img loading=\"lazy\" decoding=\"async\" width=\"1024\" height=\"316\" src=\"http:\/\/www.laprovidenciarecoleta.cl\/inicio\/wp-content\/uploads\/2025\/12\/20251210_130149-1-scaled-1024x316.jpg\" class=\"attachment-large size-large\" alt=\"\" srcset=\"http:\/\/www.laprovidenciarecoleta.cl\/inicio\/wp-content\/uploads\/2025\/12\/20251210_130149-1-scaled-1024x316.jpg 1024w, http:\/\/www.laprovidenciarecoleta.cl\/inicio\/wp-content\/uploads\/2025\/12\/20251210_130149-1-scaled-300x93.jpg 300w\" sizes=\"(max-width: 1024px) 100vw, 1024px\" \/><\/a>\n\t\t\t<\/dt><\/dl><br style=\"clear: both\" \/>\n\t\t<\/div>\n\n","protected":false},"excerpt":{"rendered":"<p>Gracias a una iniciativa organizada por el Centro de Padres, con el objetivo de brindar a los estudiantes\u00a0 un cierre de a\u00f1o memorable, el mi\u00e9rcoles 10 de diciembre, se llev\u00f3 a cabo una gran ma\u00f1ana recreativa que rompi\u00f3 con la rutina escolar. Desde temprano, los estudiantes fueron sorprendidos con un despliegue de actividades pensadas para sus intereses. El patio se&nbsp;<a href=\"http:\/\/www.laprovidenciarecoleta.cl\/inicio\/centro-de-padres-sorprende-a-la-comunidad-escolar-con-una-entretenida-manana-recreativa\/\">&hellip;<\/a><\/p>\n","protected":false},"author":6,"featured_media":16144,"comment_status":"closed","ping_status":"closed","sticky":false,"template":"","format":"standard","meta":{"footnotes":""},"categories":[16],"tags":[],"_links":{"self":[{"href":"http:\/\/www.laprovidenciarecoleta.cl\/inicio\/wp-json\/wp\/v2\/posts\/16136"}],"collection":[{"href":"http:\/\/www.laprovidenciarecoleta.cl\/inicio\/wp-json\/wp\/v2\/posts"}],"about":[{"href":"http:\/\/www.laprovidenciarecoleta.cl\/inicio\/wp-json\/wp\/v2\/types\/post"}],"author":[{"embeddable":true,"href":"http:\/\/www.laprovidenciarecoleta.cl\/inicio\/wp-json\/wp\/v2\/users\/6"}],"replies":[{"embeddable":true,"href":"http:\/\/www.laprovidenciarecoleta.cl\/inicio\/wp-json\/wp\/v2\/comments?post=16136"}],"version-history":[{"count":5,"href":"http:\/\/www.laprovidenciarecoleta.cl\/inicio\/wp-json\/wp\/v2\/posts\/16136\/revisions"}],"predecessor-version":[{"id":16156,"href":"http:\/\/www.laprovidenciarecoleta.cl\/inicio\/wp-json\/wp\/v2\/posts\/16136\/revisions\/16156"}],"wp:featuredmedia":[{"embeddable":true,"href":"http:\/\/www.laprovidenciarecoleta.cl\/inicio\/wp-json\/wp\/v2\/media\/16144"}],"wp:attachment":[{"href":"http:\/\/www.laprovidenciarecoleta.cl\/inicio\/wp-json\/wp\/v2\/media?parent=16136"}],"wp:term":[{"taxonomy":"category","embeddable":true,"href":"http:\/\/www.laprovidenciarecoleta.cl\/inicio\/wp-json\/wp\/v2\/categories?post=16136"},{"taxonomy":"post_tag","embeddable":true,"href":"http:\/\/www.laprovidenciarecoleta.cl\/inicio\/wp-json\/wp\/v2\/tags?post=16136"}],"curies":[{"name":"wp","href":"https:\/\/api.w.org\/{rel}","templated":true}]}}