{"id":15846,"date":"2025-09-01T17:12:51","date_gmt":"2025-09-01T21:12:51","guid":{"rendered":"https:\/\/www.laprovidenciarecoleta.cl\/inicio\/?p=15846"},"modified":"2025-09-02T09:07:58","modified_gmt":"2025-09-02T13:07:58","slug":"mes-de-la-providencia-2025-un-mes-de-reflexion-y-comunidad","status":"publish","type":"post","link":"http:\/\/www.laprovidenciarecoleta.cl\/inicio\/mes-de-la-providencia-2025-un-mes-de-reflexion-y-comunidad\/","title":{"rendered":"Mes de la Providencia 2025: Un Mes de Reflexi\u00f3n y Comunidad"},"content":{"rendered":"<p>Agosto fue un mes de reflexi\u00f3n, celebraci\u00f3n y solidaridad en nuestra escuela, marcado por las actividades del Mes de la Providencia, cuyo lema fue &#8220;Anim\u00e9monos en el camino del bien&#8221;.<\/p>\n<p>El objetivo de las actividades planificadas fue Celebrar en comunidad el Mes de la Providencia, destacando la vida y obra de Madre Bernarda Morin, a trav\u00e9s de acciones que promueven la caridad compasiva y el desarrollo de talentos personales y grupales.<\/p>\n<p>Las actividades comenzaron el viernes 1 de agosto con una Liturgia de Inicio del Mes de la Providencia en la capilla de la escuela. Posteriormente, del 4 al 8 de agosto, cada curso decor\u00f3 las fachadas de sus salas con frases e im\u00e1genes alusivas al lema del mes, dando a conocer la vida y obra de la Madre Bernarda Morin.<\/p>\n<p>Una de las actividades m\u00e1s destacadas fue la campa\u00f1a solidaria, que se llev\u00f3 a cabo del 11 al 22 de agosto. Estudiantes, padres y apoderados, junto con sus profesores, organizaron acciones solidarias para beneficiar a instituciones cercanas a la escuela.<\/p>\n<p>El mi\u00e9rcoles 20 de agosto, toda la comunidad educativa se reuni\u00f3 en el gimnasio para la Eucarist\u00eda celebrada por el padre Maximiliano Parra en honor al onom\u00e1stico de la Madre Bernarda Morin.<\/p>\n<p>Las celebraciones continuaron con un Taller para el Personal el martes 26 de agosto, en el que participaron docentes, asistentes de la educaci\u00f3n y personal administrativo, quienes reflexionaron en torno al legado de las tres grandes mujeres providencia: madre Emilia, madre Joseph y madre Bernarda.<\/p>\n<p>El talento art\u00edstico de la comunidad escolar brill\u00f3 el jueves 28 de agosto en el Show de Talentos Providencia. Cada curso present\u00f3 un n\u00famero art\u00edstico, y algunos incluyeron la participaci\u00f3n de los apoderados. Para cerrar el mes, el viernes 29 de agosto los cursos celebraron un desayuno saludable en sus respectivas salas de clases.<\/p>\n<p>Adem\u00e1s de estas actividades, el esp\u00edritu deportivo estuvo presente con partidos amistosos de f\u00fatbol entre los estudiantes de octavo b\u00e1sico y los profesores los mi\u00e9rcoles 6 y 27 de agosto. Todas las actividades contribuyeron a un mes lleno de comunidad, reflexi\u00f3n y solidaridad.<\/p>\n<p>&nbsp;<\/p>\n<h2><strong><a href=\"https:\/\/youtu.be\/aaMrBGud4eg\" target=\"_blank\" rel=\"noopener\">Ver Video Acciones solidarias.<\/a><\/strong><\/h2>\n\n\t\t<style type=\"text\/css\">\n\t\t\t#gallery-1 {\n\t\t\t\tmargin: auto;\n\t\t\t}\n\t\t\t#gallery-1 .gallery-item {\n\t\t\t\tfloat: left;\n\t\t\t\tmargin-top: 10px;\n\t\t\t\ttext-align: center;\n\t\t\t\twidth: 100%;\n\t\t\t}\n\t\t\t#gallery-1 img {\n\t\t\t\tborder: 2px solid #cfcfcf;\n\t\t\t}\n\t\t\t#gallery-1 .gallery-caption {\n\t\t\t\tmargin-left: 0;\n\t\t\t}\n\t\t\t\/* see gallery_shortcode() in wp-includes\/media.php *\/\n\t\t<\/style>\n\t\t<div id='gallery-1' class='gallery galleryid-15846 gallery-columns-1 gallery-size-large'><dl class='gallery-item'>\n\t\t\t<dt class='gallery-icon landscape'>\n\t\t\t\t<a href='http:\/\/www.laprovidenciarecoleta.cl\/inicio\/wp-content\/uploads\/2025\/09\/Mes-de-la-providencia-ESJ-25-1-scaled.jpg'><img loading=\"lazy\" decoding=\"async\" width=\"1024\" height=\"576\" src=\"http:\/\/www.laprovidenciarecoleta.cl\/inicio\/wp-content\/uploads\/2025\/09\/Mes-de-la-providencia-ESJ-25-1-scaled-1024x576.jpg\" class=\"attachment-large size-large\" alt=\"\" srcset=\"http:\/\/www.laprovidenciarecoleta.cl\/inicio\/wp-content\/uploads\/2025\/09\/Mes-de-la-providencia-ESJ-25-1-scaled-1024x576.jpg 1024w, http:\/\/www.laprovidenciarecoleta.cl\/inicio\/wp-content\/uploads\/2025\/09\/Mes-de-la-providencia-ESJ-25-1-scaled-300x169.jpg 300w\" sizes=\"(max-width: 1024px) 100vw, 1024px\" \/><\/a>\n\t\t\t<\/dt><\/dl><br style=\"clear: both\" \/><dl class='gallery-item'>\n\t\t\t<dt class='gallery-icon landscape'>\n\t\t\t\t<a href='http:\/\/www.laprovidenciarecoleta.cl\/inicio\/wp-content\/uploads\/2025\/09\/Mes-de-la-providencia-ESJ-25-2-scaled.jpg'><img loading=\"lazy\" decoding=\"async\" width=\"1024\" height=\"576\" src=\"http:\/\/www.laprovidenciarecoleta.cl\/inicio\/wp-content\/uploads\/2025\/09\/Mes-de-la-providencia-ESJ-25-2-scaled-1024x576.jpg\" class=\"attachment-large size-large\" alt=\"\" srcset=\"http:\/\/www.laprovidenciarecoleta.cl\/inicio\/wp-content\/uploads\/2025\/09\/Mes-de-la-providencia-ESJ-25-2-scaled-1024x576.jpg 1024w, http:\/\/www.laprovidenciarecoleta.cl\/inicio\/wp-content\/uploads\/2025\/09\/Mes-de-la-providencia-ESJ-25-2-scaled-300x169.jpg 300w\" sizes=\"(max-width: 1024px) 100vw, 1024px\" \/><\/a>\n\t\t\t<\/dt><\/dl><br style=\"clear: both\" \/><dl class='gallery-item'>\n\t\t\t<dt class='gallery-icon landscape'>\n\t\t\t\t<a href='http:\/\/www.laprovidenciarecoleta.cl\/inicio\/wp-content\/uploads\/2025\/09\/Mes-de-la-providencia-ESJ-25-3-scaled.jpg'><img loading=\"lazy\" decoding=\"async\" width=\"1024\" height=\"576\" src=\"http:\/\/www.laprovidenciarecoleta.cl\/inicio\/wp-content\/uploads\/2025\/09\/Mes-de-la-providencia-ESJ-25-3-scaled-1024x576.jpg\" class=\"attachment-large size-large\" alt=\"\" srcset=\"http:\/\/www.laprovidenciarecoleta.cl\/inicio\/wp-content\/uploads\/2025\/09\/Mes-de-la-providencia-ESJ-25-3-scaled-1024x576.jpg 1024w, http:\/\/www.laprovidenciarecoleta.cl\/inicio\/wp-content\/uploads\/2025\/09\/Mes-de-la-providencia-ESJ-25-3-scaled-300x169.jpg 300w\" sizes=\"(max-width: 1024px) 100vw, 1024px\" \/><\/a>\n\t\t\t<\/dt><\/dl><br style=\"clear: both\" \/><dl class='gallery-item'>\n\t\t\t<dt class='gallery-icon landscape'>\n\t\t\t\t<a href='http:\/\/www.laprovidenciarecoleta.cl\/inicio\/wp-content\/uploads\/2025\/09\/Mes-de-la-providencia-ESJ-25-4.jpg'><img loading=\"lazy\" decoding=\"async\" width=\"1024\" height=\"576\" src=\"http:\/\/www.laprovidenciarecoleta.cl\/inicio\/wp-content\/uploads\/2025\/09\/Mes-de-la-providencia-ESJ-25-4-1024x576.jpg\" class=\"attachment-large size-large\" alt=\"\" srcset=\"http:\/\/www.laprovidenciarecoleta.cl\/inicio\/wp-content\/uploads\/2025\/09\/Mes-de-la-providencia-ESJ-25-4-1024x576.jpg 1024w, http:\/\/www.laprovidenciarecoleta.cl\/inicio\/wp-content\/uploads\/2025\/09\/Mes-de-la-providencia-ESJ-25-4-300x169.jpg 300w, http:\/\/www.laprovidenciarecoleta.cl\/inicio\/wp-content\/uploads\/2025\/09\/Mes-de-la-providencia-ESJ-25-4.jpg 1599w\" sizes=\"(max-width: 1024px) 100vw, 1024px\" \/><\/a>\n\t\t\t<\/dt><\/dl><br style=\"clear: both\" \/><dl class='gallery-item'>\n\t\t\t<dt class='gallery-icon landscape'>\n\t\t\t\t<a href='http:\/\/www.laprovidenciarecoleta.cl\/inicio\/wp-content\/uploads\/2025\/09\/Mes-de-la-providencia-ESJ-25-5-scaled.jpg'><img loading=\"lazy\" decoding=\"async\" width=\"1024\" height=\"576\" src=\"http:\/\/www.laprovidenciarecoleta.cl\/inicio\/wp-content\/uploads\/2025\/09\/Mes-de-la-providencia-ESJ-25-5-scaled-1024x576.jpg\" class=\"attachment-large size-large\" alt=\"\" srcset=\"http:\/\/www.laprovidenciarecoleta.cl\/inicio\/wp-content\/uploads\/2025\/09\/Mes-de-la-providencia-ESJ-25-5-scaled-1024x576.jpg 1024w, http:\/\/www.laprovidenciarecoleta.cl\/inicio\/wp-content\/uploads\/2025\/09\/Mes-de-la-providencia-ESJ-25-5-scaled-300x169.jpg 300w\" sizes=\"(max-width: 1024px) 100vw, 1024px\" \/><\/a>\n\t\t\t<\/dt><\/dl><br style=\"clear: both\" \/><dl class='gallery-item'>\n\t\t\t<dt class='gallery-icon landscape'>\n\t\t\t\t<a href='http:\/\/www.laprovidenciarecoleta.cl\/inicio\/wp-content\/uploads\/2025\/09\/Mes-de-la-providencia-ESJ-25-10-scaled.jpg'><img loading=\"lazy\" decoding=\"async\" width=\"1024\" height=\"576\" src=\"http:\/\/www.laprovidenciarecoleta.cl\/inicio\/wp-content\/uploads\/2025\/09\/Mes-de-la-providencia-ESJ-25-10-scaled-1024x576.jpg\" class=\"attachment-large size-large\" alt=\"\" srcset=\"http:\/\/www.laprovidenciarecoleta.cl\/inicio\/wp-content\/uploads\/2025\/09\/Mes-de-la-providencia-ESJ-25-10-scaled-1024x576.jpg 1024w, http:\/\/www.laprovidenciarecoleta.cl\/inicio\/wp-content\/uploads\/2025\/09\/Mes-de-la-providencia-ESJ-25-10-scaled-300x169.jpg 300w\" sizes=\"(max-width: 1024px) 100vw, 1024px\" \/><\/a>\n\t\t\t<\/dt><\/dl><br style=\"clear: both\" \/><dl class='gallery-item'>\n\t\t\t<dt class='gallery-icon landscape'>\n\t\t\t\t<a href='http:\/\/www.laprovidenciarecoleta.cl\/inicio\/wp-content\/uploads\/2025\/09\/Mes-de-la-providencia-ESJ-25-9-scaled.jpg'><img loading=\"lazy\" decoding=\"async\" width=\"1024\" height=\"576\" src=\"http:\/\/www.laprovidenciarecoleta.cl\/inicio\/wp-content\/uploads\/2025\/09\/Mes-de-la-providencia-ESJ-25-9-scaled-1024x576.jpg\" class=\"attachment-large size-large\" alt=\"\" srcset=\"http:\/\/www.laprovidenciarecoleta.cl\/inicio\/wp-content\/uploads\/2025\/09\/Mes-de-la-providencia-ESJ-25-9-scaled-1024x576.jpg 1024w, http:\/\/www.laprovidenciarecoleta.cl\/inicio\/wp-content\/uploads\/2025\/09\/Mes-de-la-providencia-ESJ-25-9-scaled-300x169.jpg 300w\" sizes=\"(max-width: 1024px) 100vw, 1024px\" \/><\/a>\n\t\t\t<\/dt><\/dl><br style=\"clear: both\" \/><dl class='gallery-item'>\n\t\t\t<dt class='gallery-icon landscape'>\n\t\t\t\t<a href='http:\/\/www.laprovidenciarecoleta.cl\/inicio\/wp-content\/uploads\/2025\/09\/Mes-de-la-providencia-ESJ-25-8-scaled.jpg'><img loading=\"lazy\" decoding=\"async\" width=\"1024\" height=\"576\" src=\"http:\/\/www.laprovidenciarecoleta.cl\/inicio\/wp-content\/uploads\/2025\/09\/Mes-de-la-providencia-ESJ-25-8-scaled-1024x576.jpg\" class=\"attachment-large size-large\" alt=\"\" srcset=\"http:\/\/www.laprovidenciarecoleta.cl\/inicio\/wp-content\/uploads\/2025\/09\/Mes-de-la-providencia-ESJ-25-8-scaled-1024x576.jpg 1024w, http:\/\/www.laprovidenciarecoleta.cl\/inicio\/wp-content\/uploads\/2025\/09\/Mes-de-la-providencia-ESJ-25-8-scaled-300x169.jpg 300w\" sizes=\"(max-width: 1024px) 100vw, 1024px\" \/><\/a>\n\t\t\t<\/dt><\/dl><br style=\"clear: both\" \/><dl class='gallery-item'>\n\t\t\t<dt class='gallery-icon landscape'>\n\t\t\t\t<a href='http:\/\/www.laprovidenciarecoleta.cl\/inicio\/wp-content\/uploads\/2025\/09\/Mes-de-la-providencia-ESJ-25-7-scaled.jpg'><img loading=\"lazy\" decoding=\"async\" width=\"1024\" height=\"576\" src=\"http:\/\/www.laprovidenciarecoleta.cl\/inicio\/wp-content\/uploads\/2025\/09\/Mes-de-la-providencia-ESJ-25-7-scaled-1024x576.jpg\" class=\"attachment-large size-large\" alt=\"\" srcset=\"http:\/\/www.laprovidenciarecoleta.cl\/inicio\/wp-content\/uploads\/2025\/09\/Mes-de-la-providencia-ESJ-25-7-scaled-1024x576.jpg 1024w, http:\/\/www.laprovidenciarecoleta.cl\/inicio\/wp-content\/uploads\/2025\/09\/Mes-de-la-providencia-ESJ-25-7-scaled-300x169.jpg 300w, http:\/\/www.laprovidenciarecoleta.cl\/inicio\/wp-content\/uploads\/2025\/09\/Mes-de-la-providencia-ESJ-25-7-scaled-150x84.jpg 150w\" sizes=\"(max-width: 1024px) 100vw, 1024px\" \/><\/a>\n\t\t\t<\/dt><\/dl><br style=\"clear: both\" \/><dl class='gallery-item'>\n\t\t\t<dt class='gallery-icon landscape'>\n\t\t\t\t<a href='http:\/\/www.laprovidenciarecoleta.cl\/inicio\/wp-content\/uploads\/2025\/09\/Mes-de-la-providencia-ESJ-25-6-scaled.jpg'><img loading=\"lazy\" decoding=\"async\" width=\"1024\" height=\"576\" src=\"http:\/\/www.laprovidenciarecoleta.cl\/inicio\/wp-content\/uploads\/2025\/09\/Mes-de-la-providencia-ESJ-25-6-scaled-1024x576.jpg\" class=\"attachment-large size-large\" alt=\"\" srcset=\"http:\/\/www.laprovidenciarecoleta.cl\/inicio\/wp-content\/uploads\/2025\/09\/Mes-de-la-providencia-ESJ-25-6-scaled-1024x576.jpg 1024w, http:\/\/www.laprovidenciarecoleta.cl\/inicio\/wp-content\/uploads\/2025\/09\/Mes-de-la-providencia-ESJ-25-6-scaled-300x169.jpg 300w\" sizes=\"(max-width: 1024px) 100vw, 1024px\" \/><\/a>\n\t\t\t<\/dt><\/dl><br style=\"clear: both\" \/>\n\t\t<\/div>\n\n","protected":false},"excerpt":{"rendered":"<p>Agosto fue un mes de reflexi\u00f3n, celebraci\u00f3n y solidaridad en nuestra escuela, marcado por las actividades del Mes de la Providencia, cuyo lema fue &#8220;Anim\u00e9monos en el camino del bien&#8221;. El objetivo de las actividades planificadas fue Celebrar en comunidad el Mes de la Providencia, destacando la vida y obra de Madre Bernarda Morin, a trav\u00e9s de acciones que promueven&nbsp;<a href=\"http:\/\/www.laprovidenciarecoleta.cl\/inicio\/mes-de-la-providencia-2025-un-mes-de-reflexion-y-comunidad\/\">&hellip;<\/a><\/p>\n","protected":false},"author":6,"featured_media":15855,"comment_status":"closed","ping_status":"closed","sticky":false,"template":"","format":"video","meta":{"footnotes":""},"categories":[16],"tags":[],"_links":{"self":[{"href":"http:\/\/www.laprovidenciarecoleta.cl\/inicio\/wp-json\/wp\/v2\/posts\/15846"}],"collection":[{"href":"http:\/\/www.laprovidenciarecoleta.cl\/inicio\/wp-json\/wp\/v2\/posts"}],"about":[{"href":"http:\/\/www.laprovidenciarecoleta.cl\/inicio\/wp-json\/wp\/v2\/types\/post"}],"author":[{"embeddable":true,"href":"http:\/\/www.laprovidenciarecoleta.cl\/inicio\/wp-json\/wp\/v2\/users\/6"}],"replies":[{"embeddable":true,"href":"http:\/\/www.laprovidenciarecoleta.cl\/inicio\/wp-json\/wp\/v2\/comments?post=15846"}],"version-history":[{"count":5,"href":"http:\/\/www.laprovidenciarecoleta.cl\/inicio\/wp-json\/wp\/v2\/posts\/15846\/revisions"}],"predecessor-version":[{"id":15861,"href":"http:\/\/www.laprovidenciarecoleta.cl\/inicio\/wp-json\/wp\/v2\/posts\/15846\/revisions\/15861"}],"wp:featuredmedia":[{"embeddable":true,"href":"http:\/\/www.laprovidenciarecoleta.cl\/inicio\/wp-json\/wp\/v2\/media\/15855"}],"wp:attachment":[{"href":"http:\/\/www.laprovidenciarecoleta.cl\/inicio\/wp-json\/wp\/v2\/media?parent=15846"}],"wp:term":[{"taxonomy":"category","embeddable":true,"href":"http:\/\/www.laprovidenciarecoleta.cl\/inicio\/wp-json\/wp\/v2\/categories?post=15846"},{"taxonomy":"post_tag","embeddable":true,"href":"http:\/\/www.laprovidenciarecoleta.cl\/inicio\/wp-json\/wp\/v2\/tags?post=15846"}],"curies":[{"name":"wp","href":"https:\/\/api.w.org\/{rel}","templated":true}]}}